{"id":10747,"date":"2019-08-13T17:06:24","date_gmt":"2019-08-13T17:06:24","guid":{"rendered":"https:\/\/redsemlac.com\/semmexico\/?p=10747"},"modified":"2023-07-21T14:52:31","modified_gmt":"2023-07-21T19:52:31","slug":"rosario-robles","status":"publish","type":"post","link":"https:\/\/redsemlac.com\/semmexico\/rosario-robles\/","title":{"rendered":"Rosario Robles es vinculada a proceso, estar\u00e1 en Santa Martha Acatitla"},"content":{"rendered":"\n<p class=\"wp-block-paragraph\"> <strong>El juez de control&nbsp;Felipe de Jes\u00fas Delgadillo&nbsp;Padierna dict\u00f3 prisi\u00f3n preventiva justificada en contra de Rosario Robles, luego de determinar que la ex funcionaria federal fuera sujeta a proceso por el agravio al erario <\/strong>.<\/p>\n\n\n\n<p class=\"wp-block-paragraph\"><strong>Redacci\u00f3n\/Imagen CUARTOOSCURO<\/strong><\/p>\n\n\n\n<p class=\"wp-block-paragraph\"><strong>SemM\u00e9xico\/Naci\u00f3n 321. Ciudad de M\u00e9xico. 13 de agosto 2019.- Rosario Robles Berlanga,<\/strong> ex secretaria de Desarrollo Social y de Desarrollo Agrario, Territorial y Urbano en el sexenio de <strong>Enrique Pe\u00f1a Nieto,<\/strong>&nbsp;fue vinculada a proceso este martes por ejercicio indebido del servicio p\u00fablico y ser\u00e1 internada en el Centro Femenil de Reinserci\u00f3n Social&nbsp;<strong>Santa Martha Acatitla<\/strong>&nbsp;en las pr\u00f3ximas horas, inform\u00f3&nbsp;<em>El Universal.<\/em><\/p>\n\n\n\n<p class=\"wp-block-paragraph\">El juez de control&nbsp;<strong>Felipe de Jes\u00fas Delgadillo&nbsp;Padierna<\/strong> dict\u00f3 prisi\u00f3n preventiva justificada en contra de Rosario Robles, luego de determinar que la ex funcionaria federal fuera sujeta a proceso por el agravio al erario que provocaron sus acciones, agreg\u00f3 Radio F\u00f3rmula.<\/p>\n\n\n\n<p class=\"wp-block-paragraph\">Robles Berlanga estar\u00e1 presa en el penal de&nbsp;<strong>Santa Martha Acatitla&nbsp;<\/strong>durante los dos meses que durar\u00e1 la investigaci\u00f3n complementaria.<\/p>\n\n\n\n<p class=\"wp-block-paragraph\">\u00abEl juez consider\u00f3 que la Fiscal\u00eda General de la Rep\u00fablica aport\u00f3 los datos de prueba necesarios para vincular a proceso a la exfuncionaria por su omisi\u00f3n al informar de las irregularidades detectadas\u00bb cuando estuvo al frente de la Sedatu, <strong>inform\u00f3 Radio F\u00f3rmula.<\/strong><\/p>\n\n\n\n<p class=\"wp-block-paragraph\">Rosario Robles, al borde del llanto,&nbsp;<a href=\"https:\/\/elfinanciero.com.mx\/nacional\/juez-dicta-prision-preventiva-a-rosario-robles\" target=\"_blank\" rel=\"noreferrer noopener\"><strong>pidi\u00f3 al juez que tomara en cuenta su disposici\u00f3n de comparecer<\/strong><\/a>&nbsp;a la audiencia de vinculaci\u00f3n del proceso que se celebr\u00f3 el jueves y el lunes.<\/p>\n\n\n\n<p class=\"wp-block-paragraph\">Anteriormente, el&nbsp;<strong>Ministerio P\u00fablico<\/strong>&nbsp;argument\u00f3 ante el juez que s\u00ed exist\u00eda riesgo de que Robles se diera a la fuga, entre otras cosas, porque la exfuncionaria podr\u00eda alcanzar una pena de hasta 23 a\u00f1os de prisi\u00f3n y reparaci\u00f3n del da\u00f1o hasta por 5 mil millones de pesos, monto del quebranto que se le atribuye.<\/p>\n\n\n\n<p class=\"wp-block-paragraph\">\u00abEso no solo compromete su patrimonio personal, sino el de su tercera, cuarta, y hasta quinta generaci\u00f3n. No hay posibilidad de que los pueda pagar\u00bb, puntualiz\u00f3.<\/p>\n\n\n\n<p class=\"wp-block-paragraph\">El 29 de julio la Fiscal\u00eda General de la Rep\u00fablica (FGR)&nbsp;<strong>solicit\u00f3 la vinculaci\u00f3n a proceso<\/strong>&nbsp;de la exfuncionaria federal por el uso indebido de recursos, dado a conocer en la investigaci\u00f3n period\u00edstica denominada&nbsp;<em>La Estafa Maestra<\/em>.<\/p>\n\n\n\n<h6 class=\"wp-block-heading\">ROBLES: PE\u00d1A SAB\u00cdA SOBRE PRESUNTAS IRREGULARIDADES<\/h6>\n\n\n\n<p class=\"wp-block-paragraph\">Rosario Robles asegur\u00f3 que s\u00ed inform\u00f3 al expresidente Enrique Pe\u00f1a Nieto, durante giras, reuniones e incluso por el \u201ctel\u00e9fono rojo\u201d de las presuntas irregularidades en el ejercicio de los recursos seg\u00fan las notificaba la Auditor\u00eda Superior de la Federaci\u00f3n (ASF).<\/p>\n\n\n\n<p class=\"wp-block-paragraph\">En una entrevista que le realizaron sus abogados el 10 de agosto y que fue exhibida como prueba de descargo este lunes, Robles se\u00f1al\u00f3 tambi\u00e9n que otro de los enterados de estas anomal\u00edas fue&nbsp;<strong>Jos\u00e9 Antonio Meade<\/strong>, quien la sucedi\u00f3 al frente de la Sedesol en agosto de 2015. Dicha notificaci\u00f3n se hizo durante el acto de entrega recepci\u00f3n de la secretar\u00eda.<\/p>\n\n\n\n<p class=\"wp-block-paragraph\">En voz del abogado Oscar Rogelio Ram\u00edrez Santiago se advirti\u00f3 tambi\u00e9n de una serie de oficios que gir\u00f3 Robles Berlanga para solventar los pliegos de observaciones que hac\u00eda la Auditor\u00eda.<\/p>\n\n\n\n<p class=\"wp-block-paragraph\">SEM\/Naci\u00f3n<\/p>\n","protected":false},"excerpt":{"rendered":"<p>El juez de control Felipe de Jes\u00fas Delgadillo Padierna dict\u00f3 prisi\u00f3n preventiva justificada en contra de Rosario Robles, luego de determinar que la exfuncionaria federal fuera sujeta a proceso por el agravio al erario<\/p>\n","protected":false},"author":3,"featured_media":10748,"comment_status":"open","ping_status":"open","sticky":false,"template":"","format":"standard","meta":{"_monsterinsights_skip_tracking":false,"footnotes":""},"categories":[690,56],"tags":[],"class_list":["post-10747","post","type-post","status-publish","format-standard","has-post-thumbnail","category-690","category-redes"],"_links":{"self":[{"href":"https:\/\/redsemlac.com\/semmexico\/wp-json\/wp\/v2\/posts\/10747","targetHints":{"allow":["GET"]}}],"collection":[{"href":"https:\/\/redsemlac.com\/semmexico\/wp-json\/wp\/v2\/posts"}],"about":[{"href":"https:\/\/redsemlac.com\/semmexico\/wp-json\/wp\/v2\/types\/post"}],"author":[{"embeddable":true,"href":"https:\/\/redsemlac.com\/semmexico\/wp-json\/wp\/v2\/users\/3"}],"replies":[{"embeddable":true,"href":"https:\/\/redsemlac.com\/semmexico\/wp-json\/wp\/v2\/comments?post=10747"}],"version-history":[{"count":0,"href":"https:\/\/redsemlac.com\/semmexico\/wp-json\/wp\/v2\/posts\/10747\/revisions"}],"wp:featuredmedia":[{"embeddable":true,"href":"https:\/\/redsemlac.com\/semmexico\/wp-json\/wp\/v2\/media\/10748"}],"wp:attachment":[{"href":"https:\/\/redsemlac.com\/semmexico\/wp-json\/wp\/v2\/media?parent=10747"}],"wp:term":[{"taxonomy":"category","embeddable":true,"href":"https:\/\/redsemlac.com\/semmexico\/wp-json\/wp\/v2\/categories?post=10747"},{"taxonomy":"post_tag","embeddable":true,"href":"https:\/\/redsemlac.com\/semmexico\/wp-json\/wp\/v2\/tags?post=10747"}],"curies":[{"name":"wp","href":"https:\/\/api.w.org\/{rel}","templated":true}]}}