{"id":10738,"date":"2019-08-13T00:29:30","date_gmt":"2019-08-13T00:29:30","guid":{"rendered":"https:\/\/redsemlac.com\/semmexico\/?p=10738"},"modified":"2023-07-21T14:52:31","modified_gmt":"2023-07-21T19:52:31","slug":"cdmx-2","status":"publish","type":"post","link":"https:\/\/redsemlac.com\/semmexico\/cdmx-2\/","title":{"rendered":"Exigen se reconozca gravedad sobre desaparici\u00f3n de mujeres en CDMX"},"content":{"rendered":"\n<p class=\"wp-block-paragraph\"><strong>* Se\u00f1alan\nfamiliares y colectivos que los casos deben ser atendidos con diligencia<\/strong><\/p>\n\n\n\n<p class=\"wp-block-paragraph\"><strong>* Env\u00edan carta\np\u00fablica al gobierno y Procuradur\u00eda<\/strong><\/p>\n\n\n\n<p class=\"wp-block-paragraph\"><strong>Redacci\u00f3n<\/strong><\/p>\n\n\n\n<p class=\"wp-block-paragraph\">SemM\u00e9xico, Cd. de M\u00e9xico, 12 agosto 2019.-\nFamiliares y organizaciones pro derechos de las mujeres exigen a las autoridades\ndel gobierno de la CDMX y de la Procuradur\u00eda General de Justicia de la CDMX, para\nque de una vez por todas atiendan con la diligencia que se merecen, todos y\ncada uno de los casos de mujeres, ni\u00f1as y adolescentes desaparecidas en esta\nciudad.<\/p>\n\n\n\n<p class=\"wp-block-paragraph\">En una carta p\u00fablica se\u00f1alan su\npreocupaci\u00f3n por las desaparecidas, pero tambi\u00e9n por la forma en que se\nrealizan las investigaciones y piden se atiendan los contextos con los que una\ny otra vez se repiten las desapariciones, adem\u00e1s que se investigue con\nperspectiva de g\u00e9nero, de edad y la existencia de delitos conexos a las\ndesapariciones (trata de personas, tr\u00e1fico de \u00f3rganos, corrupci\u00f3n de menores,\nviolencia de g\u00e9nero, etc.).<\/p>\n\n\n\n<p class=\"wp-block-paragraph\">Se\u00f1alan que es, a\u00fan m\u00e1s importante, que \u201cse\nrealicen b\u00fasquedas f\u00edsicas y de campo que lleven a la localizaci\u00f3n de quienes\nse encuentran desaparecidas, todo ello conforme a la Ley General en la materia\ny al protocolo homologado. As\u00ed tambi\u00e9n exigimos la operatividad urgente de la\nreciente Comisi\u00f3n Local de B\u00fasqueda de Personas\u201d.<\/p>\n\n\n\n<p class=\"wp-block-paragraph\">Consideran necesario que la atenci\u00f3n\ndebiera empezar por un reconocimiento p\u00fablico por parte de las autoridades\nsobre su existencia y la obligaci\u00f3n de informar los nombres de todas y cada de\nlas desaparecidas, ya que minimizar o negar el hecho para proteger su imagen\np\u00fablica, solo trae como consecuencia la impunidad y la continuidad.<\/p>\n\n\n\n<p class=\"wp-block-paragraph\">Entre los firmantes se encuentran la Coordinaci\u00f3n\nde Familiares de Estudiantes V\u00edctimas de la Violencia; Socorro Dami\u00e1n Escobar,\nabogada feminista y activista social; Rita Canto, profesora investigadora de la\nUAM; Samanta Zaragoza Luna, profesora UACM; la Coordinaci\u00f3n Metropolitana\nAnticapitalista y Antipatriarcal con el CIG; V\u00edctor Rogelio Caballero Sierra,\nColectivo Aequus; Promoci\u00f3n y Defensa de Derechos Humanos.<\/p>\n\n\n\n<p class=\"wp-block-paragraph\">SEM\/sj<\/p>\n","protected":false},"excerpt":{"rendered":"<p>Se\u00f1alan familiares y colectivos que los casos deben ser atendidos con diligencia<\/p>\n","protected":false},"author":3,"featured_media":10739,"comment_status":"open","ping_status":"open","sticky":false,"template":"","format":"standard","meta":{"_monsterinsights_skip_tracking":false,"footnotes":""},"categories":[690,54],"tags":[],"class_list":["post-10738","post","type-post","status-publish","format-standard","has-post-thumbnail","category-690","category-mujeres"],"_links":{"self":[{"href":"https:\/\/redsemlac.com\/semmexico\/wp-json\/wp\/v2\/posts\/10738","targetHints":{"allow":["GET"]}}],"collection":[{"href":"https:\/\/redsemlac.com\/semmexico\/wp-json\/wp\/v2\/posts"}],"about":[{"href":"https:\/\/redsemlac.com\/semmexico\/wp-json\/wp\/v2\/types\/post"}],"author":[{"embeddable":true,"href":"https:\/\/redsemlac.com\/semmexico\/wp-json\/wp\/v2\/users\/3"}],"replies":[{"embeddable":true,"href":"https:\/\/redsemlac.com\/semmexico\/wp-json\/wp\/v2\/comments?post=10738"}],"version-history":[{"count":0,"href":"https:\/\/redsemlac.com\/semmexico\/wp-json\/wp\/v2\/posts\/10738\/revisions"}],"wp:featuredmedia":[{"embeddable":true,"href":"https:\/\/redsemlac.com\/semmexico\/wp-json\/wp\/v2\/media\/10739"}],"wp:attachment":[{"href":"https:\/\/redsemlac.com\/semmexico\/wp-json\/wp\/v2\/media?parent=10738"}],"wp:term":[{"taxonomy":"category","embeddable":true,"href":"https:\/\/redsemlac.com\/semmexico\/wp-json\/wp\/v2\/categories?post=10738"},{"taxonomy":"post_tag","embeddable":true,"href":"https:\/\/redsemlac.com\/semmexico\/wp-json\/wp\/v2\/tags?post=10738"}],"curies":[{"name":"wp","href":"https:\/\/api.w.org\/{rel}","templated":true}]}}