{"id":10710,"date":"2019-08-12T18:09:05","date_gmt":"2019-08-12T18:09:05","guid":{"rendered":"https:\/\/redsemlac.com\/semmexico\/?p=10710"},"modified":"2023-07-21T14:52:32","modified_gmt":"2023-07-21T19:52:32","slug":"scjn-ante-posibilidad-de-terminar-con-disposiciones-estigmatizantes","status":"publish","type":"post","link":"https:\/\/redsemlac.com\/semmexico\/scjn-ante-posibilidad-de-terminar-con-disposiciones-estigmatizantes\/","title":{"rendered":"SCJN ante posibilidad de terminar con disposiciones estigmatizantes"},"content":{"rendered":"\n<p class=\"wp-block-paragraph\"><strong>* Llaman Cl\u00ednica de Acci\u00f3n Legal del\nPUDH UNAM y el IMUMI a terminar con revisiones de agentes migratorios <\/strong><\/p>\n\n\n\n<p class=\"wp-block-paragraph\"><strong>* Disposiciones legales arbitrarias\nque vulneran DDHH de poblaci\u00f3n mexicana<\/strong><\/p>\n\n\n\n<p class=\"wp-block-paragraph\"><strong>Redacci\u00f3n<\/strong><\/p>\n\n\n\n<p class=\"wp-block-paragraph\">SemM\u00e9xico,\nCd. de M\u00e9xico, 12 agosto 2019.- Un llamado a la Suprema Corte de Justicia de la\nNaci\u00f3n (SCJN) para que ponga fin a las revisiones migratorias arbitrarias que\nvulneran los derechos humanos hacen la Cl\u00ednica de Acci\u00f3n Legal del Programa\nUniversitario de Derechos Humanos de la UNAM y el Instituto para las Mujeres en\nla Migraci\u00f3n, AC (IMUMI) hacen <\/p>\n\n\n\n<p class=\"wp-block-paragraph\">El\npr\u00f3ximo mi\u00e9rcoles 14 de agosto, la SCJN tendr\u00e1 la oportunidad de sentar un\nprecedente muy importante sobre la discriminaci\u00f3n a la poblaci\u00f3n mexicana, por\nparte de agentes migratorios durante las revisiones migratorias en carretera\nque s\u00f3lo se pueden realizar a extranjeros, al discutir los art\u00edculos 16,\nfracci\u00f3n II, 17, 20, fracci\u00f3n VII, 97, primer p\u00e1rrafo, 98 y 99 de la Ley de\nMigraci\u00f3n.<\/p>\n\n\n\n<p class=\"wp-block-paragraph\">Durante\nla discusi\u00f3n de las y los ministros de la SCJN, las preguntas centrales ser\u00e1n,\nde acuerdo con la Ley de Migraci\u00f3n, \u00bfc\u00f3mo sabe un agente migratorio, con s\u00f3lo\nmirar, que una persona es mexicana o extranjera, y en consecuencia revisarla? y\nen un pa\u00eds tan diverso, \u00bfcu\u00e1l es el concepto de persona mexicana para los\nagentes de migraci\u00f3n? <\/p>\n\n\n\n<p class=\"wp-block-paragraph\">Hoy\nen d\u00eda, la respuesta es arbitraria y queda a criterio de las autoridades. Esto\nsignifica que si un agente del Instituto Nacional de Migraci\u00f3n (INM) detiene un\nautob\u00fas o un veh\u00edculo y piensa que una persona a bordo \u201cno se ve como\nmexicana\u201d, esa persona puede ser deportada del pa\u00eds. <\/p>\n\n\n\n<p class=\"wp-block-paragraph\">Esto\nda pie a detenciones arbitrarias de personas mexicanas. Por ejemplo, en\nseptiembre de 2015, en Quer\u00e9taro, agentes migratorios detuvieron a un grupo de\nind\u00edgenas tzeltales de Chiapas, dos mujeres -una de ellas menor de edad- y un\nhombre, por \u201cno parecer mexicanas\u201d. Ninguna hablaba espa\u00f1ol. Tras su detenci\u00f3n\nfueron llevadas a una estaci\u00f3n migratoria. Durante varios d\u00edas fueron sometidas\na tratos crueles, inhumanos y degradantes, con el fin de que admitieran ser de\nGuatemala.<\/p>\n\n\n\n<p class=\"wp-block-paragraph\">La\nCl\u00ednica de Acci\u00f3n Legal del PUDH de la UNAM y el IMUMI han litigado este caso\ndesde 2015. Cuatro a\u00f1os despu\u00e9s, la SCJN estudia el amparo en revisi\u00f3n\n275\/2019, en el que se reclam\u00f3 la inconstitucionalidad de diversas\ndisposiciones de la Ley de Migraci\u00f3n que facultan al INM a realizar revisiones\nmigratorias en puntos distintos a los oficiales de entrada internacional,\npermitiendo la detenci\u00f3n y deportaci\u00f3n de personas mexicanas \u201cque parecen\nextranjeras\u201d.<\/p>\n\n\n\n<p class=\"wp-block-paragraph\">El\nefecto estigmatizante y discriminatorio de estas disposiciones legales afectan\na todas las personas que transitan por el pa\u00eds, incluidas las mexicanas, a\u00fan si\nla Constituci\u00f3n se\u00f1ala que las y los mexicanos no est\u00e1n obligados a portar una\nidentificaci\u00f3n para transitar libremente por su propio pa\u00eds.<\/p>\n\n\n\n<p class=\"wp-block-paragraph\">De\naprobarse el proyecto, se reparar\u00eda el da\u00f1o hecho a las v\u00edctimas de este caso y\nser\u00eda el primer paso para la no repetici\u00f3n, ya que sin importar que una persona\ncompruebe o no su nacionalidad mexicana, si para los agentes migratorios esos\ndocumentos no son v\u00e1lidos o piensan que la persona \u201cparece extranjera\u201d, se\niniciar\u00e1 un proceso para deportarla. <\/p>\n\n\n\n<p class=\"wp-block-paragraph\">Como\nantecedentes, en diciembre de 2015, la Comisi\u00f3n Nacional de los Derechos\nHumanos (CNDH) emiti\u00f3 la Recomendaci\u00f3n 58\/2015 en el que se\u00f1ala la\ndiscriminaci\u00f3n por agentes del INM a 15 personas mexicanas al confundirles con\nextranjeras. En todos los casos, aunque sucedieron en diferente tiempo, lugar y\ntodas mostraron documentos de identidad mexicana, se les discrimino por su\napariencia. En mayo del 2016, la CNDH emite la Recomendaci\u00f3n 22\/2016 con 4\ncasos m\u00e1s.<\/p>\n","protected":false},"excerpt":{"rendered":"<p>Llaman Cl\u00ednica de Acci\u00f3n Legal del PUDH UNAM y el IMUMI a terminar con revisiones de agentes migratorios <\/p>\n","protected":false},"author":3,"featured_media":10711,"comment_status":"open","ping_status":"open","sticky":false,"template":"","format":"standard","meta":{"_monsterinsights_skip_tracking":false,"footnotes":""},"categories":[690,51],"tags":[],"class_list":["post-10710","post","type-post","status-publish","format-standard","has-post-thumbnail","category-690","category-ejecutivo"],"_links":{"self":[{"href":"https:\/\/redsemlac.com\/semmexico\/wp-json\/wp\/v2\/posts\/10710","targetHints":{"allow":["GET"]}}],"collection":[{"href":"https:\/\/redsemlac.com\/semmexico\/wp-json\/wp\/v2\/posts"}],"about":[{"href":"https:\/\/redsemlac.com\/semmexico\/wp-json\/wp\/v2\/types\/post"}],"author":[{"embeddable":true,"href":"https:\/\/redsemlac.com\/semmexico\/wp-json\/wp\/v2\/users\/3"}],"replies":[{"embeddable":true,"href":"https:\/\/redsemlac.com\/semmexico\/wp-json\/wp\/v2\/comments?post=10710"}],"version-history":[{"count":0,"href":"https:\/\/redsemlac.com\/semmexico\/wp-json\/wp\/v2\/posts\/10710\/revisions"}],"wp:featuredmedia":[{"embeddable":true,"href":"https:\/\/redsemlac.com\/semmexico\/wp-json\/wp\/v2\/media\/10711"}],"wp:attachment":[{"href":"https:\/\/redsemlac.com\/semmexico\/wp-json\/wp\/v2\/media?parent=10710"}],"wp:term":[{"taxonomy":"category","embeddable":true,"href":"https:\/\/redsemlac.com\/semmexico\/wp-json\/wp\/v2\/categories?post=10710"},{"taxonomy":"post_tag","embeddable":true,"href":"https:\/\/redsemlac.com\/semmexico\/wp-json\/wp\/v2\/tags?post=10710"}],"curies":[{"name":"wp","href":"https:\/\/api.w.org\/{rel}","templated":true}]}}