{"id":10678,"date":"2019-08-11T18:42:31","date_gmt":"2019-08-11T18:42:31","guid":{"rendered":"https:\/\/redsemlac.com\/semmexico\/?p=10678"},"modified":"2023-07-21T14:52:33","modified_gmt":"2023-07-21T19:52:33","slug":"diego-n-de-los-porkys-5-anos-de-prision-y-una-multa-de-70-pesos","status":"publish","type":"post","link":"https:\/\/redsemlac.com\/semmexico\/diego-n-de-los-porkys-5-anos-de-prision-y-una-multa-de-70-pesos\/","title":{"rendered":"Diego N, de los Porkys, 5 a\u00f1os de prisi\u00f3n y una multa de 70 pesos"},"content":{"rendered":"\n<p class=\"wp-block-paragraph\"><strong>* A punto de salir\nlibre condicionalmente.<\/strong><\/p>\n\n\n\n<p class=\"wp-block-paragraph\"><strong>Redacci\u00f3n<\/strong><\/p>\n\n\n\n<p class=\"wp-block-paragraph\">SemM\u00e9xico\/Billie Parker Noticias. Veracruz, Ver. &nbsp;11 agosto 2019.- El juez no consider\u00f3 la\nagravante del delito presuntamente cometido por Diego \u201cN\u201d, es decir pederastia\nagravada por lo que fue sentenciado a s\u00f3lo 5 a\u00f1os de prisi\u00f3n, una multa de un\nd\u00eda de salario es decir 70 pesos con 10 centavos, y podr\u00eda solicitar seguir su\nproceso en libertad.<\/p>\n\n\n\n<p class=\"wp-block-paragraph\">En un comunicado de prensa de la Fiscal\u00eda General del Estado\nde Veracruz, el juez no consider\u00f3 la agravante del delito cometido por el\njoven, de pederastia agravada, por lo que adem\u00e1s tiene derecho a la Suspensi\u00f3n\nCondicional por la cantidad de 15 mil pesos.<\/p>\n\n\n\n<p class=\"wp-block-paragraph\">La Fiscal\u00eda de Veracruz y la defensa de la joven agraviada,\nDafne \u201cN\u201d interpusieron un recurso de apelaci\u00f3n ante el Tribunal de Justicia\ndel estado de Veracruz.<\/p>\n\n\n\n<p class=\"wp-block-paragraph\">&nbsp;\u201cNo resulta acorde\ncon lo solicitado por la Fiscal\u00eda en su pliego de conclusiones, se interpuso el\nRecurso de Apelaci\u00f3n tanto por la Fiscal\u00eda como por el representante de la\nadolescente agraviada de identidad reservada, as\u00ed como por el sentenciado,\nquedando radicada la apelaci\u00f3n en el Tribunal Superior de Justicia del Estado,\nen la sala correspondiente\u201d, expone el comunicado de la Fiscal\u00eda Veracruzana.<\/p>\n\n\n\n<p class=\"wp-block-paragraph\">El caso ocurri\u00f3 en 2015 cuando un grupo de cuatro j\u00f3venes de\nla alta sociedad veracruzana \u2013Diego \u201cN\u201d, Enrique \u201cN\u201d, Jorge \u201cN\u201d y Gerardo \u201cN\u201d, abusaron\nsexualmente de la joven Dafne \u201cN\u201d, el caso fue dado a conocer en marzo del 2016\nen una carta en donde ella narraba lo ocurrido y posteriormente salieron a la\nluz videos de ellos confesando lo sucedido.<\/p>\n\n\n\n<p class=\"wp-block-paragraph\">Se gir\u00f3 orden de aprehensi\u00f3n contra los tres primeros. Jorge\n\u201cN\u201d permanece pr\u00f3fugo de la justicia, Diego \u201cN\u201d Y Enrique \u201cN\u201d est\u00e1n detenidos y\na Gerardo \u201cN\u201d no se le hall\u00f3 responsabilidad penal.<\/p>\n","protected":false},"excerpt":{"rendered":"<p>A punto de salir libre condicionalmente.<\/p>\n","protected":false},"author":3,"featured_media":10679,"comment_status":"open","ping_status":"open","sticky":false,"template":"","format":"standard","meta":{"_monsterinsights_skip_tracking":false,"footnotes":""},"categories":[690,52],"tags":[],"class_list":["post-10678","post","type-post","status-publish","format-standard","has-post-thumbnail","category-690","category-hombres"],"_links":{"self":[{"href":"https:\/\/redsemlac.com\/semmexico\/wp-json\/wp\/v2\/posts\/10678","targetHints":{"allow":["GET"]}}],"collection":[{"href":"https:\/\/redsemlac.com\/semmexico\/wp-json\/wp\/v2\/posts"}],"about":[{"href":"https:\/\/redsemlac.com\/semmexico\/wp-json\/wp\/v2\/types\/post"}],"author":[{"embeddable":true,"href":"https:\/\/redsemlac.com\/semmexico\/wp-json\/wp\/v2\/users\/3"}],"replies":[{"embeddable":true,"href":"https:\/\/redsemlac.com\/semmexico\/wp-json\/wp\/v2\/comments?post=10678"}],"version-history":[{"count":0,"href":"https:\/\/redsemlac.com\/semmexico\/wp-json\/wp\/v2\/posts\/10678\/revisions"}],"wp:featuredmedia":[{"embeddable":true,"href":"https:\/\/redsemlac.com\/semmexico\/wp-json\/wp\/v2\/media\/10679"}],"wp:attachment":[{"href":"https:\/\/redsemlac.com\/semmexico\/wp-json\/wp\/v2\/media?parent=10678"}],"wp:term":[{"taxonomy":"category","embeddable":true,"href":"https:\/\/redsemlac.com\/semmexico\/wp-json\/wp\/v2\/categories?post=10678"},{"taxonomy":"post_tag","embeddable":true,"href":"https:\/\/redsemlac.com\/semmexico\/wp-json\/wp\/v2\/tags?post=10678"}],"curies":[{"name":"wp","href":"https:\/\/api.w.org\/{rel}","templated":true}]}}