{"id":106688,"date":"2026-06-26T18:06:23","date_gmt":"2026-06-27T00:06:23","guid":{"rendered":"https:\/\/redsemlac.com\/semmexico\/?p=106688"},"modified":"2026-06-26T18:06:24","modified_gmt":"2026-06-27T00:06:24","slug":"cladem-reafirma-su-compromiso-con-la-democracia-paritaria","status":"publish","type":"post","link":"https:\/\/redsemlac.com\/semmexico\/cladem-reafirma-su-compromiso-con-la-democracia-paritaria\/","title":{"rendered":"CLADEM reafirma su compromiso con la democracia paritaria"},"content":{"rendered":"\n<ul class=\"wp-block-list\">\n<li>Participa en el 56 periodo ordinario de sesiones de la OEA<\/li>\n\n\n\n<li>Tambi\u00e9n ratifica su compromiso con una vida libre de violencias para las mujeres en las Am\u00e9ricas<\/li>\n<\/ul>\n\n\n\n<p class=\"wp-block-paragraph\">Redacci\u00f3n<\/p>\n\n\n\n<p class=\"wp-block-paragraph\">SemM\u00e9xico, Guadalajara, 26 de junio, 2026.- El Comit\u00e9 de Am\u00e9rica Latina y el Caribe para la Defensa de los Derechos de las Mujeres. (CLADEM), reafirm\u00f3 su compromiso con la defensa del multilateralismo, la democracia, los derechos humanos y la igualdad sustantiva para las mujeres, adolescentes y ni\u00f1as de la regi\u00f3n, al participar en el 56\u00b0 per\u00edodo ordinario de sesiones de la Asamblea General de la Organizaci\u00f3n de los Estados Americanos (OEA).<\/p>\n\n\n\n<p class=\"wp-block-paragraph\">Realizado en la ciudad de Panam\u00e1, CALDEM organizaci\u00f3n feminista regional presente en quince pa\u00edses, desarroll\u00f3 una agenda de di\u00e1logo, articulaci\u00f3n e incidencia regional para visibilizar los desaf\u00edos que enfrentan las mujeres en el ejercicio de sus derechos pol\u00edticos y fortalecer los est\u00e1ndares interamericanos frente a la violencia pol\u00edtica y la violencia digital contra las mujeres.<\/p>\n\n\n\n<p class=\"wp-block-paragraph\">Esta agenda fue posible con el apoyo de Diakonia, en el marco del Programa Paridad, financiado por el Gobierno de Suecia, a quien CLADEM expresa su especial agradecimiento por su compromiso con la igualdad de g\u00e9nero, los derechos humanos y la democracia paritaria en la regi\u00f3n.<\/p>\n\n\n\n<p class=\"wp-block-paragraph\">Como parte de este proceso, CLADEM, junto con el Programa Paridad de Diakonia, el MESECVI y la OEA, en alianza con Equality Now, ONU Mujeres y UNFPA, realiz\u00f3 el encuentro \u00abDemocracia Paritaria Sin Violencia\u00bb, orientado a analizar avances y desaf\u00edos en la implementaci\u00f3n de las Leyes Modelo Interamericanas sobre paridad, violencia pol\u00edtica y violencia digital contra las mujeres.<\/p>\n\n\n\n<p class=\"wp-block-paragraph\">CLADEM tambi\u00e9n particip\u00f3 en el \u00abDi\u00e1logo regional con juventudes: Juventudes, democracia y participaci\u00f3n pol\u00edtica libre de violencia en Am\u00e9rica Latina\u201d, en el di\u00e1logo con sociedad civil convocado en el marco de la Asamblea General de la OEA y en el Di\u00e1logo Estrat\u00e9gico de Alto Nivel \u00abSostenibilidad de la cooperaci\u00f3n internacional para la igualdad de g\u00e9nero en las Am\u00e9ricas\u00bb, convocado por la Comisi\u00f3n Interamericana de Mujeres (CIM).<\/p>\n\n\n\n<p class=\"wp-block-paragraph\">Durante su participaci\u00f3n en Panam\u00e1, CLADEM sostuvo reuniones estrat\u00e9gicas con aliadas institucionales y organizaciones de la sociedad civil, incluyendo una reuni\u00f3n bilateral con ONU Mujeres, una reuni\u00f3n de trabajo con Diakonia y un encuentro interCLADEMs orientado a fortalecer el di\u00e1logo interno de la red e identificar prioridades comunes de incidencia.<\/p>\n\n\n\n<p class=\"wp-block-paragraph\">Las reflexiones desarrolladas en estos espacios ratifican que la democracia no puede consolidarse mientras persistan la violencia pol\u00edtica, la violencia digital, la discriminaci\u00f3n estructural y la exclusi\u00f3n de las mujeres de los espacios de decisi\u00f3n. La paridad es un principio democr\u00e1tico y una condici\u00f3n indispensable para construir instituciones m\u00e1s inclusivas, representativas y justas.<\/p>\n\n\n\n<p class=\"wp-block-paragraph\">CLADEM hace un llamado a los Estados miembros de la OEA a colocar la igualdad de g\u00e9nero y los derechos de las mujeres en el centro de sus agendas democr\u00e1ticas; profundizar la implementaci\u00f3n de las Leyes Modelo Interamericanas; fortalecer a la CIM, al MESECVI y al Sistema Interamericano de Derechos Humanos; y garantizar recursos suficientes para la sostenibilidad de las organizaciones y movimientos feministas.<\/p>\n\n\n\n<p class=\"wp-block-paragraph\">SEM\/sj<\/p>\n","protected":false},"excerpt":{"rendered":"<p>Redacci\u00f3n SemM\u00e9xico, Guadalajara, 26 de junio, 2026.- El Comit\u00e9 de Am\u00e9rica Latina y el Caribe para la Defensa de los Derechos de las Mujeres. (CLADEM), reafirm\u00f3 su compromiso con la defensa del multilateralismo, la democracia, los derechos humanos y la igualdad sustantiva para las mujeres, adolescentes y ni\u00f1as de la regi\u00f3n, al participar en el [&hellip;]<\/p>\n","protected":false},"author":3,"featured_media":106689,"comment_status":"open","ping_status":"open","sticky":false,"template":"","format":"standard","meta":{"_monsterinsights_skip_tracking":false,"footnotes":""},"categories":[748],"tags":[],"class_list":["post-106688","post","type-post","status-publish","format-standard","has-post-thumbnail","category-cultura-feminista"],"_links":{"self":[{"href":"https:\/\/redsemlac.com\/semmexico\/wp-json\/wp\/v2\/posts\/106688","targetHints":{"allow":["GET"]}}],"collection":[{"href":"https:\/\/redsemlac.com\/semmexico\/wp-json\/wp\/v2\/posts"}],"about":[{"href":"https:\/\/redsemlac.com\/semmexico\/wp-json\/wp\/v2\/types\/post"}],"author":[{"embeddable":true,"href":"https:\/\/redsemlac.com\/semmexico\/wp-json\/wp\/v2\/users\/3"}],"replies":[{"embeddable":true,"href":"https:\/\/redsemlac.com\/semmexico\/wp-json\/wp\/v2\/comments?post=106688"}],"version-history":[{"count":1,"href":"https:\/\/redsemlac.com\/semmexico\/wp-json\/wp\/v2\/posts\/106688\/revisions"}],"predecessor-version":[{"id":106690,"href":"https:\/\/redsemlac.com\/semmexico\/wp-json\/wp\/v2\/posts\/106688\/revisions\/106690"}],"wp:featuredmedia":[{"embeddable":true,"href":"https:\/\/redsemlac.com\/semmexico\/wp-json\/wp\/v2\/media\/106689"}],"wp:attachment":[{"href":"https:\/\/redsemlac.com\/semmexico\/wp-json\/wp\/v2\/media?parent=106688"}],"wp:term":[{"taxonomy":"category","embeddable":true,"href":"https:\/\/redsemlac.com\/semmexico\/wp-json\/wp\/v2\/categories?post=106688"},{"taxonomy":"post_tag","embeddable":true,"href":"https:\/\/redsemlac.com\/semmexico\/wp-json\/wp\/v2\/tags?post=106688"}],"curies":[{"name":"wp","href":"https:\/\/api.w.org\/{rel}","templated":true}]}}