{"id":106679,"date":"2026-06-26T17:29:40","date_gmt":"2026-06-26T23:29:40","guid":{"rendered":"https:\/\/redsemlac.com\/semmexico\/?p=106679"},"modified":"2026-06-26T17:29:41","modified_gmt":"2026-06-26T23:29:41","slug":"esthela-damian-presentara-denuncia-formal-contra-el-rfe","status":"publish","type":"post","link":"https:\/\/redsemlac.com\/semmexico\/esthela-damian-presentara-denuncia-formal-contra-el-rfe\/","title":{"rendered":"Esthela Dami\u00e1n presentar\u00e1 denuncia formal contra el RFE"},"content":{"rendered":"\n<ul class=\"wp-block-list\">\n<li>Por filtraci\u00f3n de datos personales, lo que es grave<\/li>\n\n\n\n<li>\u00d3rganos electorales tienen la obligaci\u00f3n constitucional de salvaguardar la confidencialidad<\/li>\n<\/ul>\n\n\n\n<p class=\"wp-block-paragraph\">SemM\u00e9xico\/Ceprovysa, Tuxpan, Gro., 26 de junio, 2026.- La exconsejera jur\u00eddica del Ejecutivo Federal, Esthela Dami\u00e1n Peralta, anunci\u00f3 que presentar\u00e1 una denuncia formal y en\u00e9rgica ante el Registro Federal de Electores tras haber sido v\u00edctima de una vulneraci\u00f3n grave y filtraci\u00f3n indebida de sus datos personales y sensibles por parte de personal adscrito a un m\u00f3dulo de atenci\u00f3n ciudadana en el puerto de Acapulco.<\/p>\n\n\n\n<p class=\"wp-block-paragraph\">Durante un mensaje emitido desde el Lago de Tuxpan, la aspirante a coordinar los Comit\u00e9s de Defensa de la Transformaci\u00f3n y la Soberan\u00eda Nacional en Guerrero, catalog\u00f3 el incidente como un asunto de m\u00e1xima gravedad institucional.<\/p>\n\n\n\n<p class=\"wp-block-paragraph\">Dami\u00e1n Peralta puntualiz\u00f3 que la querella no obedece \u00fanicamente a un agravio en su contra, sino a la imperiosa necesidad de que los \u00f3rganos electorales cumplan con su obligaci\u00f3n constitucional de salvaguardar la confidencialidad de todos los ciudadanos.<\/p>\n\n\n\n<p class=\"wp-block-paragraph\">Con el rigor normativo que respalda su perfil como abogada y exconsejera jur\u00eddica a nivel federal, Esthela Dami\u00e1n advirti\u00f3 que proporcionar\u00e1 los datos exactos del m\u00f3dulo responsable para que se inicie una investigaci\u00f3n interna inmediata que derive en sanciones ejemplares.<\/p>\n\n\n\n<p class=\"wp-block-paragraph\">\u201cVoy a presentar una denuncia en particular contra un m\u00f3dulo al que acud\u00ed en Acapulco, Guerrero, porque entregaron de manera indebida datos sensibles y confidenciales que no tendr\u00edan que haber filtrado. Este asunto lo voy a denunciar para que lo investigue el Registro Federal de Electores. Es un asunto sumamente delicado, no porque sea contra Esthela Dami\u00e1n, sino porque ellos son los encargados de proteger los derechos de todos los ciudadanos. Su servidora tiene una trayectoria p\u00fablica y transparente, no tengo nada que ocultar ni nada que esconder. En el Registro Federal de Electores dar\u00e9 los datos del m\u00f3dulo donde entregu\u00e9 mis datos sensibles para que procedan con la investigaci\u00f3n y sancionen con todo el peso de la ley\u201d, apunt\u00f3.<\/p>\n\n\n\n<p class=\"wp-block-paragraph\">De acuerdo con el marco jur\u00eddico federal vigente en los ordenamientos del Instituto Nacional Electoral (INE), la sustracci\u00f3n, comercializaci\u00f3n o uso il\u00edcito de informaci\u00f3n confidencial resguardada por el padr\u00f3n electoral no solo viola la Ley General de Protecci\u00f3n de Datos Personales en Posesi\u00f3n de Sujetos Obligados, sino que constituye un delito grave federal.<\/p>\n\n\n\n<p class=\"wp-block-paragraph\">Bajo el Art\u00edculo 8 de la Ley General en Materia de Delitos Electorales, cualquier funcionario electoral que altere, comercialice o haga uso il\u00edcito de documentos relativos al Registro Federal de Electores o padr\u00f3n electoral se enfrenta a sanciones severas que contemplan de cincuenta a doscientos d\u00edas multa y prisi\u00f3n de dos a seis a\u00f1os, adem\u00e1s de la destituci\u00f3n inmediata e inhabilitaci\u00f3n para ejercer cargos p\u00fablicos.<\/p>\n\n\n\n<p class=\"wp-block-paragraph\">La legislaci\u00f3n contempla responsabilidades administrativas y penales transversales para los actores o terceros que coadyuven en la difusi\u00f3n dolosa de dichos datos confidenciales.<\/p>\n","protected":false},"excerpt":{"rendered":"<p>SemM\u00e9xico\/Ceprovysa, Tuxpan, Gro., 26 de junio, 2026.- La exconsejera jur\u00eddica del Ejecutivo Federal, Esthela Dami\u00e1n Peralta, anunci\u00f3 que presentar\u00e1 una denuncia formal y en\u00e9rgica ante el Registro Federal de Electores tras haber sido v\u00edctima de una vulneraci\u00f3n grave y filtraci\u00f3n indebida de sus datos personales y sensibles por parte de personal adscrito a un m\u00f3dulo [&hellip;]<\/p>\n","protected":false},"author":3,"featured_media":106680,"comment_status":"open","ping_status":"open","sticky":false,"template":"","format":"standard","meta":{"_monsterinsights_skip_tracking":false,"footnotes":""},"categories":[700],"tags":[],"class_list":["post-106679","post","type-post","status-publish","format-standard","has-post-thumbnail","category-estados"],"_links":{"self":[{"href":"https:\/\/redsemlac.com\/semmexico\/wp-json\/wp\/v2\/posts\/106679","targetHints":{"allow":["GET"]}}],"collection":[{"href":"https:\/\/redsemlac.com\/semmexico\/wp-json\/wp\/v2\/posts"}],"about":[{"href":"https:\/\/redsemlac.com\/semmexico\/wp-json\/wp\/v2\/types\/post"}],"author":[{"embeddable":true,"href":"https:\/\/redsemlac.com\/semmexico\/wp-json\/wp\/v2\/users\/3"}],"replies":[{"embeddable":true,"href":"https:\/\/redsemlac.com\/semmexico\/wp-json\/wp\/v2\/comments?post=106679"}],"version-history":[{"count":1,"href":"https:\/\/redsemlac.com\/semmexico\/wp-json\/wp\/v2\/posts\/106679\/revisions"}],"predecessor-version":[{"id":106681,"href":"https:\/\/redsemlac.com\/semmexico\/wp-json\/wp\/v2\/posts\/106679\/revisions\/106681"}],"wp:featuredmedia":[{"embeddable":true,"href":"https:\/\/redsemlac.com\/semmexico\/wp-json\/wp\/v2\/media\/106680"}],"wp:attachment":[{"href":"https:\/\/redsemlac.com\/semmexico\/wp-json\/wp\/v2\/media?parent=106679"}],"wp:term":[{"taxonomy":"category","embeddable":true,"href":"https:\/\/redsemlac.com\/semmexico\/wp-json\/wp\/v2\/categories?post=106679"},{"taxonomy":"post_tag","embeddable":true,"href":"https:\/\/redsemlac.com\/semmexico\/wp-json\/wp\/v2\/tags?post=106679"}],"curies":[{"name":"wp","href":"https:\/\/api.w.org\/{rel}","templated":true}]}}