{"id":106576,"date":"2026-06-24T10:10:01","date_gmt":"2026-06-24T16:10:01","guid":{"rendered":"https:\/\/redsemlac.com\/semmexico\/?p=106576"},"modified":"2026-06-24T10:10:02","modified_gmt":"2026-06-24T16:10:02","slug":"llamado-a-las-entidades-del-pais-para-garantizar-progresividad-de-derechos-politico-electorales-de-las-mujeres-laura-itzel-castillo-juarez","status":"publish","type":"post","link":"https:\/\/redsemlac.com\/semmexico\/llamado-a-las-entidades-del-pais-para-garantizar-progresividad-de-derechos-politico-electorales-de-las-mujeres-laura-itzel-castillo-juarez\/","title":{"rendered":"Llamado a las entidades del pa\u00eds para\u00a0 garantizar progresividad de derechos pol\u00edtico-electorales de las mujeres:\u00a0 Laura Itzel Castillo Ju\u00e1rez"},"content":{"rendered":"\n<p class=\"wp-block-paragraph\">Entidades federativas y sus Congresos, deben evitar medidas que impliquen retrocesos en la igualdad sustantiva advirti\u00f3 la presidenta de la Mesa Directiva<\/p>\n\n\n\n<p class=\"wp-block-paragraph\">Coincide el llamado con el arranque de las campa\u00f1as &nbsp; &nbsp; anticipadas con&nbsp; m\u00e1s de 100 mujeres pidiendo participar o inscritas&nbsp;<\/p>\n\n\n\n<p class=\"wp-block-paragraph\"><em>Nuria Castillejos<\/em><\/p>\n\n\n\n<p class=\"wp-block-paragraph\">SemM\u00e9xico, Cd. de M\u00e9xico, 24 de junio, 2026.- La Mesa Directiva de la Comisi\u00f3n Permanente, que preside la senadora Laura Itzel Castillo Ju\u00e1rez, llam\u00f3 a las entidades federativas para promover y garantizar el principio de progresividad de los derechos humanos, particularmente los derechos pol\u00edtico-electorales de las mujeres, en el&nbsp; momento en que se &nbsp; &nbsp; iniciaron en todo el pa\u00eds las campa\u00f1as anticipadas para el proceso electoral &nbsp; 2027.<\/p>\n\n\n\n<p class=\"wp-block-paragraph\">El pr\u00f3ximo a\u00f1os habr\u00e1 elecciones en todo el pa\u00eds, se disputar\u00e1n 17 gubernaturas, 500 curules en el Congreso, cerca de 800 curules locales, &nbsp; m\u00e1s de mil&nbsp; &nbsp; presidencias municipales lo que expondr\u00e1 a las mujeres a nuevos obst\u00e1culos o problemas en su participaci\u00f3n.&nbsp;<\/p>\n\n\n\n<p class=\"wp-block-paragraph\">Castillo Ju\u00e1rez, ley\u00f3&nbsp; un&nbsp; &nbsp; pronunciamiento&nbsp; suscrito por las legisladoras&nbsp; integrantes de la Comisi\u00f3n Permanente donde llaman a evitar cualquier medida legislativa o administrativa que implique retrocesos en los avances alcanzados en materia de igualdad sustantiva y participaci\u00f3n pol\u00edtica.<\/p>\n\n\n\n<p class=\"wp-block-paragraph\">As\u00ed, destac\u00f3 la presidenta de la Mesa Directiva de la Comisi\u00f3n Permanente&nbsp; se refrenda el compromiso de las legisladoras de todos los partidos pol\u00edticos &nbsp; con la defensa de los derechos pol\u00edticos de las mujeres, \u201cy hace un llamado a que los avances alcanzados en materia de paridad e igualdad sustantiva se sigan fortaleciendo en beneficio de las generaciones presentes y futuras, y cuenten con la disponibilidad presupuestal necesaria para impulsar sus objetivos\u201d.<\/p>\n\n\n\n<p class=\"wp-block-paragraph\">Laura Itzel Castillo Ju\u00e1rez&nbsp; record\u00f3 que M\u00e9xico ha transitado durante las \u00faltimas d\u00e9cadas por un importante proceso de trasformaci\u00f3n normativa e institucional, orientado a garantizar la plena participaci\u00f3n pol\u00edtica de las mujeres a partir de diversas reformas constitucionales y legales en materia de igualdad de g\u00e9nero.<\/p>\n\n\n\n<p class=\"wp-block-paragraph\">Dichos avances, dijo, nos caracterizan como una naci\u00f3n cada vez m\u00e1s incluyente y respetuosa de los derechos de todas las mujeres. Adem\u00e1s, precis\u00f3 que nuestro pa\u00eds ha sido reconocido internacionalmente como uno de los que cuenta con mayores niveles de representaci\u00f3n pol\u00edtica de las mujeres en sus \u00f3rganos legislativos.<\/p>\n\n\n\n<p class=\"wp-block-paragraph\">No obstante, asever\u00f3 la senadora, dichos logros deben consolidarse a trav\u00e9s de acciones permanentes que aseguren su vigencia y profundizaci\u00f3n en todas las entidades federativas.<\/p>\n\n\n\n<p class=\"wp-block-paragraph\">Consider\u00f3 indispensable que los avances legislativos en materia de igualdad sustantiva, paridad y derechos pol\u00edticos electorales de las mujeres se acompa\u00f1en de presupuestos p\u00fablicos suficientes, progresivos y con perspectiva de g\u00e9nero.<\/p>\n\n\n\n<p class=\"wp-block-paragraph\">En ese sentido, puntualiz\u00f3 la senadora, desde este \u00f3rgano del Congreso de la Uni\u00f3n y en reconocimiento de la soberan\u00eda de las entidades federativas y la autonom\u00eda de cada uno de sus Congresos, toda actuaci\u00f3n legislativa debe observar los principios constitucionales de igualdad, no discriminaci\u00f3n, progresividad y de igualdad de g\u00e9nero, a efecto de evitar la adopci\u00f3n de disposiciones que directa o indirectamente limiten o reduzcan los espacios de participaci\u00f3n pol\u00edtica conquistados por las mujeres.<\/p>\n","protected":false},"excerpt":{"rendered":"<p>Entidades federativas y sus Congresos, deben evitar medidas que impliquen retrocesos en la igualdad sustantiva advirti\u00f3 la presidenta de la Mesa Directiva Coincide el llamado con el arranque de las campa\u00f1as &nbsp; &nbsp; anticipadas con&nbsp; m\u00e1s de 100 mujeres pidiendo participar o inscritas&nbsp; Nuria Castillejos SemM\u00e9xico, Cd. de M\u00e9xico, 24 de junio, 2026.- La Mesa [&hellip;]<\/p>\n","protected":false},"author":3,"featured_media":106577,"comment_status":"open","ping_status":"open","sticky":false,"template":"","format":"standard","meta":{"_monsterinsights_skip_tracking":false,"footnotes":""},"categories":[694],"tags":[],"class_list":["post-106576","post","type-post","status-publish","format-standard","has-post-thumbnail","category-destacadas"],"_links":{"self":[{"href":"https:\/\/redsemlac.com\/semmexico\/wp-json\/wp\/v2\/posts\/106576","targetHints":{"allow":["GET"]}}],"collection":[{"href":"https:\/\/redsemlac.com\/semmexico\/wp-json\/wp\/v2\/posts"}],"about":[{"href":"https:\/\/redsemlac.com\/semmexico\/wp-json\/wp\/v2\/types\/post"}],"author":[{"embeddable":true,"href":"https:\/\/redsemlac.com\/semmexico\/wp-json\/wp\/v2\/users\/3"}],"replies":[{"embeddable":true,"href":"https:\/\/redsemlac.com\/semmexico\/wp-json\/wp\/v2\/comments?post=106576"}],"version-history":[{"count":1,"href":"https:\/\/redsemlac.com\/semmexico\/wp-json\/wp\/v2\/posts\/106576\/revisions"}],"predecessor-version":[{"id":106578,"href":"https:\/\/redsemlac.com\/semmexico\/wp-json\/wp\/v2\/posts\/106576\/revisions\/106578"}],"wp:featuredmedia":[{"embeddable":true,"href":"https:\/\/redsemlac.com\/semmexico\/wp-json\/wp\/v2\/media\/106577"}],"wp:attachment":[{"href":"https:\/\/redsemlac.com\/semmexico\/wp-json\/wp\/v2\/media?parent=106576"}],"wp:term":[{"taxonomy":"category","embeddable":true,"href":"https:\/\/redsemlac.com\/semmexico\/wp-json\/wp\/v2\/categories?post=106576"},{"taxonomy":"post_tag","embeddable":true,"href":"https:\/\/redsemlac.com\/semmexico\/wp-json\/wp\/v2\/tags?post=106576"}],"curies":[{"name":"wp","href":"https:\/\/api.w.org\/{rel}","templated":true}]}}