{"id":106471,"date":"2026-06-17T10:49:46","date_gmt":"2026-06-17T16:49:46","guid":{"rendered":"https:\/\/redsemlac.com\/semmexico\/?p=106471"},"modified":"2026-06-17T10:49:47","modified_gmt":"2026-06-17T16:49:47","slug":"bellas-y-airosas-mi-papa-un-buen-hombre","status":"publish","type":"post","link":"https:\/\/redsemlac.com\/semmexico\/bellas-y-airosas-mi-papa-un-buen-hombre\/","title":{"rendered":"Bellas y airosas | Mi pap\u00e1, un buen hombre"},"content":{"rendered":"\n<p class=\"wp-block-paragraph\"><\/p>\n\n\n\n<p class=\"wp-block-paragraph\">Elvira Hern\u00e1ndez Carballido<\/p>\n\n\n\n<p class=\"wp-block-paragraph\">SemM\u00e9xico, Cd. de M\u00e9xico, 17 de junio, 2026.-Alejandro Hern\u00e1ndez Toro es mi pap\u00e1, un hombre al que he amado desde que nac\u00ed, quien ha logrado con su forma de ser -cari\u00f1oso, solidario, respetuoso, mach\u00edn, obsesionado con el cine, americanista por siempre y c\u00f3mplice eterno- que yo tenga la certeza de que los seres humanos del sexo masculino no todos son enemigos, ni horribles o nada confiables. Tuve la suerte de vivir con un buen hombre.<\/p>\n\n\n\n<p class=\"wp-block-paragraph\">Naci\u00f3 en la colonia Algar\u00edn de la ciudad de M\u00e9xico. Su padre fue Santos Hern\u00e1ndez, ebanista de fino estilo y cuyo tono espa\u00f1ol -ol\u00e9- se qued\u00f3 grabado en mi mente. Mi abuela Isabel fue severa con sus cinco hijos, mi pap\u00e1 fue el menor, pero les hered\u00f3 la pasi\u00f3n por la lectura.&nbsp;<\/p>\n\n\n\n<p class=\"wp-block-paragraph\">No fue un chico ideal, repiti\u00f3 varios grados en la primaria, un as en el billar, peleaba con estilo de gran boxeador, fue un pachuco que bailaba mambo y se escapaba cada tarde para entrar al cine so\u00f1ando ser Tarzan o Pedro Infante.&nbsp;<\/p>\n\n\n\n<p class=\"wp-block-paragraph\">Se \u201cjunt\u00f3\u201d con mi mam\u00e1 siendo \u00e9l muy joven, se casaron por el civil en el a\u00f1o que yo nac\u00ed (1962) y mi hermano Ernesto junto con mis tres hermanas los aclamamos cuando se casaron por la iglesia en octubre de 1968.&nbsp;<\/p>\n\n\n\n<p class=\"wp-block-paragraph\">Fue el mejor vendedor en Sears y brill\u00f3 en las editoriales donde promocionaba infinidad de libros. Un d\u00eda, sin que \u00e9l me viera, lo vi convenciendo a unas personas de comprar varios textos en la Feria del Libro del Palacio Miner\u00eda. Me conmov\u00ed mucho al verlo tan seguro y apasionado. Aunque lo primero que recuerdo de \u00e9l son esas ma\u00f1anas que le daban un d\u00eda de descanso entre semana y se pon\u00eda a lavar los trastes, que por cierto dejaba oliendo a su loci\u00f3n. En mi casa siempre hubo m\u00fasica, desde la Sonora Santanera con su cl\u00e1sico B\u00f3mboro Qui\u00f1\u00e1 Qui\u00f1\u00e1, hasta las voces inolvidables de Javier Sol\u00eds, o las clases de chachach\u00e1 con la maravillosa Orquesta Arag\u00f3n.<\/p>\n\n\n\n<p class=\"wp-block-paragraph\">Su cl\u00e1sico gesto de cari\u00f1o al apretarnos la mejilla a mis hermanas y a m\u00ed significaba sentirte amada todo el d\u00eda. Si algo le daba rabia, golpeaba la pared donde dejaba marcada la fuerza de su pu\u00f1o. Jam\u00e1s le ha dado verg\u00fcenza llorar frente a nosotras, dice que con el paso del tiempo se ha vuelto m\u00e1s llor\u00f3n.&nbsp;<\/p>\n\n\n\n<p class=\"wp-block-paragraph\">Nos motiv\u00f3 a jugar futbol y tambi\u00e9n gracias a \u00e9l aprend\u00ed sobre box, futbol americano, beisbol y hasta luchas. Motiv\u00f3 nuestro gusto por la lectura al comprarnos historietas como Los Supersabios, La familia Burr\u00f3n o L\u00e1grimas, Risas y Amor. Nos llevaba al estadio y le daba risa cuando insult\u00e1bamos al \u00e1rbitro. Compraba dulces para que lo acompa\u00f1\u00e1ramos a ver a Mantequilla N\u00e1poles o el P\u00faas Olivares enfrentar a sus rivales en ring.&nbsp;<\/p>\n\n\n\n<p class=\"wp-block-paragraph\">Pocas veces tuvo que rega\u00f1arme y cuando fue necesario hablaba seriamente conmigo en mi habitaci\u00f3n. No era tan explosivo como mi mam\u00e1 que s\u00ed usaba su chancla poderosa, m\u00e1s bien ante esas reacciones maternas era muy solidario y nos tranquilizaba con sus bromas o un gui\u00f1o de ojo.&nbsp;<\/p>\n\n\n\n<p class=\"wp-block-paragraph\">Llor\u00f3 orgulloso y conmovido en cada examen profesional que present\u00e9 para convertirme en licenciada, maestra y doctora. Fue y sigue siendo el mejor amigo de mi hijo a quien cuid\u00f3 desde beb\u00e9, jugaban como dos ni\u00f1os, recuerdo un d\u00eda que los encontr\u00e9 debajo de la mesa del comedor porque se escond\u00eda de los dinosaurios. Ahora conversan con total confianza y se recomiendas pel\u00edculas o libros.&nbsp;<\/p>\n\n\n\n<p class=\"wp-block-paragraph\">Por solidaridad ley\u00f3 revista Fem el suplemento DobleJornada, me preguntaba cuestiones del feminismo que no entend\u00eda, pero jam\u00e1s se asust\u00f3 o critic\u00f3 mi postura o mi manera de vivir oscilando entre profesionista-mujer-madre-profesora-escritora. Le encanta presumir mis libros y no par\u00f3 de llorar despu\u00e9s de leer La Llanera Loquitaria.&nbsp;<\/p>\n\n\n\n<p class=\"wp-block-paragraph\">La relaci\u00f3n de mi madre con \u00e9l fue como todos los matrimonios (buena-rara-rutinaria-esplendorosa-desgastante-), aunque yo siempre estuve m\u00e1s veces del lado paterno, quiz\u00e1 porque en cierta manera me ha consentido un poquito m\u00e1s que a mis hermanas.&nbsp;<\/p>\n\n\n\n<p class=\"wp-block-paragraph\">El d\u00eda que muri\u00f3 mi mam\u00e1 lo encontr\u00e9 sentado a un lado del ata\u00fad, como si la cuidara o estuviera tomado de su mano como les gustaba pasear cada vez que sal\u00edan, me dijo que ten\u00eda miedo de estar solo, que se arrepent\u00eda de algunas cosas, pero valoraba muchas m\u00e1s. Yo espero seguir disfrutando de su presencia, de su amor y sus charlas donde siempre ser\u00e1 ese h\u00e9roe que busca la admiraci\u00f3n de sus hijas.<\/p>\n\n\n\n<p class=\"wp-block-paragraph\">Gracias a \u00e9l conozco mucho sobre el cine mexicano, me encantan las historietas, conoc\u00ed a Mafalda y me gu\u00edo por la filosof\u00eda de esa monita que \u00e9l bien asegur\u00f3 se parece mucho a m\u00ed.&nbsp;<\/p>\n\n\n\n<p class=\"wp-block-paragraph\">\u00a1Feliz d\u00eda del padre, pap\u00e1!<\/p>\n","protected":false},"excerpt":{"rendered":"<p>Elvira Hern\u00e1ndez Carballido SemM\u00e9xico, Cd. de M\u00e9xico, 17 de junio, 2026.-Alejandro Hern\u00e1ndez Toro es mi pap\u00e1, un hombre al que he amado desde que nac\u00ed, quien ha logrado con su forma de ser -cari\u00f1oso, solidario, respetuoso, mach\u00edn, obsesionado con el cine, americanista por siempre y c\u00f3mplice eterno- que yo tenga la certeza de que los [&hellip;]<\/p>\n","protected":false},"author":3,"featured_media":70197,"comment_status":"open","ping_status":"open","sticky":false,"template":"","format":"standard","meta":{"_monsterinsights_skip_tracking":false,"footnotes":""},"categories":[202,35],"tags":[],"class_list":["post-106471","post","type-post","status-publish","format-standard","has-post-thumbnail","category-elvira-hernandez-carballido","category-opinion"],"_links":{"self":[{"href":"https:\/\/redsemlac.com\/semmexico\/wp-json\/wp\/v2\/posts\/106471","targetHints":{"allow":["GET"]}}],"collection":[{"href":"https:\/\/redsemlac.com\/semmexico\/wp-json\/wp\/v2\/posts"}],"about":[{"href":"https:\/\/redsemlac.com\/semmexico\/wp-json\/wp\/v2\/types\/post"}],"author":[{"embeddable":true,"href":"https:\/\/redsemlac.com\/semmexico\/wp-json\/wp\/v2\/users\/3"}],"replies":[{"embeddable":true,"href":"https:\/\/redsemlac.com\/semmexico\/wp-json\/wp\/v2\/comments?post=106471"}],"version-history":[{"count":1,"href":"https:\/\/redsemlac.com\/semmexico\/wp-json\/wp\/v2\/posts\/106471\/revisions"}],"predecessor-version":[{"id":106472,"href":"https:\/\/redsemlac.com\/semmexico\/wp-json\/wp\/v2\/posts\/106471\/revisions\/106472"}],"wp:featuredmedia":[{"embeddable":true,"href":"https:\/\/redsemlac.com\/semmexico\/wp-json\/wp\/v2\/media\/70197"}],"wp:attachment":[{"href":"https:\/\/redsemlac.com\/semmexico\/wp-json\/wp\/v2\/media?parent=106471"}],"wp:term":[{"taxonomy":"category","embeddable":true,"href":"https:\/\/redsemlac.com\/semmexico\/wp-json\/wp\/v2\/categories?post=106471"},{"taxonomy":"post_tag","embeddable":true,"href":"https:\/\/redsemlac.com\/semmexico\/wp-json\/wp\/v2\/tags?post=106471"}],"curies":[{"name":"wp","href":"https:\/\/api.w.org\/{rel}","templated":true}]}}