{"id":106323,"date":"2026-06-10T12:38:44","date_gmt":"2026-06-10T18:38:44","guid":{"rendered":"https:\/\/redsemlac.com\/semmexico\/?p=106323"},"modified":"2026-06-10T12:38:44","modified_gmt":"2026-06-10T18:38:44","slug":"mundial-2026-por-encima-del-futbol-llaman-a-atender-las-crisis-de-ddhh-y-ambientales","status":"publish","type":"post","link":"https:\/\/redsemlac.com\/semmexico\/mundial-2026-por-encima-del-futbol-llaman-a-atender-las-crisis-de-ddhh-y-ambientales\/","title":{"rendered":"Mundial 2026: Por encima del Futbol, llaman a atender las crisis de DDHH y ambientales"},"content":{"rendered":"\n<ul class=\"wp-block-list\">\n<li>M\u00e1s de 100 OSC piden a Claudia Sheinbaum di\u00e1logo y compromisos<\/li>\n\n\n\n<li>Los ojos del mundo puestos en los pa\u00edses sedes del mundial para vigilar la falta de actuaci\u00f3n frente a temas cruciales\u00a0<\/li>\n<\/ul>\n\n\n\n<p class=\"wp-block-paragraph\">Elda Montiel&nbsp;<\/p>\n\n\n\n<p class=\"wp-block-paragraph\">SemM\u00e9xico, Ciudad de M\u00e9xico, 10 de junio, 2026.- A un d\u00eda de la inauguraci\u00f3n de la Copa Mundial 2026 de Futbol, m\u00e1s de 100 organizaciones de M\u00e9xico y Estados Unidos hicieron un llamado a la presidenta Claudia Sheinbaum para atender la crisis de desapariciones, desplazamiento forzado, violencia contra personas defensoras, migraci\u00f3n y emergencia clim\u00e1tica.&nbsp;<\/p>\n\n\n\n<p class=\"wp-block-paragraph\">Hacemos un llamado a la presidenta Claudia Sheinbaum a dialogar con la sociedad civil y establecer compromisos para garantizar la justicia social y ambiental y el respeto a los derechos humanos para todas y todos. \u00abEsto tambi\u00e9n est\u00e1 en juego. El mundo est\u00e1 viendo\u201d.<\/p>\n\n\n\n<p class=\"wp-block-paragraph\">\u201cReiteramos que el mundo tiene los ojos puestos en los pa\u00edses sedes del mundial, no s\u00f3lo por el evento deportivo sino como ojos vigilantes ante la falta de actuaci\u00f3n frente a temas cruciales para la sociedad\u201d. Anunciaron que posterior a este evento, las convocantes seguir\u00e1n pronunci\u00e1ndose en M\u00e9xico, Estados Unidos y Canad\u00e1 en el marco de la Copa Mundial sobre estas causas.<\/p>\n\n\n\n<p class=\"wp-block-paragraph\"><strong>Una manta gigantesca en la Estela de Luz<\/strong><\/p>\n\n\n\n<p class=\"wp-block-paragraph\">Alzaron la voz para expresar su rechazo a la asignaci\u00f3n de recursos millonarios para la celebraci\u00f3n de la Copa del Mundo por parte del Gobierno de M\u00e9xico y demandaron atenci\u00f3n a la grave crisis ambiental y de derechos humanos existente en la regi\u00f3n. Cuestionaron las inversiones en infraestructura en las tres ciudades sede y el despliegue de cien mil agentes de seguridad p\u00fablica.<\/p>\n\n\n\n<p class=\"wp-block-paragraph\">Pidieron atender la crisis de las desapariciones, m\u00e1s de 134 mil personas.&nbsp;<\/p>\n\n\n\n<p class=\"wp-block-paragraph\">Detener las redadas inhumanas y criminales del Instituto Nacional de Migraci\u00f3n en M\u00e9xico y el Servicio de Control de Inmigraci\u00f3n y Aduanas (ICE, sigla en ingl\u00e9s) en Estados Unidos, as\u00ed como proteger y asegurar la inclusi\u00f3n de las m\u00e1s de 190 mil personas deportadas mexicanas y cerca de 13 mil personas de otras nacionalidades deportadas a M\u00e9xico -con estimaciones que van hasta las 20 mil personas durante 2025 hasta marzo de 2026-.<\/p>\n\n\n\n<p class=\"wp-block-paragraph\">Alertaron que la renegociaci\u00f3n del Tratado Comercial entre M\u00e9xico, Estados Unidos y Canad\u00e1, no deber\u00eda ser para beneficiar a billonarios y corporaciones, sino a las personas trabajadoras, la naturaleza, la agricultura y a los derechos humanos, los cuales deber\u00edan prevalecer al centro de la relaci\u00f3n comercial entre estos pa\u00edses.<\/p>\n\n\n\n<p class=\"wp-block-paragraph\">Tambi\u00e9n demandaron atenci\u00f3n a las causas de la discriminaci\u00f3n, el racismo, la violencia y el desplazamiento forzado de comunidades afromexicanas e ind\u00edgenas,&nbsp;incluyendo los m\u00e1s de dos mil desplazados de Chilapa, Guerrero.<\/p>\n\n\n\n<p class=\"wp-block-paragraph\">Llamaron a priorizar el medioambiente y los derechos humanos sobre las inversiones en proyectos extractivistas en ecosistemas marinos y terrestres.<\/p>\n\n\n\n<p class=\"wp-block-paragraph\">Se refirieron a los pendientes de la justicia ambiental como procesos internos de migraci\u00f3n forzada por el despojo de tierras y bienes naturales y un contexto nacional adverso y de alto riesgo para activistas ambientales y defensores de la tierra: tan s\u00f3lo en 2025 perdieron la vida 10 personas haciendo esta labor, mientras que se registraron 314 agresiones espec\u00edficas (por ejemplo, difamaci\u00f3n, estigmatizaci\u00f3n, intimidaci\u00f3n y amenazas).<\/p>\n\n\n\n<p class=\"wp-block-paragraph\">Entre las organizaciones se encuentran Amnist\u00eda Internacional, Greenpeace M\u00e9xico, Global Exchange, Centro Mexicano de Derecho Ambiental, A.C. (CEMDA), Project Worldcup Spotlight y redes binacionales como el Movimiento de los Pueblos por la Paz y la Justicia y la Asamblea de Incidencia por los Derechos Humanos en el T-MEC.<\/p>\n\n\n\n<p class=\"wp-block-paragraph\">SEM\/em\/sj<\/p>\n","protected":false},"excerpt":{"rendered":"<p>Elda Montiel&nbsp; SemM\u00e9xico, Ciudad de M\u00e9xico, 10 de junio, 2026.- A un d\u00eda de la inauguraci\u00f3n de la Copa Mundial 2026 de Futbol, m\u00e1s de 100 organizaciones de M\u00e9xico y Estados Unidos hicieron un llamado a la presidenta Claudia Sheinbaum para atender la crisis de desapariciones, desplazamiento forzado, violencia contra personas defensoras, migraci\u00f3n y emergencia [&hellip;]<\/p>\n","protected":false},"author":3,"featured_media":106324,"comment_status":"open","ping_status":"open","sticky":false,"template":"","format":"standard","meta":{"_monsterinsights_skip_tracking":false,"footnotes":""},"categories":[694],"tags":[],"class_list":["post-106323","post","type-post","status-publish","format-standard","has-post-thumbnail","category-destacadas"],"_links":{"self":[{"href":"https:\/\/redsemlac.com\/semmexico\/wp-json\/wp\/v2\/posts\/106323","targetHints":{"allow":["GET"]}}],"collection":[{"href":"https:\/\/redsemlac.com\/semmexico\/wp-json\/wp\/v2\/posts"}],"about":[{"href":"https:\/\/redsemlac.com\/semmexico\/wp-json\/wp\/v2\/types\/post"}],"author":[{"embeddable":true,"href":"https:\/\/redsemlac.com\/semmexico\/wp-json\/wp\/v2\/users\/3"}],"replies":[{"embeddable":true,"href":"https:\/\/redsemlac.com\/semmexico\/wp-json\/wp\/v2\/comments?post=106323"}],"version-history":[{"count":1,"href":"https:\/\/redsemlac.com\/semmexico\/wp-json\/wp\/v2\/posts\/106323\/revisions"}],"predecessor-version":[{"id":106325,"href":"https:\/\/redsemlac.com\/semmexico\/wp-json\/wp\/v2\/posts\/106323\/revisions\/106325"}],"wp:featuredmedia":[{"embeddable":true,"href":"https:\/\/redsemlac.com\/semmexico\/wp-json\/wp\/v2\/media\/106324"}],"wp:attachment":[{"href":"https:\/\/redsemlac.com\/semmexico\/wp-json\/wp\/v2\/media?parent=106323"}],"wp:term":[{"taxonomy":"category","embeddable":true,"href":"https:\/\/redsemlac.com\/semmexico\/wp-json\/wp\/v2\/categories?post=106323"},{"taxonomy":"post_tag","embeddable":true,"href":"https:\/\/redsemlac.com\/semmexico\/wp-json\/wp\/v2\/tags?post=106323"}],"curies":[{"name":"wp","href":"https:\/\/api.w.org\/{rel}","templated":true}]}}