{"id":106286,"date":"2026-06-08T21:22:15","date_gmt":"2026-06-09T03:22:15","guid":{"rendered":"https:\/\/redsemlac.com\/semmexico\/?p=106286"},"modified":"2026-06-08T21:22:16","modified_gmt":"2026-06-09T03:22:16","slug":"pese-a-los-riesgos-gobiernos-apuestan-por-mas-petroleo-oceana","status":"publish","type":"post","link":"https:\/\/redsemlac.com\/semmexico\/pese-a-los-riesgos-gobiernos-apuestan-por-mas-petroleo-oceana\/","title":{"rendered":"Pese a los riesgos, gobiernos apuestan por m\u00e1s petr\u00f3leo: Oceana"},"content":{"rendered":"\n<p class=\"wp-block-paragraph\">\u2022 Oceana advierte nueva ola de expansi\u00f3n petrolera en M\u00e9xico y Estados Unidos<br>\u2022 Esto tendr\u00eda con consecuencias para la biodiversidad, las comunidades costeras y el clima<\/p>\n\n\n\n<p class=\"wp-block-paragraph\">Redacci\u00f3n<br>SemM\u00e9xico, Ciudad de M\u00e9xico, 8 de junio, 2026.- El Golfo de M\u00e9xico enfrenta la presi\u00f3n de la industria petrolera en ambos lados de la frontera. Decisiones gubernamentales recientes impulsan una mayor expansi\u00f3n de las actividades de petr\u00f3leo y gas en aguas profundas pese a los riesgos que representan para especies en peligro de extinci\u00f3n, comunidades pesqueras y ecosistemas marinos, se\u00f1ala Oceana, en el marco del D\u00eda Mundial de los oc\u00e9anos.<\/p>\n\n\n\n<p class=\"wp-block-paragraph\">En el marco del D\u00eda Mundial de los Oc\u00e9anos, Oceana hizo un llamado a los gobiernos de M\u00e9xico y Estados Unidos para fortalecer y no debilitar la protecci\u00f3n del Golfo, garantizar que las decisiones p\u00fablicas se basen en evidencia cient\u00edfica y colocar la protecci\u00f3n de los oc\u00e9anos en el centro de las pol\u00edticas energ\u00e9ticas.<\/p>\n\n\n\n<p class=\"wp-block-paragraph\">\u201cEl futuro del Golfo de M\u00e9xico no deber\u00eda decidirse \u00fanicamente en funci\u00f3n de cu\u00e1nto petr\u00f3leo puede extraerse de sus aguas. Tambi\u00e9n debe considerarse el valor de los ecosistemas, la seguridad alimentaria de millones de personas y el derecho de las futuras generaciones a contar con oc\u00e9anos saludables\u201d, concluy\u00f3 Terrazas.<\/p>\n\n\n\n<p class=\"wp-block-paragraph\">En un comunicado, se\u00f1alan que en M\u00e9xico, el gobierno federal ha reiterado su intenci\u00f3n de concretar un acuerdo entre Pemex y Petrobras para explorar aguas profundas en el Golfo de M\u00e9xico, una de las zonas marinas m\u00e1s biodiversas del planeta. En Estados Unidos, la administraci\u00f3n de Trump elimin\u00f3 protecciones para especies amenazadas y en peligro de extinci\u00f3n con el objetivo de facilitar nuevos proyectos de perforaci\u00f3n petrolera en alta mar.<\/p>\n\n\n\n<p class=\"wp-block-paragraph\">Para Oceana, organizaci\u00f3n dedicada a la protecci\u00f3n de los oc\u00e9anos, ambas decisiones reflejan una tendencia preocupante: priorizar la expansi\u00f3n de los combustibles f\u00f3siles en una regi\u00f3n de gran importancia para el planeta, que enfrenta los impactos de la crisis clim\u00e1tica y d\u00e9cadas de degradaci\u00f3n ambiental asociada a la industria petrolera.<\/p>\n\n\n\n<p class=\"wp-block-paragraph\">\u201cEl Golfo de M\u00e9xico es un ecosistema compartido. Lo que ocurre en un pa\u00eds tiene consecuencias para toda la regi\u00f3n\u201d, se\u00f1al\u00f3 Renata Terrazas, directora ejecutiva de Oceana.<\/p>\n\n\n\n<p class=\"wp-block-paragraph\">Terrazas agreg\u00f3 que mientras los gobiernos impulsan m\u00e1s perforaci\u00f3n petrolera, las comunidades costeras enfrentan tormentas m\u00e1s intensas, la disminuci\u00f3n de las pesquer\u00edas y la degradaci\u00f3n de los ecosistemas de los que dependen su sustento.<\/p>\n\n\n\n<p class=\"wp-block-paragraph\">La posible incursi\u00f3n de Petrobras en aguas profundas genera preocupaci\u00f3n debido a los altos riesgos ambientales asociados con este tipo de operaciones. Los accidentes en aguas profundas son m\u00e1s complejos de contener y sus impactos pueden extenderse durante a\u00f1os, afectando ecosistemas marinos, actividades pesqueras y econom\u00edas locales.<\/p>\n\n\n\n<p class=\"wp-block-paragraph\">El Golfo de M\u00e9xico ya conoce las consecuencias de la expansi\u00f3n petrolera. Derrames, contaminaci\u00f3n cr\u00f3nica, ruido submarino, destrucci\u00f3n de h\u00e1bitats y emisiones de gases de efecto invernadero han dejado una huella persistente en la regi\u00f3n, afectando tanto a la biodiversidad como a miles de familias que dependen del mar, a\u00f1ade el comunicado.<\/p>\n\n\n\n<p class=\"wp-block-paragraph\">En Estados Unidos, Oceana, representada por Earthjustice, se sum\u00f3 a una demanda contra la decisi\u00f3n de la administraci\u00f3n Trump de retirar protecciones para especies amenazadas y en peligro de extinci\u00f3n en el Golfo de M\u00e9xico.<\/p>\n\n\n\n<p class=\"wp-block-paragraph\">La medida pone en riesgo a 20 especies protegidas, entre ellas tortugas marinas, tiburones, mantarrayas, esturiones y la ballena de Rice, una especie en peligro cr\u00edtico de extinci\u00f3n que habita exclusivamente en el Golfo de M\u00e9xico y cuya poblaci\u00f3n se estima en apenas 51 individuos.<\/p>\n\n\n\n<p class=\"wp-block-paragraph\">De acuerdo con la demanda, el gobierno estadounidense recurri\u00f3 por primera vez a una excepci\u00f3n de seguridad nacional para evitar la aplicaci\u00f3n de protecciones contempladas en la Ley de Especies en Peligro de Extinci\u00f3n, una de las herramientas ambientales m\u00e1s importantes del pa\u00eds.<\/p>\n\n\n\n<p class=\"wp-block-paragraph\">\u201cEl Golfo de M\u00e9xico no reconoce fronteras. Los derrames, la contaminaci\u00f3n y la p\u00e9rdida de biodiversidad tampoco\u201d, agreg\u00f3 Terrazas. \u201cLas decisiones que hoy se toman en materia energ\u00e9tica definir\u00e1n el futuro de las pesquer\u00edas, las comunidades costeras y especies \u00fanicas que existen solamente en estas aguas\u201d.<\/p>\n\n\n\n<p class=\"wp-block-paragraph\">La organizaci\u00f3n advirti\u00f3 que la expansi\u00f3n petrolera ocurre en un momento especialmente cr\u00edtico para la regi\u00f3n. El aumento del nivel del mar, la erosi\u00f3n costera, las tormentas m\u00e1s intensas y la disminuci\u00f3n de algunas poblaciones pesqueras ya est\u00e1n transformando la vida de miles de personas que dependen del Golfo.<\/p>\n\n\n\n<p class=\"wp-block-paragraph\">SEM\/sj<\/p>\n","protected":false},"excerpt":{"rendered":"<p>\u2022 Oceana advierte nueva ola de expansi\u00f3n petrolera en M\u00e9xico y Estados Unidos\u2022 Esto tendr\u00eda con consecuencias para la biodiversidad, las comunidades costeras y el clima Redacci\u00f3nSemM\u00e9xico, Ciudad de M\u00e9xico, 8 de junio, 2026.- El Golfo de M\u00e9xico enfrenta la presi\u00f3n de la industria petrolera en ambos lados de la frontera. Decisiones gubernamentales recientes impulsan [&hellip;]<\/p>\n","protected":false},"author":3,"featured_media":106287,"comment_status":"open","ping_status":"open","sticky":false,"template":"","format":"standard","meta":{"_monsterinsights_skip_tracking":false,"footnotes":""},"categories":[694],"tags":[],"class_list":["post-106286","post","type-post","status-publish","format-standard","has-post-thumbnail","category-destacadas"],"_links":{"self":[{"href":"https:\/\/redsemlac.com\/semmexico\/wp-json\/wp\/v2\/posts\/106286","targetHints":{"allow":["GET"]}}],"collection":[{"href":"https:\/\/redsemlac.com\/semmexico\/wp-json\/wp\/v2\/posts"}],"about":[{"href":"https:\/\/redsemlac.com\/semmexico\/wp-json\/wp\/v2\/types\/post"}],"author":[{"embeddable":true,"href":"https:\/\/redsemlac.com\/semmexico\/wp-json\/wp\/v2\/users\/3"}],"replies":[{"embeddable":true,"href":"https:\/\/redsemlac.com\/semmexico\/wp-json\/wp\/v2\/comments?post=106286"}],"version-history":[{"count":1,"href":"https:\/\/redsemlac.com\/semmexico\/wp-json\/wp\/v2\/posts\/106286\/revisions"}],"predecessor-version":[{"id":106288,"href":"https:\/\/redsemlac.com\/semmexico\/wp-json\/wp\/v2\/posts\/106286\/revisions\/106288"}],"wp:featuredmedia":[{"embeddable":true,"href":"https:\/\/redsemlac.com\/semmexico\/wp-json\/wp\/v2\/media\/106287"}],"wp:attachment":[{"href":"https:\/\/redsemlac.com\/semmexico\/wp-json\/wp\/v2\/media?parent=106286"}],"wp:term":[{"taxonomy":"category","embeddable":true,"href":"https:\/\/redsemlac.com\/semmexico\/wp-json\/wp\/v2\/categories?post=106286"},{"taxonomy":"post_tag","embeddable":true,"href":"https:\/\/redsemlac.com\/semmexico\/wp-json\/wp\/v2\/tags?post=106286"}],"curies":[{"name":"wp","href":"https:\/\/api.w.org\/{rel}","templated":true}]}}