{"id":106262,"date":"2026-06-08T20:51:33","date_gmt":"2026-06-09T02:51:33","guid":{"rendered":"https:\/\/redsemlac.com\/semmexico\/?p=106262"},"modified":"2026-06-08T20:52:06","modified_gmt":"2026-06-09T02:52:06","slug":"a-50-anos-de-las-primeras-jornadas-catalanas-de-la-mujer","status":"publish","type":"post","link":"https:\/\/redsemlac.com\/semmexico\/a-50-anos-de-las-primeras-jornadas-catalanas-de-la-mujer\/","title":{"rendered":"A 50 a\u00f1os de las Primeras Jornadas Catalanas de la Mujer"},"content":{"rendered":"\n<p class=\"wp-block-paragraph\">\u2022 Un espacio considerado ya como un lugar de memoria colectiva del movimiento feminista<br>\u2022 Estamos viviendo unos momentos duros, dif\u00edciles y de eso tambi\u00e9n aprendemos las feministas<\/p>\n\n\n\n<p class=\"wp-block-paragraph\">Fabiola Llanos y Tona Gusi<br>SemM\u00e9xico\/La Independiente, Barcelona, 8 de junio, 2026.- El objetivo principal de la Jornada del 50 aniversario de las Jornadas Catalanas de la Mujer en el Paraninfo de la Universidad de Barcelona -organizada por la Comisi\u00f3n Movimiento Mujeres Feministas y Feministas en el Congreso (FAC)- celebrada este 30 de mayo, fue: \u201crecuperar el esp\u00edritu pol\u00edtico, cr\u00edtico y transformador de las Jornadas del 76 y enlace.<\/p>\n\n\n\n<p class=\"wp-block-paragraph\">Tambi\u00e9n quiso ser: \u00abun espacio de memoria, reflexi\u00f3n y acci\u00f3n pol\u00edtica, as\u00ed como un punto de encuentro intergeneracional, que permitiera poner en di\u00e1logo las luchas hist\u00f3ricas del movimiento feminista con las realidades del presente\u00bb. Un espacio considerado ya como un lugar de memoria colectiva del movimiento feminista, en el que poder \u201creconocer la historia de lucha de las mujeres y reafirmar la vigencia de un feminismo cr\u00edtico, radical y transformador\u201d, en definitiva, un acto de reconocimiento de la genealog\u00eda feminista recuperada de primera mano.<\/p>\n\n\n\n<p class=\"wp-block-paragraph\">El Acto de apertura e inauguraci\u00f3n de la Jornada corri\u00f3 a cargo de una de las miembros de las entidades que convocaban y de la reconocida abogada feminista Magda Oranich . Una habl\u00f3 de los retos del feminismo radical y del v\u00ednculo con los de antes, de recuperar al sujeto pol\u00edtico del movimiento feminista y trasladarlo a las mujeres. Magda Oranich, que no pudo llegar a primera hora de la inauguraci\u00f3n hizo una peque\u00f1a presentaci\u00f3n, a viva voz, sin papeles, sobre lo que para ella significaba ser ese d\u00eda en el Paraninfo de la Universidad de Barcelona, en un acto de recuperaci\u00f3n de la memoria de momentos felices para reivindicar todo lo conseguido. Pero tambi\u00e9n hizo un llamamiento a luchar para todo lo que no se ha logrado todav\u00eda. Sin embargo, encontrarse en el Paraninfo medio siglo despu\u00e9s, se declar\u00f3 feliz de poder compartir este espacio de pensamiento, por hacer memoria, reflexionar sobre el presente y las perspectivas del futuro del movimiento feminista.<\/p>\n\n\n\n<p class=\"wp-block-paragraph\">A continuaci\u00f3n, se proyect\u00f3 el reportaje \u201cPrimeras Jornadas Catalanas de la Mujer\u201d (emitido el 15\/06\/1976). El excelente documental del 76 de TVE sobre las Jornadas Catalanas de la Mujer. Una pieza comentada entre las periodistas asistentes al acto y considerada como muy buena, no s\u00f3lo por su formato sino por la buena labor del equipo period\u00edstico y de las reporteras callejeras, que preguntaban con una claridad, simplicidad y brevedad loables, y que sab\u00edan estirar los hilos de la informaci\u00f3n interesante y fundamental transmitiendo as\u00ed la buena formaci\u00f3n recibida. Otro ejercicio period\u00edstico en un tiempo donde los derechos escaseaban y del que hay que tomar nota.<\/p>\n\n\n\n<p class=\"wp-block-paragraph\">La primera Mesa \u00abAyer Feminista\u00bb<\/p>\n\n\n\n<p class=\"wp-block-paragraph\">Moderada por Joana Colom , cont\u00f3 con la intervenci\u00f3n emotiva de Magda Oranich Solagran ; de Pilar Aguilar que habl\u00f3 sobre \u00abLas que no asistimos a las Jornadas\u00bb; de Gemma C\u00e1novas Sau con \u201cLa misoginia visible y subyacente en lo social\u201d; Lola G. Luna aport\u00f3 el escrito \u201cRecuerdos para el Porvenir\u201d; Anna Mercad\u00e9 hizo o\u00edr sus palabras; y cerr\u00f3 Victoria Send\u00f3n de Le\u00f3n con Sin filtros.<\/p>\n\n\n\n<figure class=\"wp-block-image size-large\"><a href=\"https:\/\/redsemlac.com\/semmexico\/wp-content\/uploads\/2026\/06\/Sin-titulo-08-de-junio-de-2026-a-las-20.38.24-1-1.jpg\"><img loading=\"lazy\" decoding=\"async\" width=\"1024\" height=\"573\" src=\"https:\/\/redsemlac.com\/semmexico\/wp-content\/uploads\/2026\/06\/Sin-titulo-08-de-junio-de-2026-a-las-20.38.24-1-1-1024x573.jpg\" alt=\"\" class=\"wp-image-106264\" srcset=\"https:\/\/redsemlac.com\/semmexico\/wp-content\/uploads\/2026\/06\/Sin-titulo-08-de-junio-de-2026-a-las-20.38.24-1-1-1024x573.jpg 1024w, https:\/\/redsemlac.com\/semmexico\/wp-content\/uploads\/2026\/06\/Sin-titulo-08-de-junio-de-2026-a-las-20.38.24-1-1-300x168.jpg 300w, https:\/\/redsemlac.com\/semmexico\/wp-content\/uploads\/2026\/06\/Sin-titulo-08-de-junio-de-2026-a-las-20.38.24-1-1-768x430.jpg 768w, https:\/\/redsemlac.com\/semmexico\/wp-content\/uploads\/2026\/06\/Sin-titulo-08-de-junio-de-2026-a-las-20.38.24-1-1-150x84.jpg 150w, https:\/\/redsemlac.com\/semmexico\/wp-content\/uploads\/2026\/06\/Sin-titulo-08-de-junio-de-2026-a-las-20.38.24-1-1-696x390.jpg 696w, https:\/\/redsemlac.com\/semmexico\/wp-content\/uploads\/2026\/06\/Sin-titulo-08-de-junio-de-2026-a-las-20.38.24-1-1-1068x598.jpg 1068w, https:\/\/redsemlac.com\/semmexico\/wp-content\/uploads\/2026\/06\/Sin-titulo-08-de-junio-de-2026-a-las-20.38.24-1-1.jpg 1172w\" sizes=\"auto, (max-width: 1024px) 100vw, 1024px\" \/><\/a><\/figure>\n\n\n\n<p class=\"wp-block-paragraph\">Joana Colom hizo referencia al feminismo como elemento transformador de la situaci\u00f3n de las mujeres y de la sociedad de la \u00e9poca y posterior y de acceso a los derechos. A continuaci\u00f3n, present\u00f3 la primera ponente: Pilar Aguilar, feminista andaluza soci\u00f3loga, ensayista, escritora y cr\u00edtica de medios audiovisuales, que empez\u00f3 su exposici\u00f3n agradeciendo a Lola Luna y el resto de las compa\u00f1eras que organizaron la jornada: \u00abyo no asist\u00ed a las jornadas porque estaba en el exilio.<\/p>\n\n\n\n<p class=\"wp-block-paragraph\">De hecho, yo entonces yo no yo no me asist\u00eda\u00bb. Militando en un partido marxista, habl\u00f3 de su fuga gracias a una senderista catalana que le ayud\u00f3 a cruzar los Pirineos. \u00abMe recogi\u00f3 en una plaza peque\u00f1ita y me dijo: camarada, vamos\u00bb.<\/p>\n\n\n\n<p class=\"wp-block-paragraph\">Estamos viviendo unos momentos duros, dif\u00edciles y de eso tambi\u00e9n aprendemos las feministas y uno de los mayores problemas es lo que significaba vivirlo. Las mujeres siempre estamos en primera l\u00ednea del desastre pase lo que pase. Lo de &#8216;las mujeres y los ni\u00f1os primero&#8217; es verdad, pero por lo malo, nunca por lo bueno\u201d. De estas reflexiones y recuerdos estuvo nutrida toda su exposici\u00f3n, acabando con un \u201cmientras (el patriarcado) no nos perciba como un peligro, compa\u00f1eras, sabe mal decirlo, pero no cambiaremos nada. En la actualidad existen nuevas armas que no controlamos y que se utilizan contra nosotros y cualquier idea de progreso humanista. Debemos aprender a controlarlas, para oponernos a ellas. Si est\u00e1s aqu\u00ed es porque sois conscientes de que la lucha contin\u00faa\u201d.<\/p>\n\n\n\n<p class=\"wp-block-paragraph\">Gemma C\u00e1novas Sau psic\u00f3loga cl\u00ednica, psicoterapeuta, investigadora y docente empez\u00f3 haciendo referencia a la cantidad de eventos de todo tipo desde aquel mayo del 76, cuando era estudiante de psicolog\u00eda de la Universidad de Barcelona y militante del mismo colectivo feminista que su madre, la reconocida y recordada Vict\u00f2ria Sau . \u00abSe me encomend\u00f3 leer un texto elaborado por el colectivo y -casualmente- me sent\u00e9 junto a Maria Aur\u00e8lia Capmany. Y aqu\u00ed soy, de nuevo, para reflexionar, revisar lo que hemos conseguido y lo que queda pendiente\u00bb. Hizo hincapi\u00e9 en un sistema patriarcal que tiene vasos comunicantes con la misoginia. \u201cEs camale\u00f3nico: consigue camuflarse, maquillarse, revestirse de modernidad y en esta mesa que se titula \u201cAyer\u201d, tratar\u00e9 de remarcar c\u00f3mo a pesar de los logros se mantiene el sustrato de la misoginia\u201d, haciendo referencia a la mala marejada de los partidos de derecha y de izquierda enarbolando exterior y supuestamente reivindicaciones caer en lo que se llama \u201cideolog\u00eda woke\u201d, que desvirt\u00faa la esencia misma del origen del feminismo.<\/p>\n\n\n\n<p class=\"wp-block-paragraph\">El escrito de Lola Luna , activista feminista radical, historiadora americanista, docente, cofundadora de la editorial Victoria Sau y del grupo \u201cFemistat\u201d y una de las principales promotoras del encuentro, fue le\u00edda por Gr\u00e0cia Medina, titulada \u201crecuerdos para el porvenir\u201d y parafraseando el t\u00edtulo de un libro, para desgranar los recuerdos de la asistencia de Luna en las primeras Jornadas Catalanas de la Mujer y la magia de semillas. \u00abQuisiera que las vivencias que experiment\u00e9 sean una aportaci\u00f3n para el porvenir del feminismo en Catalu\u00f1a. Este porvenir son las j\u00f3venes feministas de hoy y de ma\u00f1ana\u00bb.<\/p>\n\n\n\n<p class=\"wp-block-paragraph\">Record\u00f3 los 50 a\u00f1os que hac\u00eda de las jornadas y de ella como feminista en ese mismo lugar, el paraninfo, y cincuenta a\u00f1os tambi\u00e9n de su incorporaci\u00f3n como docente de la Universidad de Barcelona. \u201cas\u00ed cierro hoy un c\u00edrculo de mi vida que empez\u00f3 cuando con una amiga viajamos desde Madrid a Barcelona haciendo autostop para asistir a las Jornadas. Me acuerdo de un quince de enero de aquel 76 cuando particip\u00e9 en la primera manifestaci\u00f3n feminista, la de la calle Goya.<\/p>\n\n\n\n<p class=\"wp-block-paragraph\">Fue una manifestaci\u00f3n mixta en la que los compa\u00f1eros hacer varias cargas. Son muchas las que volvemos a estar aqu\u00ed y muchas las que ya se han ido, como la Fisa [Aranguren, reconocida feminista libertaria] Las que las conocimos sabemos las que estuvieron y las recordamos\u201d. Lola destac\u00f3 la comunicaci\u00f3n que m\u00e1s les llam\u00f3 la atenci\u00f3n: \u201cLos recuerdos de la comunicaci\u00f3n sobre la sexualidad del seminario colectivo feminista de Barcelona, vienen envueltos en los murmullos que provocaron\u201d. Y que m\u00e1s tarde dieron lugar a una discusi\u00f3n con un grupo de mujeres de un partido pol\u00edtico que consideraba que la sexualidad era un tema de car\u00e1cter burgu\u00e9s, una opini\u00f3n leninista que hab\u00edamos le\u00eddo en Escupamos sobre Hegel ( Carla Lonzi ).<\/p>\n\n\n\n<p class=\"wp-block-paragraph\">Estas compa\u00f1eras del colectivo denunciaban la negaci\u00f3n de la sexualidad femenina, la falacia de la libertad sexual, la identificaci\u00f3n de la sexualidad con la reproducci\u00f3n, la negaci\u00f3n de la riqueza de la sexualidad de las mujeres, etc. \u00c9ste tambi\u00e9n es un recuerdo de la cr\u00edtica feminista radical para hoy y para el futuro.<br>Record\u00f3 a Victoria Sau y su huella como activista, acad\u00e9mica y amiga, que con su grupo GEA, elaboraron y presentaron el proyecto RPA (Reconocimiento, Perd\u00f3n y Abolici\u00f3n del Patriarcado) en la sede de la ONU en 2010 con motivo del Women&#8217;s Forum Beijing +15, una propuesta que entonces Dolores Reguant, presente tambi\u00e9n en el Paraninfo.<\/p>\n\n\n\n<p class=\"wp-block-paragraph\">Fue el turno de Anna Mercad\u00e9 y Ferrando, reconocida activista feminista y co-impulsora de las Jornadas del 76: \u201cVivimos unos d\u00edas hist\u00f3ricos donde todo lo que hac\u00edamos era posible.\u201d La organizaci\u00f3n de las Jornadas fue producto del trabajo del \u201csecretariado de las Jornadas\u201d por muchas mujeres. Ella y Magda Oranich hicieron un homenaje a las que ya han muerto: Montserrat Roig, Maria Aur\u00e8lia Capmany, Victoria Sau, Teresa P\u00e0mies, Anna Balletb\u00f2, N\u00faria Pompeia, Montserrat Minobis , las invisibles secretar\u00edas de la Asociaci\u00f3n de las Naciones Unidas, que nunca salen Rosa Maria Vela y Anna Mar\u00eda Vela.<\/p>\n\n\n\n<p class=\"wp-block-paragraph\">\u201cNos dejaron su sede, porque no pod\u00edamos reunirnos a ninguna parte\u201d. Las cuatro mil mujeres no llegaron porqu\u00e9 s\u00ed. \u00abLos jefes de los partidos pol\u00edticos, los del poder, los medios de comunicaci\u00f3n no sab\u00edan nada, pero nosotros s\u00ed lo sab\u00edamos: el secretariado de las jornadas recibi\u00f3 m\u00e1s de 100 comunicaciones y ponencias para leer a lo largo de 4 d\u00edas. Recibimos mil inscripciones, cuando poner tu nombre en actos p\u00fablicos estaba prohibido. Hac\u00eda mucho que est\u00e1bamos trabajando\u00bb. Detallando hechos y haciendo memoria y reconocimiento, para Anna Mercad\u00e9 una de las consecuencias m\u00e1s importantes fue que las mujeres se dieron cuenta de que pod\u00edan ser independientes econ\u00f3micamente, amas de nuestras vidas, que pod\u00edamos tener a los hijos que quisi\u00e9ramos cu\u00e1ndo y c\u00f3mo nos diera la gana y que el sexo tambi\u00e9n era deseo\u201d.<\/p>\n\n\n\n<p class=\"wp-block-paragraph\">Magda Oranich empez\u00f3 con un \u00abNo s\u00e9 c\u00f3mo nos sali\u00f3 tan bien. Trabajamos mucho, pero fue un milagro y ese milagro fueron las mujeres. Hubo un momento que Fabi\u00e0 Estap\u00e9, entonces p\u00e1rroco de la Universidad de Barcelona nos dijo: \u00abno se porque he autorizado todo esto. \u00a1Me lo destrozar\u00e1n todo!\u00bb Oranich fue enf\u00e1tica \u00abTodas nos dimos cuenta de que las mujeres quer\u00edamos la libertad.<\/p>\n\n\n\n<p class=\"wp-block-paragraph\">Eran momentos muy duros. Hac\u00eda poco de las \u00faltimas ejecuciones. Y las mujeres quer\u00edamos libertad porque todo el mundo sufri\u00f3 la dictadura, pero las mujeres sufr\u00edamos tambi\u00e9n una dictadura bien grande en casa.\u00bb Ley\u00f3 unos p\u00e1rrafos de la \u00abGu\u00eda de la buena esposa. 11 reglas para mantener feliz a tu marido\u00bb que les hac\u00edan estudiar.<\/p>\n\n\n\n<p class=\"wp-block-paragraph\">Haciendo memoria de la situaci\u00f3n general de las mujeres, record\u00f3 que el primer d\u00eda de las jornadas, a la hora del almuerzo, se ten\u00eda que ir a comer y no hab\u00eda restaurantes para 4000. Aquel d\u00eda sali\u00f3 una mujer que dijo \u201cHe decidido que hoy ser\u00e1 el primer d\u00eda que no ir\u00e9 a casa a hacer una reivindicaci\u00f3n \u00a1que se le hagan de ellos! profundidad. Si no hubi\u00e9semos hecho las jornadas no s\u00e9 yo si hubi\u00e9semos conseguido muchos de los cambios y derechos que conseguimos despu\u00e9s.<\/p>\n\n\n\n<p class=\"wp-block-paragraph\">Record\u00f3 a Beijing, y los derechos que nos quedan por conseguir por todas partes. \u201cPoco se habla de las mujeres a las que todav\u00eda matan por quitarse el velo\u201d. Record\u00f3 c\u00f3mo Mercad\u00e9 habl\u00f3 con sus compa\u00f1eras, ahora muertas como Rosa Gris\u00f3, que representaba a las Mujeres Cat\u00f3licas cuando se cuestion\u00f3 su asistencia \u201c\u00bfpero por qu\u00e9 no ten\u00edan que estar?\u201d. que votaron a favor del aborto, y que hicieron que todo saliera perfecto. A veces existen los milagros. Debemos tener fuerza porque hoy estamos en una situaci\u00f3n mucho m\u00e1s f\u00e1cil que entonces\u201d.<\/p>\n\n\n\n<p class=\"wp-block-paragraph\">No as\u00ed desde el punto de vista legal, que segundo Oranich: \u201clos derechos hoy los tenemos, pero no accedemos a ellos. No podemos dar ni un paso atr\u00e1s, por una sociedad m\u00e1s justa y una igualdad real entre hombres y mujeres\u201d.<\/p>\n\n\n\n<p class=\"wp-block-paragraph\">Cerr\u00f3 las intervenciones de la primera mesa, Victoria Send\u00f3n de Le\u00f3n con Sin filtros, sin ideolog\u00edas o falsas conciencias. Desde su pasado como feminista independiente, aut\u00f3nomo, plant\u00e1ndole cara a las diversas corrientes dominantes, Send\u00f3n dijo que su feminismo ten\u00eda su origen en te\u00f3ricas como Luce Irigaray y Kate Millet, es decir, del feminismo de la diferencia y radical, m\u00e1s que el de Simone de Beauvoir, gran maestra del feminismo de la no era ni siquiera feminista sino existencialista. A partir de su obra, se ha intentado llegar a la igualdad a partir del modelo que tiene como sujeto universal al hombre, aspirando a la igualdad con \u00e9l como camino del feminismo, que tiene como gu\u00eda una l\u00f3gica de la justicia que tiene como misi\u00f3n \u00fanica la igualdad de derechos, respeto, oportunidades, etc.<\/p>\n\n\n\n<p class=\"wp-block-paragraph\">EL HOY y las temperaturas del feminismo<\/p>\n\n\n\n<p class=\"wp-block-paragraph\">\u00abHOY\u00bb fue el tema de la segunda Mesa con la moderaci\u00f3n de Mar\u00eda Jos\u00e9 Varela y las intervenciones de: Silvia Carrasco con \u00abLa ofensiva queer contra los derechos de las mujeres: transgenerismo vs emancipaci\u00f3n\u00bb; Juana Gallego con \u201c50 a\u00f1os despu\u00e9s las Mujeres seguimos En Lucha\u201d; Amparo Ma\u00f1\u00e9s disert\u00f3 sobre \u201cFeminismo para un cambio pol\u00edtico real\u201d; Isabel P. Molina habl\u00f3 sobre \u00abFranquismo, transici\u00f3n y evoluci\u00f3n actual\u00bb; y Amelia Tiganus cerr\u00f3 la mesa con el tema \u201cDel burdel al algoritmo: la mutaci\u00f3n del sistema prostitucional\u201d.<\/p>\n\n\n\n<figure class=\"wp-block-image size-large\"><a href=\"https:\/\/redsemlac.com\/semmexico\/wp-content\/uploads\/2026\/06\/Sin-titulo-08-de-junio-de-2026-a-las-20.40.43-1.jpg\"><img loading=\"lazy\" decoding=\"async\" width=\"1024\" height=\"580\" src=\"https:\/\/redsemlac.com\/semmexico\/wp-content\/uploads\/2026\/06\/Sin-titulo-08-de-junio-de-2026-a-las-20.40.43-1-1024x580.jpg\" alt=\"\" class=\"wp-image-106265\" srcset=\"https:\/\/redsemlac.com\/semmexico\/wp-content\/uploads\/2026\/06\/Sin-titulo-08-de-junio-de-2026-a-las-20.40.43-1-1024x580.jpg 1024w, https:\/\/redsemlac.com\/semmexico\/wp-content\/uploads\/2026\/06\/Sin-titulo-08-de-junio-de-2026-a-las-20.40.43-1-300x170.jpg 300w, https:\/\/redsemlac.com\/semmexico\/wp-content\/uploads\/2026\/06\/Sin-titulo-08-de-junio-de-2026-a-las-20.40.43-1-768x435.jpg 768w, https:\/\/redsemlac.com\/semmexico\/wp-content\/uploads\/2026\/06\/Sin-titulo-08-de-junio-de-2026-a-las-20.40.43-1-150x85.jpg 150w, https:\/\/redsemlac.com\/semmexico\/wp-content\/uploads\/2026\/06\/Sin-titulo-08-de-junio-de-2026-a-las-20.40.43-1-696x394.jpg 696w, https:\/\/redsemlac.com\/semmexico\/wp-content\/uploads\/2026\/06\/Sin-titulo-08-de-junio-de-2026-a-las-20.40.43-1-1068x605.jpg 1068w, https:\/\/redsemlac.com\/semmexico\/wp-content\/uploads\/2026\/06\/Sin-titulo-08-de-junio-de-2026-a-las-20.40.43-1.jpg 1276w\" sizes=\"auto, (max-width: 1024px) 100vw, 1024px\" \/><\/a><\/figure>\n\n\n\n<p class=\"wp-block-paragraph\">La primera participante, S\u00edlvia Carrasco, hizo una disertaci\u00f3n general sobre las mujeres feministas de la disidencia de la ideolog\u00eda imperante. Hizo una cr\u00edtica a la falta de investigaci\u00f3n y trabajos en la investigaci\u00f3n sobre la salud de las mujeres, sobre todo en lo que se refiere a los ni\u00f1os en relaci\u00f3n con el transgenerismo y el tipo de coeducaci\u00f3n en las aulas. Hizo la pregunta de por qu\u00e9 no se est\u00e1 haciendo nada desde la poblaci\u00f3n general y desde los medios de comunicaci\u00f3n generalistas, con todo lo que comporta de estad\u00edsticas err\u00f3neas, aunque en este tema quien entra en detalle fue la tercera participante, la compa\u00f1era de Valencia Amparo Ma\u00f1\u00e9s.<\/p>\n\n\n\n<p class=\"wp-block-paragraph\">La segunda participante fue Joana Gallego que explic\u00f3 c\u00f3mo ha funcionado la cancelaci\u00f3n, el c\u00f3mo te echan si no est\u00e1s en comuni\u00f3n con la postulaci\u00f3n del pensamiento de la ideolog\u00eda imperante. De c\u00f3mo el periodismo acad\u00e9mico est\u00e1 echando a una serie de mujeres periodistas y de su propio caso cuando fue expulsada. Tambi\u00e9n habl\u00f3 de por d\u00f3nde va el feminismo actual.<\/p>\n\n\n\n<p class=\"wp-block-paragraph\">Amparo Ma\u00f1\u00e9s, aparte de mostrar la necesidad de estad\u00edsticas reales, hizo una cr\u00edtica de c\u00f3mo desde el patriarcado se ha tratado al feminismo despu\u00e9s de las grandes movilizaciones, como desde los principales instrumentos del poder pol\u00edtico a partir de 2018 se ha introducido el caballo de Troya del transgenerismo dentro del feminismo, excluyendo al sujeto pol\u00edtico que es el sujeto pol\u00edtico.<br>La Mesa tambi\u00e9n consider\u00f3 que la introducci\u00f3n de seg\u00fan qu\u00e9 transversalidades o interseccionalidades desde las izquierdas progresistas ha llevado a la confusi\u00f3n, cuando no contribuido a la p\u00e9rdida de la mujer como sujeto pol\u00edtico.<\/p>\n\n\n\n<p class=\"wp-block-paragraph\">Isabel P. Molina que ofreci\u00f3 una ponencia muy interesante, trabajada y esmerada sobre \u201cFranquismo, transici\u00f3n y evoluci\u00f3n actual\u201d, comienza destacando que a pesar de la discriminaci\u00f3n de la mujer y que s\u00f3lo una minor\u00eda trabajaba: \u201cAun as\u00ed, las primeras huelgas que hubo durante el franquismo, las protagonizaron mujeres de la Sra. de Manresa. 1946, \u00a1en pleno franquismo!, las mujeres hicieron una huelga, se plantaron ante los due\u00f1os de una f\u00e1brica de Manresa pidiendo mejoras salariales\u2026 de hecho, es un hecho hist\u00f3rico bastante conocido como la Huelga de las Mujeres de Manresa. Por tanto tenemos una historia que est\u00e1 completamente invisibilizada\u2026\u201d. Su ponencia fue desgranando el trigo de la paja, en un gran ejercicio de recuperaci\u00f3n de la memoria hist\u00f3rica de las mujeres hasta la fecha.<\/p>\n\n\n\n<p class=\"wp-block-paragraph\">Por su parte Amelia Tiganus , con el tema \u00abDel burdel al algoritmo: la mutaci\u00f3n del sistema prostitucional\u00bb cerr\u00f3 la mesa con toda la fuerza y las palabras valientes que la caracterizan: \u00abEl sistema prostitucional creo que debe ocupar un tema central, al menos, de las feministas radicales. Este 8 de marzo he estado en una de las manifestaciones femin haber ni un solo programa, ni una sola consigna relacionada con el proxenetismo digital, relacionada con la prostituci\u00f3n 2.0. Es decir, nos estamos quedando atr\u00e1s una vez m\u00e1s.<\/p>\n\n\n\n<p class=\"wp-block-paragraph\">En un tono m\u00e1s personal se explica: \u00abPues yo os digo la verdad, estoy cansada de ser tan inteligente. O sea, quiero ser una\u2026 \u00bfuna ameba a veces, vale? Pero fui a mi terapia con mi psic\u00f3loga y le dije: \u00abCarmina, estoy as\u00ed desolada, \u00bfno qu\u00e9 aguanto m\u00e1s. \u00bfPor qu\u00e9 soy lo que soy? marido, que es un hombre estupendo, pero caray, que es un hombre- \u00bfpor qu\u00e9 no puedo ser como Miguel \u00c1ngel, tranquila, que nada me perturbe&#8217; Y me respondi\u00f3: &#8216;Am\u00e9lia, porque \u00e9l vive dentro de \u00e9l y me espera la lucha. de esas miles de mujeres que antes de que nosotros consiguieron todo lo que disfrutamos hoy, y tenemos la obligaci\u00f3n moral, la obligaci\u00f3n \u00e9tica de seguir luchando y seguir construyendo un mundo mejor del que nos hemos encontrado. Y las mujeres del Paraninfo estuvieron de acuerdo con unos aplausos largos y sonoros.<\/p>\n\n\n\n<p class=\"wp-block-paragraph\">En las palabras del Turno abierto la periodista y profesora de periodismo con visi\u00f3n de g\u00e9nero Pilar L\u00f3pez , defendi\u00f3 la terminolog\u00eda \u00abviolencia masculina\u00bb m\u00e1s que violencia de g\u00e9nero o violencia machista: \u00abComo feminista desde pr\u00e1cticamente en 1982, para m\u00ed el problema principal que tenemos las mujeres es la violencia masculina contra las mujeres. Y seg\u00fan las \u00faltimas mujeres. asesinadas por sus parejas, exparejas o familiares. \u00a1Es decir que cada 10 minutos, seg\u00fan la ONU, un hombre asesina a una mujer.<\/p>\n\n\n\n<figure class=\"wp-block-image size-large\"><a href=\"https:\/\/redsemlac.com\/semmexico\/wp-content\/uploads\/2026\/06\/Sin-titulo-08-de-junio-de-2026-a-las-20.41.30-1.jpg\"><img loading=\"lazy\" decoding=\"async\" width=\"1024\" height=\"571\" src=\"https:\/\/redsemlac.com\/semmexico\/wp-content\/uploads\/2026\/06\/Sin-titulo-08-de-junio-de-2026-a-las-20.41.30-1-1024x571.jpg\" alt=\"\" class=\"wp-image-106267\" srcset=\"https:\/\/redsemlac.com\/semmexico\/wp-content\/uploads\/2026\/06\/Sin-titulo-08-de-junio-de-2026-a-las-20.41.30-1-1024x571.jpg 1024w, https:\/\/redsemlac.com\/semmexico\/wp-content\/uploads\/2026\/06\/Sin-titulo-08-de-junio-de-2026-a-las-20.41.30-1-300x167.jpg 300w, https:\/\/redsemlac.com\/semmexico\/wp-content\/uploads\/2026\/06\/Sin-titulo-08-de-junio-de-2026-a-las-20.41.30-1-768x428.jpg 768w, https:\/\/redsemlac.com\/semmexico\/wp-content\/uploads\/2026\/06\/Sin-titulo-08-de-junio-de-2026-a-las-20.41.30-1-150x84.jpg 150w, https:\/\/redsemlac.com\/semmexico\/wp-content\/uploads\/2026\/06\/Sin-titulo-08-de-junio-de-2026-a-las-20.41.30-1-696x388.jpg 696w, https:\/\/redsemlac.com\/semmexico\/wp-content\/uploads\/2026\/06\/Sin-titulo-08-de-junio-de-2026-a-las-20.41.30-1-1068x596.jpg 1068w, https:\/\/redsemlac.com\/semmexico\/wp-content\/uploads\/2026\/06\/Sin-titulo-08-de-junio-de-2026-a-las-20.41.30-1.jpg 1253w\" sizes=\"auto, (max-width: 1024px) 100vw, 1024px\" \/><\/a><\/figure>\n\n\n\n<p class=\"wp-block-paragraph\">La mesa se present\u00f3 como el lugar para recoger los \u00e9xitos y avances del feminismo, Para no dar ning\u00fan paso atr\u00e1s y que acelere los procesos de emancipaci\u00f3n real de las mujeres por todas partes, una mesa que apunte a un futuro constantemente amenazado por el conservadurismo y la extrema derecha con una izquierda totalmente perdida.<\/p>\n\n\n\n<p class=\"wp-block-paragraph\">Se habl\u00f3 de propuestas de futuro por el feminismo y su origen, la base de todo: la Coeducaci\u00f3n, sus retos actuales y del impacto de la educaci\u00f3n afectivo-sexual co-educadora.<\/p>\n\n\n\n<p class=\"wp-block-paragraph\">Gracia Medina denunci\u00f3: \u00abHace 50 a\u00f1os \u00e9ramos vigiladas por la ultraderecha, y hoy nos encontramos asediadas tambi\u00e9n por los partidos de izquierda. Pero nosotros, a la nuestra. Esta tarde toca hablar de futuro. Un futuro que reconozca y recoja los logros alcanzados por el feminismo, que no permita dar ni un paso atr\u00e1s y que acelere los procesos\u00bb.<\/p>\n\n\n\n<p class=\"wp-block-paragraph\">\u00abEl pendulazo que se viene. C\u00f3mo la ultraderecha capitaliza la falta esperanzas de futuro de los j\u00f3venes\u00bb por Jessica Fillol<\/p>\n\n\n\n<p class=\"wp-block-paragraph\">Mediante un excelente y bien documentado powerpoint, Fillol explic\u00f3 los problemas actuales de la gente joven, vivienda, trabajo, salidas profesionales\u2026 Haga un repaso a la actualidad de los contenidos de las redes y plataformas m\u00e1s visitados en la actualidad, de las influencers hombres y las influencers mujeres, de los modelos de hombres y mujeres que proponen. Y c\u00f3mo denunciarlo e incidir desde el feminismo. Y la coeducaci\u00f3n de verdad ser\u00eda una de las formas, afirm\u00f3.<\/p>\n\n\n\n<p class=\"wp-block-paragraph\">Laura Hedo \u00abLos retos actuales de la coeducaci\u00f3n\u00bb<\/p>\n\n\n\n<p class=\"wp-block-paragraph\">\u00abTenemos un sue\u00f1o, ahora que las docentes de la educaci\u00f3n p\u00fablica estamos en huelga, no s\u00f3lo en Catalu\u00f1a, sino en otras comunidades aut\u00f3nomas, porque, sobre todo despu\u00e9s de la crisis econ\u00f3mica, las diferentes legislaturas no aman ni cuidan la educaci\u00f3n p\u00fablica, y la situaci\u00f3n en las aulas, es insostenible. Tambi\u00e9n me gustar\u00eda pedir, ya que quiz\u00e1s ya ha llegado el momento de de infancia su lugar en esta sociedad, y hacerlo desde la coeducaci\u00f3n. Sabemos que los primeros a\u00f1os de vida son muy importantes para empezar a educar. Por tanto, no es una etapa aislada, sino que debe introducirse junto al resto de reivindicaciones.<\/p>\n\n\n\n<p class=\"wp-block-paragraph\">De entre las aportaciones de los a\u00f1os 70-90, a su juicio, lo m\u00e1s importante es la aportaci\u00f3n que todas estas mujeres hicieron en el cambio de la definici\u00f3n de coeducaci\u00f3n. Hasta ese momento se cre\u00eda que la coeducaci\u00f3n era la escuela mixta, poner a ni\u00f1os y ni\u00f1as juntos en un aula y ya est\u00e1, ya se acabar\u00eda con el machismo. Y ni mucho menos. Ellas, a trav\u00e9s de su investigaci\u00f3n, desmintieron esta idea.\u201d A continuaci\u00f3n alert\u00f3 sobre los cambios sutiles y no tanto que se han venido produciendo: \u201cEl material que no responde a la teor\u00eda feminista, ni a las exigencias de la coeducaci\u00f3n. Sino que nos encontramos con un material con ideas generistas baadas en las creencias de la ideolog\u00eda de g\u00e9nero\u201d.<\/p>\n\n\n\n<p class=\"wp-block-paragraph\">Olga Martin Caballero , jurista feminista, present\u00f3 \u201cPropuestas de futuro para el feminismo\u201d, empezando por evidenciar que muchos de los cambios de hoy en d\u00eda son provocados por la imposici\u00f3n de las nuevas tecnolog\u00edas y el activismo social v\u00eda redes sociales. La batalla cultural gramsciana liderada por los medios de comunicaci\u00f3n y unas pol\u00edticas p\u00fablicas y educativas insuficientes que no es s\u00f3lo el bajo nivel educativo.<\/p>\n\n\n\n<p class=\"wp-block-paragraph\">\u00abLa educaci\u00f3n es un derecho y estudiar es un acto revolucionario. Nos encontramos ante un muro de desinformaci\u00f3n que afecta especialmente a la poblaci\u00f3n joven con una falta de esp\u00edritu cr\u00edtico generalizado, falta de compromisos reales en las acciones f\u00edsicas, desconocimiento de la memoria democr\u00e1tica y memoria hist\u00f3rica, discursos de odio hacia las mujeres, cancelaci\u00f3n de feministas y cancelaci\u00f3n de feministas y cancelaci\u00f3n de feministas y extendiendo por europa gracias al trato indulgente de las democracias liberales y del relevo generacional en las democracias electorales.\u201d<\/p>\n\n\n\n<p class=\"wp-block-paragraph\">Seg\u00fan Martin Caballero, lo m\u00e1s importante para el futuro es hacer memoria y recuperar la genealog\u00eda cr\u00edtica, porque sin ello nada se puede entender de la resistencia de las mujeres contra el sistema patriarcal, tambi\u00e9n hay que evitar centrarnos en la institucionalizaci\u00f3n del movimiento y sus metas. \u201cEst\u00e1 muy bien tensionar el sistema desde el activismo callejero, cada una desde sus opiniones, pero tambi\u00e9n La mesa se present\u00f3 como el lugar para recoger los \u00e9xitos y avances del feminismo, para no dar ning\u00fan paso atr\u00e1s y que acelere los procesos de emancipaci\u00f3n real de las mujeres por todas partes, una mesa que apunte a un futuro constantemente amenazada.<\/p>\n\n\n\n<p class=\"wp-block-paragraph\">Se habl\u00f3 de propuestas de futuro por el feminismo y su origen, la base de todo: la Coeducaci\u00f3n, sus retos actuales y del impacto de la educaci\u00f3n afectivo-sexual co-educadora.<\/p>\n\n\n\n<p class=\"wp-block-paragraph\">Gr\u00e0cia Medina denunci\u00f3: \u00abHace cincuenta a\u00f1os \u00e9ramos vigiladas por la ultraderecha, y hoy nos encontramos asediadas tambi\u00e9n por los partidos de izquierda. Pero nosotros, a la nuestra. Esta tarde toca hablar de futuro. Un futuro que reconozca y recoja los logros alcanzados por el feminismo, que no permita dar ni un paso atr\u00e1s y que acelere los procesos\u00bb.<\/p>\n\n\n\n<p class=\"wp-block-paragraph\">\u00abEl pendulazo que se viene. Como la ultraderecha capitaliza la falta de esperanzas de futuro de los j\u00f3venes\u00bb por Jessica Fillol<\/p>\n\n\n\n<p class=\"wp-block-paragraph\">Mediante un excelente y bien documentado PowerPoint, Fillol explic\u00f3 los problemas actuales de la gente joven, vivienda, trabajo, salidas profesionales\u2026 Haga un repaso a la actualidad de los contenidos de las redes y plataformas m\u00e1s visitados en la actualidad, de los influencers hombres y las influencers mujeres, de los modelos de hombres y mujeres que proponen. Y c\u00f3mo denunciarlo e incidir desde el feminismo. Y la coeducaci\u00f3n de verdad ser\u00eda una de las formas, afirm\u00f3.<\/p>\n\n\n\n<p class=\"wp-block-paragraph\">Laura Hedo \u00abLos retos actuales de la coeducaci\u00f3n\u00bb<\/p>\n\n\n\n<p class=\"wp-block-paragraph\">\u00abTenemos un sue\u00f1o, ahora que las docentes de la educaci\u00f3n p\u00fablica estamos en huelga, no s\u00f3lo en Catalu\u00f1a, sino en otras comunidades aut\u00f3nomas, porque, sobre todo despu\u00e9s de la crisis econ\u00f3mica, las diferentes legislaturas no aman ni cuidan la educaci\u00f3n p\u00fablica, y la situaci\u00f3n en las aulas, es insostenible. Tambi\u00e9n me gustar\u00eda pedir, ya que quiz\u00e1s ya ha llegado el momento de de infancia su sitio en esta sociedad, y hacerlo desde la coeducaci\u00f3n. Sabemos que los primeros a\u00f1os de vida son muy importantes para empezar a educar.<\/p>\n\n\n\n<p class=\"wp-block-paragraph\">De entre las aportaciones de los a\u00f1os 70-90, en su opini\u00f3n, lo m\u00e1s importante es la aportaci\u00f3n que todas estas mujeres hicieron en el cambio de la definici\u00f3n de coeducaci\u00f3n. Hasta ese momento se cre\u00eda que la coeducaci\u00f3n era la escuela mixta, poner a ni\u00f1os y ni\u00f1as juntos en un aula y ya est\u00e1, ya se acabar\u00eda con el machismo. Y ni mucho menos. Ellas, a trav\u00e9s de su investigaci\u00f3n, desmintieron esta idea\u201d. A continuaci\u00f3n, alert\u00f3 sobre los cambios sutiles y no tanto que se han venido produciendo: \u201cEl material que no responde a la teor\u00eda feminista, ni a las exigencias de la coeducaci\u00f3n. Si no que nos encontramos con un material con ideas generistas basadas en las creencias de la ideolog\u00eda de g\u00e9nero\u201d.<\/p>\n\n\n\n<p class=\"wp-block-paragraph\">Olga Martin Caballero, jurista feminista, present\u00f3 \u201cPropuestas de futuro para el feminismo\u201d, empezando por evidenciar que muchos de los cambios de hoy en d\u00eda son provocados por la imposici\u00f3n de las nuevas tecnolog\u00edas y el activismo social v\u00eda redes sociales. La batalla cultural gramsciana liderada por los medios de comunicaci\u00f3n y unas pol\u00edticas p\u00fablicas y educativas insuficientes que no es s\u00f3lo el bajo nivel educativo.<\/p>\n\n\n\n<p class=\"wp-block-paragraph\">\u00abLa educaci\u00f3n es un derecho y estudiar es un acto revolucionario. Nos encontramos ante un muro de desinformaci\u00f3n que afecta especialmente a la poblaci\u00f3n joven con una falta de esp\u00edritu cr\u00edtico generalizado, falta de compromiso reales en las acciones f\u00edsicas, desconocimiento de la memoria democr\u00e1tica y memoria hist\u00f3rica, discursos de odio hacia las mujeres, cancelaci\u00f3n de feministas y uno de ellos por Europa gracias al trato indulgente de las democracias liberales y del relevo generacional en las democracias electorales\u201d.<\/p>\n\n\n\n<p class=\"wp-block-paragraph\">Seg\u00fan Martin Caballero, lo m\u00e1s importante para el futuro es hacer memoria y recuperar la genealog\u00eda cr\u00edtica, porque sin ello nada se puede entender de la resistencia de las mujeres contra el sistema patriarcal, tambi\u00e9n hay que evitar centrarnos en la institucionalizaci\u00f3n del movimiento y sus metas. \u00abEst\u00e1 muy bien tensionar el sistema desde el activismo callejero, cada una desde sus opiniones, pero tambi\u00e9n debemos ocupar otros espacios (medios de comunicaci\u00f3n y cultural). Debemos hacernos ver y entender\u00bb. Termin\u00f3 su exposici\u00f3n condenando el genocidio a Palestina por parte de Israel.<\/p>\n\n\n\n<p class=\"wp-block-paragraph\">Carla Povill, soci\u00f3loga y cientista pol\u00edtica feminista present\u00f3 \u00abEl reto de construir un feminismo para el futuro\u00bb . \u00abLas feministas so\u00f1amos con un mundo donde las mujeres seamos libres y aut\u00f3nomas con estructuras sociales centradas en nuestras necesidades, intereses y deseos. Por eso, hace siglos que construimos una genealog\u00eda pol\u00edtica y te\u00f3rica propia: el feminismo capaz de descolonizar la mente de las mujeres, individual y colectivamente\u00bb.<\/p>\n\n\n\n<p class=\"wp-block-paragraph\">Destacando a pesar del entrismo de supuestos aliados, las mujeres han sido capaces de resistir, responder y reconfigurar el movimiento feminista para hacer frente a los retos que tenemos: la defensa de los privilegios masculinos a trav\u00e9s de la doctrina queer, el transactivismo o la legitimaci\u00f3n del acceso de los hombres a los cuerpos de las mujeres y ni\u00f1as que se hace desde el fen\u00f3meno de las tradwifes, rutinas de skincare , etc.) promovida por la derecha y otros grupos conservadores. \u00abPor estos motivos debemos superar las falsas dicotom\u00edas que nos hacen enfrentar entre nosotros, atrapadas dentro de un marco de pensamiento patriarcal que nos impide la construcci\u00f3n de un nuevo marco feminista radical\u00bb, remach\u00f3.<\/p>\n\n\n\n<p class=\"wp-block-paragraph\">Sandra Sedano psicopedagoga experta en Coeducaci\u00f3n , \u201cEl impacto de la Educaci\u00f3n Afectivo Sexual coeducadora\u201d, dijo: \u201cNo quiero acabar con ese mal gusto de &#8216;qu\u00e9 futuro que nos espera&#8217;\u201d.<\/p>\n\n\n\n<p class=\"wp-block-paragraph\">Explic\u00f3 que en el 2023 el servicio de igualdad qued\u00f3 en manos de VOX ya lo largo de dos a\u00f1os ella y su compa\u00f1\u00eda idearon estrategias para sobrevivir al mal trago. \u00abBiolog\u00eda\u00bb en lugar de \u00absexo\u00bb, \u00abdecisiones sociales\u00bb en lugar de \u00abg\u00e9nero\u00bb, etc. \u00abTener a esta gente dici\u00e9ndonos c\u00f3mo ten\u00edamos que hacer las cosas nos hizo encontrar recursos, imaginaci\u00f3n. La gota malaya va calando.<\/p>\n\n\n\n<p class=\"wp-block-paragraph\">A pesar de que el EAS est\u00e1 atravesada por lo queer, debemos entrar por la puerta de atr\u00e1s, elaborar estrategias. Tenemos que intentar hacer mucha pedagog\u00eda, porque esta educaci\u00f3n es una ventana\u00bb.<\/p>\n\n\n\n<p class=\"wp-block-paragraph\">\u201cAnte los efectos de la pornograf\u00eda en las islas Baleares, una EAS cr\u00edtica, como una bombilla que nos da luz y un poquito de calor, tambi\u00e9n, como una parte de la educaci\u00f3n, nos da competencias y habilidades para la vida, nos da valores, habilidades y conocimientos y con ello debemos trabajar, en contra de muchas corrientes: en el momento que estamos dentro del aula de alumnado que no est\u00e1 escuchando, nos centraremos en ese 75% que s\u00ed lo est\u00e1 haciendo\u201d. Se hace 24\/7, con esp\u00edritu cr\u00edtico porque no puede escapar de ning\u00fan mensaje del patriarcado. Es nuestra labor fundamental\u201d, concluy\u00f3.<\/p>\n\n\n\n<p class=\"wp-block-paragraph\">Despu\u00e9s del turno de palabras, hubo el Mon\u00f3logo \u201cDiscurso de Clara Campoamor en las Cortes el 1 de octubre de 1931\u201d a cargo de Teresa Soria Ruano de ocupar otros espacios (medios de comunicaci\u00f3n y cultural). Debemos hacernos ver y entender.\u201d Acab\u00f3 su exposici\u00f3n condenando el genocidio en Palestina por parte de Israel.<\/p>\n\n\n\n<p class=\"wp-block-paragraph\">Carla Povill, soci\u00f3loga y cientista pol\u00edtica feminista present\u00f3 \u201cEl reto de construir un feminismo para el futuro\u201d. \u00abLas feministas so\u00f1amos con un mundo donde las mujeres seamos libres y aut\u00f3nomas con estructuras sociales centradas en nuestras necesidades, intereses y deseos. Por eso, llevamos siglos construyendo una genealog\u00eda pol\u00edtica y te\u00f3rica propia: el feminismo capaz de descolonizar la mente de las mujeres, individual y colectivamente\u00bb.<\/p>\n\n\n\n<p class=\"wp-block-paragraph\">Destacando a pesar del entrismo de supuestos aliados, las mujeres han sido capaces de resistir, responder y reconfigurar el movimiento feminista para hacer frente a los retos que tenemos por delante: la defensa de los privilegios masculinos a trav\u00e9s de la doctrina queer, el transactivismo o la legitimaci\u00f3n del acceso de los hombres a los cuerpos de las mujeres y ni\u00f1as que se hace algoritmos (el fen\u00f3meno de las tradwifes, rutinas de skincare o mujeres, etc) promovida por la derecha y otros grupos conservadores. \u00abPor estos motivos debemos superar las falsas dicotom\u00edas que nos hacen enfrentarnos entre nosotros, atrapadas dentro de un marco de pensamiento patriarcal que nos impide la construcci\u00f3n de un nuevo marco feminista radical\u00bb, remach\u00f3.<\/p>\n\n\n\n<p class=\"wp-block-paragraph\">Sandra Sedano psicopedadoga experta en Coeducaci\u00f3n \u201cEl impacto de la Educaci\u00f3n Afectivo Sexual coeducadora\u201d, dijo: \u201cNo quiero acabar con ese mal gusto de &#8216;qu\u00e9 futuro que nos espera&#8217;.\u201d Explic\u00f3 que en 2023 el servicio de igualdad qued\u00f3 en manos de VOX ya lo largo de 2 a\u00f1os ella y su compa\u00f1\u00eda idearon estrategias para sobrevivir al mal trago. \u00abBiolog\u00eda\u00bb en lugar de \u00absexo\u00bb, \u00abdecisiones sociales\u00bb en lugar de \u00abg\u00e9nero\u00bb, etc. \u00abTener a esta gente dici\u00e9ndonos c\u00f3mo ten\u00edamos que hacer las cosas nos hizo encontrar recursos, imaginaci\u00f3n.<\/p>\n\n\n\n<p class=\"wp-block-paragraph\">La gota malaya va calando. A pesar de que el EAS est\u00e1 atravesada por lo queer, debemos entrar por la puerta de atr\u00e1s, elaborar estrategias. Tenemos que intentar hacer mucha pedagog\u00eda, porque esta educaci\u00f3n es una ventana\u00bb. \u201cAnte los efectos de la pornograf\u00eda en las islas Baleares, una EAS cr\u00edtica, como una bombilla que nos da luz y un poquito de calor, tambi\u00e9n, como una parte de la educaci\u00f3n, nos da competencias y habilidades para la vida, nos da valores, habilidades y conocimientos y con ello debemos trabajar, en contra de muchas nos hay en una de ellas 25 por ciento de alumnado que no nos est\u00e1 escuchando, vamos a centrarnos en ese 75 por ciento que s\u00ed que lo est\u00e1 haciendo\u201d. Se hace 24\/7, con esp\u00edritu cr\u00edtico porque no puede escapar de ning\u00fan mensaje del patriarcado. Es nuestra labor fundamental\u201d, concluy\u00f3.<\/p>\n\n\n\n<p class=\"wp-block-paragraph\">Despu\u00e9s del turno de palabras, hubo el Mon\u00f3logo \u201cDiscurso de Clara Campoamor en las Cortes el 1 de octubre de 1931\u201d a cargo de Teresa Soria Ruano.<\/p>\n\n\n\n<figure class=\"wp-block-image size-large\"><a href=\"https:\/\/redsemlac.com\/semmexico\/wp-content\/uploads\/2026\/06\/Untitled-June-09-2026-at-02.43.15-1.jpg\"><img loading=\"lazy\" decoding=\"async\" width=\"772\" height=\"1024\" src=\"https:\/\/redsemlac.com\/semmexico\/wp-content\/uploads\/2026\/06\/Untitled-June-09-2026-at-02.43.15-1-772x1024.jpg\" alt=\"\" class=\"wp-image-106268\" srcset=\"https:\/\/redsemlac.com\/semmexico\/wp-content\/uploads\/2026\/06\/Untitled-June-09-2026-at-02.43.15-1-772x1024.jpg 772w, https:\/\/redsemlac.com\/semmexico\/wp-content\/uploads\/2026\/06\/Untitled-June-09-2026-at-02.43.15-1-226x300.jpg 226w, https:\/\/redsemlac.com\/semmexico\/wp-content\/uploads\/2026\/06\/Untitled-June-09-2026-at-02.43.15-1-768x1018.jpg 768w, https:\/\/redsemlac.com\/semmexico\/wp-content\/uploads\/2026\/06\/Untitled-June-09-2026-at-02.43.15-1-150x199.jpg 150w, https:\/\/redsemlac.com\/semmexico\/wp-content\/uploads\/2026\/06\/Untitled-June-09-2026-at-02.43.15-1-300x398.jpg 300w, https:\/\/redsemlac.com\/semmexico\/wp-content\/uploads\/2026\/06\/Untitled-June-09-2026-at-02.43.15-1-696x923.jpg 696w, https:\/\/redsemlac.com\/semmexico\/wp-content\/uploads\/2026\/06\/Untitled-June-09-2026-at-02.43.15-1.jpg 783w\" sizes=\"auto, (max-width: 772px) 100vw, 772px\" \/><\/a><\/figure>\n\n\n\n<p class=\"wp-block-paragraph\">SEM-La Independent\/fll-tg<\/p>\n","protected":false},"excerpt":{"rendered":"<p>\u2022 Un espacio considerado ya como un lugar de memoria colectiva del movimiento feminista\u2022 Estamos viviendo unos momentos duros, dif\u00edciles y de eso tambi\u00e9n aprendemos las feministas Fabiola Llanos y Tona GusiSemM\u00e9xico\/La Independiente, Barcelona, 8 de junio, 2026.- El objetivo principal de la Jornada del 50 aniversario de las Jornadas Catalanas de la Mujer en [&hellip;]<\/p>\n","protected":false},"author":3,"featured_media":106263,"comment_status":"open","ping_status":"open","sticky":false,"template":"","format":"standard","meta":{"_monsterinsights_skip_tracking":false,"footnotes":""},"categories":[50],"tags":[],"class_list":["post-106262","post","type-post","status-publish","format-standard","has-post-thumbnail","category-congreso"],"_links":{"self":[{"href":"https:\/\/redsemlac.com\/semmexico\/wp-json\/wp\/v2\/posts\/106262","targetHints":{"allow":["GET"]}}],"collection":[{"href":"https:\/\/redsemlac.com\/semmexico\/wp-json\/wp\/v2\/posts"}],"about":[{"href":"https:\/\/redsemlac.com\/semmexico\/wp-json\/wp\/v2\/types\/post"}],"author":[{"embeddable":true,"href":"https:\/\/redsemlac.com\/semmexico\/wp-json\/wp\/v2\/users\/3"}],"replies":[{"embeddable":true,"href":"https:\/\/redsemlac.com\/semmexico\/wp-json\/wp\/v2\/comments?post=106262"}],"version-history":[{"count":4,"href":"https:\/\/redsemlac.com\/semmexico\/wp-json\/wp\/v2\/posts\/106262\/revisions"}],"predecessor-version":[{"id":106271,"href":"https:\/\/redsemlac.com\/semmexico\/wp-json\/wp\/v2\/posts\/106262\/revisions\/106271"}],"wp:featuredmedia":[{"embeddable":true,"href":"https:\/\/redsemlac.com\/semmexico\/wp-json\/wp\/v2\/media\/106263"}],"wp:attachment":[{"href":"https:\/\/redsemlac.com\/semmexico\/wp-json\/wp\/v2\/media?parent=106262"}],"wp:term":[{"taxonomy":"category","embeddable":true,"href":"https:\/\/redsemlac.com\/semmexico\/wp-json\/wp\/v2\/categories?post=106262"},{"taxonomy":"post_tag","embeddable":true,"href":"https:\/\/redsemlac.com\/semmexico\/wp-json\/wp\/v2\/tags?post=106262"}],"curies":[{"name":"wp","href":"https:\/\/api.w.org\/{rel}","templated":true}]}}