{"id":106256,"date":"2026-06-08T19:39:44","date_gmt":"2026-06-09T01:39:44","guid":{"rendered":"https:\/\/redsemlac.com\/semmexico\/?p=106256"},"modified":"2026-06-08T19:39:44","modified_gmt":"2026-06-09T01:39:44","slug":"programa-de-las-jornadas-feminismos-en-revuelta-1976-2026","status":"publish","type":"post","link":"https:\/\/redsemlac.com\/semmexico\/programa-de-las-jornadas-feminismos-en-revuelta-1976-2026\/","title":{"rendered":"Programa de las Jornadas Feminismos en Revuelta: 1976-2026\u2026"},"content":{"rendered":"\n<p class=\"wp-block-paragraph\">\u2022 Cincuenta a\u00f1os no son suficientes: un feminismo radical para romper todos los l\u00edmites<br>\u2022 Recordar 1976 s\u00f3lo sirve si nos empuja a ir mucho m\u00e1s lejos. A ser radicalmente inc\u00f3modos<\/p>\n\n\n\n<p class=\"wp-block-paragraph\">Amada Santos<\/p>\n\n\n\n<p class=\"wp-block-paragraph\">SemM\u00e9xico\/La Independent, Barcelona, 8 de junio, 2026.- El lema \u201cFeminismos en revuelta\u201d ya es una declaraci\u00f3n de intenciones, no se est\u00e1 pidiendo reformas ni mendigando cuotas en despachos que huelen a viejo. El feminismo que urge hoy no quiere un pedazo de la tarta del sistema, quiere cambiar toda la receta. \u00abEn un contexto de precariedad salvaje, crisis clim\u00e1tica y discursos de odio normalizados en las pantallas, las respuestas tibias ya no sirven\u00bb. o se va a la ra\u00edz o estamos perdiendo el tiempo.<\/p>\n\n\n\n<p class=\"wp-block-paragraph\">Estas jornadas, gestionadas por un gran esfuerzo colectivo de mujeres, no se mixta. Es para mujeres, lesbianas y trans, y se plantean como espacio de resistencia y conspiraci\u00f3n pol\u00edtica.<\/p>\n\n\n\n<p class=\"wp-block-paragraph\">La radicalidad en 2026 pasa por entender que el patriarcado no opera solo: \u201cva de la mano de un capitalismo que nos exprime y de un racismo institucional que levanta muros\u201d.<\/p>\n\n\n\n<p class=\"wp-block-paragraph\">Por eso, la agenda no la marcar\u00e1n las promesas electorales, sino la necesidad urgente de tejer redes de apoyo mutuo que desobedecen a las l\u00f3gicas del mercado.<\/p>\n\n\n\n<p class=\"wp-block-paragraph\">\u00abEn 1976 se abri\u00f3 una grieta en el muro del r\u00e9gimen. Cincuenta a\u00f1os despu\u00e9s, nuestro deber hist\u00f3rico no es mantener la herida abierta, sino derribar el muro por completo\u00bb.<\/p>\n\n\n\n<p class=\"wp-block-paragraph\">Que estos tres d\u00edas en la Fabra i Coats no sean un evento m\u00e1s en el calendario, sino el detonante de una ofensiva permanente: \u201cNos vemos en las calles, en los debates y en la revuelta\u201d.<\/p>\n\n\n\n<p class=\"wp-block-paragraph\">La Red Feminista y Ca La Dona, despu\u00e9s de meses de trabajo colectivo, han presentado el programa de las jornadas \u201cFeminismos en Revuelta: 1976-2026\u2026\u201d con m\u00e1s de 140 mesas redondas, talleres, performances, teatros, actuaciones\u2026<br>Programa jornadas \u201cFeminismos en Revuelta: 1976-2026\u2026\u201d<\/p>\n\n\n\n<figure class=\"wp-block-image size-full\"><a href=\"https:\/\/redsemlac.com\/semmexico\/wp-content\/uploads\/2026\/06\/JOARNDAS-2.jpg\"><img loading=\"lazy\" decoding=\"async\" width=\"1000\" height=\"1000\" src=\"https:\/\/redsemlac.com\/semmexico\/wp-content\/uploads\/2026\/06\/JOARNDAS-2.jpg\" alt=\"\" class=\"wp-image-106259\" srcset=\"https:\/\/redsemlac.com\/semmexico\/wp-content\/uploads\/2026\/06\/JOARNDAS-2.jpg 1000w, https:\/\/redsemlac.com\/semmexico\/wp-content\/uploads\/2026\/06\/JOARNDAS-2-300x300.jpg 300w, https:\/\/redsemlac.com\/semmexico\/wp-content\/uploads\/2026\/06\/JOARNDAS-2-150x150.jpg 150w, https:\/\/redsemlac.com\/semmexico\/wp-content\/uploads\/2026\/06\/JOARNDAS-2-768x768.jpg 768w, https:\/\/redsemlac.com\/semmexico\/wp-content\/uploads\/2026\/06\/JOARNDAS-2-696x696.jpg 696w\" sizes=\"auto, (max-width: 1000px) 100vw, 1000px\" \/><\/a><\/figure>\n\n\n\n<figure class=\"wp-block-image size-full\"><a href=\"https:\/\/redsemlac.com\/semmexico\/wp-content\/uploads\/2026\/06\/jornadas-3.jpg\"><img loading=\"lazy\" decoding=\"async\" width=\"800\" height=\"1000\" src=\"https:\/\/redsemlac.com\/semmexico\/wp-content\/uploads\/2026\/06\/jornadas-3.jpg\" alt=\"\" class=\"wp-image-106258\" srcset=\"https:\/\/redsemlac.com\/semmexico\/wp-content\/uploads\/2026\/06\/jornadas-3.jpg 800w, https:\/\/redsemlac.com\/semmexico\/wp-content\/uploads\/2026\/06\/jornadas-3-240x300.jpg 240w, https:\/\/redsemlac.com\/semmexico\/wp-content\/uploads\/2026\/06\/jornadas-3-768x960.jpg 768w, https:\/\/redsemlac.com\/semmexico\/wp-content\/uploads\/2026\/06\/jornadas-3-150x188.jpg 150w, https:\/\/redsemlac.com\/semmexico\/wp-content\/uploads\/2026\/06\/jornadas-3-300x375.jpg 300w, https:\/\/redsemlac.com\/semmexico\/wp-content\/uploads\/2026\/06\/jornadas-3-696x870.jpg 696w\" sizes=\"auto, (max-width: 800px) 100vw, 800px\" \/><\/a><\/figure>\n","protected":false},"excerpt":{"rendered":"<p>\u2022 Cincuenta a\u00f1os no son suficientes: un feminismo radical para romper todos los l\u00edmites\u2022 Recordar 1976 s\u00f3lo sirve si nos empuja a ir mucho m\u00e1s lejos. A ser radicalmente inc\u00f3modos Amada Santos SemM\u00e9xico\/La Independent, Barcelona, 8 de junio, 2026.- El lema \u201cFeminismos en revuelta\u201d ya es una declaraci\u00f3n de intenciones, no se est\u00e1 pidiendo reformas [&hellip;]<\/p>\n","protected":false},"author":3,"featured_media":106257,"comment_status":"open","ping_status":"open","sticky":false,"template":"","format":"standard","meta":{"_monsterinsights_skip_tracking":false,"footnotes":""},"categories":[748],"tags":[],"class_list":["post-106256","post","type-post","status-publish","format-standard","has-post-thumbnail","category-cultura-feminista"],"_links":{"self":[{"href":"https:\/\/redsemlac.com\/semmexico\/wp-json\/wp\/v2\/posts\/106256","targetHints":{"allow":["GET"]}}],"collection":[{"href":"https:\/\/redsemlac.com\/semmexico\/wp-json\/wp\/v2\/posts"}],"about":[{"href":"https:\/\/redsemlac.com\/semmexico\/wp-json\/wp\/v2\/types\/post"}],"author":[{"embeddable":true,"href":"https:\/\/redsemlac.com\/semmexico\/wp-json\/wp\/v2\/users\/3"}],"replies":[{"embeddable":true,"href":"https:\/\/redsemlac.com\/semmexico\/wp-json\/wp\/v2\/comments?post=106256"}],"version-history":[{"count":1,"href":"https:\/\/redsemlac.com\/semmexico\/wp-json\/wp\/v2\/posts\/106256\/revisions"}],"predecessor-version":[{"id":106260,"href":"https:\/\/redsemlac.com\/semmexico\/wp-json\/wp\/v2\/posts\/106256\/revisions\/106260"}],"wp:featuredmedia":[{"embeddable":true,"href":"https:\/\/redsemlac.com\/semmexico\/wp-json\/wp\/v2\/media\/106257"}],"wp:attachment":[{"href":"https:\/\/redsemlac.com\/semmexico\/wp-json\/wp\/v2\/media?parent=106256"}],"wp:term":[{"taxonomy":"category","embeddable":true,"href":"https:\/\/redsemlac.com\/semmexico\/wp-json\/wp\/v2\/categories?post=106256"},{"taxonomy":"post_tag","embeddable":true,"href":"https:\/\/redsemlac.com\/semmexico\/wp-json\/wp\/v2\/tags?post=106256"}],"curies":[{"name":"wp","href":"https:\/\/api.w.org\/{rel}","templated":true}]}}