{"id":106251,"date":"2026-06-08T19:06:06","date_gmt":"2026-06-09T01:06:06","guid":{"rendered":"https:\/\/redsemlac.com\/semmexico\/?p=106251"},"modified":"2026-06-08T19:28:44","modified_gmt":"2026-06-09T01:28:44","slug":"copa-mundial-2026-oportunidad-para-consolidar-la-participacion-de-las-mujeres","status":"publish","type":"post","link":"https:\/\/redsemlac.com\/semmexico\/copa-mundial-2026-oportunidad-para-consolidar-la-participacion-de-las-mujeres\/","title":{"rendered":"Copa Mundial 2026, oportunidad para consolidar la participaci\u00f3n de las mujeres"},"content":{"rendered":"\n<p class=\"wp-block-paragraph\">\u00b7 Realizan Foro Global Empresarial: Las Mujeres en la Econom\u00eda del Mundial de F\u00fatbol, M\u00e9xico 2026<\/p>\n\n\n\n<p class=\"wp-block-paragraph\">\u00b7 Las mexicanas emprendedoras tienen una \u201coportunidad hist\u00f3rica\u201d, dice Mal\u00fa Micher<\/p>\n\n\n\n<p class=\"wp-block-paragraph\">Redacci\u00f3n<\/p>\n\n\n\n<p class=\"wp-block-paragraph\">SemM\u00e9xico, Ciudad de M\u00e9xico, 8 de junio, 2026.- La Copa Mundial de Futbol 2026 representa una oportunidad de crecimiento, inclusi\u00f3n y prosperidad para las mujeres, por lo que inst\u00f3 a empresarias mexicanas a lograr que ese evento deportivo deje un \u201clegado duradero\u201d, que consolide y haga m\u00e1s competitiva la participaci\u00f3n femenina en el sector econ\u00f3mico, sostuvo el senador Homero Davis Castro.<\/p>\n\n\n\n<p class=\"wp-block-paragraph\">El legislador de Morena impuls\u00f3 el Foro Global Empresarial: Las Mujeres en la Econom\u00eda del Mundial de F\u00fatbol, M\u00e9xico 2026, evento al que invit\u00f3 a dialogar sobre este tema a m\u00e1s de cien empresarias, emprendedoras y l\u00edderes de compa\u00f1\u00edas pertenecientes a la Asociaci\u00f3n Mexicana de Mujeres Jefas de Empresa (AMMJE).<\/p>\n\n\n\n<p class=\"wp-block-paragraph\">El senador reconoci\u00f3 que, pese a haber sido excluidas de la industria del f\u00fatbol durante muchos a\u00f1os, las mujeres ahora est\u00e1n listas para participar en las cadenas de valor que generar\u00e1 el Mundial 2026 en el turismo, comercio y hoteler\u00eda, entre otros sectores, donde pueden tener una participaci\u00f3n estrat\u00e9gica.<\/p>\n\n\n\n<p class=\"wp-block-paragraph\">\u201cEl mundial de f\u00fatbol ser\u00e1 uno de los acontecimientos econ\u00f3micos m\u00e1s importantes de nuestra generaci\u00f3n; millones de visitantes, inversiones, servicios, infraestructura tecnol\u00f3gica y comercio convergen en nuestro pa\u00eds, generando oportunidades sin precedentes y, en esta nueva realidad, las mujeres est\u00e1n llamadas a ser protagonistas\u201d, enfatiz\u00f3 Davis Castro.<\/p>\n\n\n\n<p class=\"wp-block-paragraph\">A trav\u00e9s de un videomensaje, Martha Luc\u00eda Micher Camarena, presidenta de la Comisi\u00f3n para la Igualdad de G\u00e9nero, coincidi\u00f3 en que las mexicanas emprendedoras tienen una \u201coportunidad hist\u00f3rica\u201d para demostrar al mundo la grandeza del pa\u00eds y que son protagonistas de su desarrollo social, econ\u00f3mico y productivo.<\/p>\n\n\n\n<p class=\"wp-block-paragraph\">\u201cEste momento debe servir para abrir m\u00e1s puertas a las mujeres empresarias, emprendedoras, trabajadores, j\u00f3venes y profesionistas: que el crecimiento econ\u00f3mico tambi\u00e9n se traduzca en igualdad, bienestar y oportunidades reales para todos\u201d, agreg\u00f3 la senadora.<\/p>\n\n\n\n<p class=\"wp-block-paragraph\">Sonia Garza Gonz\u00e1lez, presidenta nacional de la AMMJE, detall\u00f3 que se estima que 5.5 millones de personas visitar\u00e1n M\u00e9xico durante el Mundial 2026, lo que generar\u00e1 m\u00e1s de dos mil millones de d\u00f3lares de derrama econ\u00f3mica; todo ello,<\/p>\n\n\n\n<p class=\"wp-block-paragraph\">destac\u00f3, pese a que nuestro pa\u00eds s\u00f3lo albergar\u00e1 13 de los m\u00e1s de 100 partidos del torneo.<\/p>\n\n\n\n<p class=\"wp-block-paragraph\">Ante ello, sostuvo que la AMMJE est\u00e1 convencida de que las mujeres deben ser vistas como un pilar en el dise\u00f1o de econ\u00f3mico de eventos de esta categor\u00eda, mientras que las empresarias deben integrarse a las cadenas de valor, en la innovaci\u00f3n, en los servicios y en el desarrollo de las regiones del pa\u00eds.<\/p>\n\n\n\n<p class=\"wp-block-paragraph\">\u201cEs imperativo que cambiemos la narrativa y construyamos un ecosistema donde nuestra contribuci\u00f3n sea valorada y reconocida como esencial en el desarrollo de nuestras naciones\u201d, enfatiz\u00f3.<\/p>\n\n\n\n<p class=\"wp-block-paragraph\">\u00c1frica Miroslava Zepeda Pe\u00f1a, directora de Estrategias y Pol\u00edticas P\u00fablicas de la Secretar\u00eda de Relaciones Exteriores, destac\u00f3 en que esos 5.5 millones de visitantes representan una oportunidad para consolidar a M\u00e9xico como un destino tur\u00edstico y de negocios de alcance global, donde los beneficios econ\u00f3micos pueden llegar a las mujeres emprendedoras.<\/p>\n\n\n\n<p class=\"wp-block-paragraph\">Alejandra J\u00e1uregui Regueiro, directora de Desarrollo de Turismo Cultural y de Salud de la Secretar\u00eda de Turismo, inst\u00f3 a que las mujeres no s\u00f3lo participen como \u201cinvitadas\u201d al Mundial 2026, sino que tambi\u00e9n sean protagonistas en la toma de decisiones, las cadenas de suministro, en la inversi\u00f3n y en la generaci\u00f3n de valor econ\u00f3mico.<\/p>\n\n\n\n<p class=\"wp-block-paragraph\">Por parte del Gobierno de la Ciudad de M\u00e9xico, Er\u00e9ndira Cruzvillegas, consejera Jur\u00eddica y de Servicios Legales, pidi\u00f3 a las empresarias de la AMMJE que respalden los proyectos de ley recientemente aprobados en la Asamblea capitalina en materia de sistema de cuidados.<\/p>\n\n\n\n<p class=\"wp-block-paragraph\">Lo anterior, precis\u00f3, a trav\u00e9s de una \u201calianza\u201d en la que las l\u00edderes de compa\u00f1\u00edas ayuden a que las mujeres sean emprendedoras aut\u00f3nomas y ayuden al desarrollo de sus comunidades, pues son ellas quienes principalmente se encargan del cuidado de las personas.<\/p>\n","protected":false},"excerpt":{"rendered":"<p>\u00b7 Realizan Foro Global Empresarial: Las Mujeres en la Econom\u00eda del Mundial de F\u00fatbol, M\u00e9xico 2026 \u00b7 Las mexicanas emprendedoras tienen una \u201coportunidad hist\u00f3rica\u201d, dice Mal\u00fa Micher Redacci\u00f3n SemM\u00e9xico, Ciudad de M\u00e9xico, 8 de junio, 2026.- La Copa Mundial de Futbol 2026 representa una oportunidad de crecimiento, inclusi\u00f3n y prosperidad para las mujeres, por lo [&hellip;]<\/p>\n","protected":false},"author":3,"featured_media":106252,"comment_status":"open","ping_status":"open","sticky":false,"template":"","format":"standard","meta":{"_monsterinsights_skip_tracking":false,"footnotes":""},"categories":[50],"tags":[],"class_list":["post-106251","post","type-post","status-publish","format-standard","has-post-thumbnail","category-congreso"],"_links":{"self":[{"href":"https:\/\/redsemlac.com\/semmexico\/wp-json\/wp\/v2\/posts\/106251","targetHints":{"allow":["GET"]}}],"collection":[{"href":"https:\/\/redsemlac.com\/semmexico\/wp-json\/wp\/v2\/posts"}],"about":[{"href":"https:\/\/redsemlac.com\/semmexico\/wp-json\/wp\/v2\/types\/post"}],"author":[{"embeddable":true,"href":"https:\/\/redsemlac.com\/semmexico\/wp-json\/wp\/v2\/users\/3"}],"replies":[{"embeddable":true,"href":"https:\/\/redsemlac.com\/semmexico\/wp-json\/wp\/v2\/comments?post=106251"}],"version-history":[{"count":1,"href":"https:\/\/redsemlac.com\/semmexico\/wp-json\/wp\/v2\/posts\/106251\/revisions"}],"predecessor-version":[{"id":106253,"href":"https:\/\/redsemlac.com\/semmexico\/wp-json\/wp\/v2\/posts\/106251\/revisions\/106253"}],"wp:featuredmedia":[{"embeddable":true,"href":"https:\/\/redsemlac.com\/semmexico\/wp-json\/wp\/v2\/media\/106252"}],"wp:attachment":[{"href":"https:\/\/redsemlac.com\/semmexico\/wp-json\/wp\/v2\/media?parent=106251"}],"wp:term":[{"taxonomy":"category","embeddable":true,"href":"https:\/\/redsemlac.com\/semmexico\/wp-json\/wp\/v2\/categories?post=106251"},{"taxonomy":"post_tag","embeddable":true,"href":"https:\/\/redsemlac.com\/semmexico\/wp-json\/wp\/v2\/tags?post=106251"}],"curies":[{"name":"wp","href":"https:\/\/api.w.org\/{rel}","templated":true}]}}