{"id":106234,"date":"2026-06-08T18:04:31","date_gmt":"2026-06-09T00:04:31","guid":{"rendered":"https:\/\/redsemlac.com\/semmexico\/?p=106234"},"modified":"2026-06-08T18:04:32","modified_gmt":"2026-06-09T00:04:32","slug":"cuba-proyecto-de-agronegocios-impulsa-emprendimientos-de-mujeres-rurales","status":"publish","type":"post","link":"https:\/\/redsemlac.com\/semmexico\/cuba-proyecto-de-agronegocios-impulsa-emprendimientos-de-mujeres-rurales\/","title":{"rendered":"Cuba: Proyecto de agronegocios impulsa emprendimientos de mujeres rurales"},"content":{"rendered":"\n<p class=\"wp-block-paragraph\">\u00b7 Agrofem iniciativa de formaci\u00f3n, promoci\u00f3n y acompa\u00f1amiento en el desarrollo de negocios rurales<\/p>\n\n\n\n<p class=\"wp-block-paragraph\">\u00b7 Las mujeres rurales cubanas sostienen gran parte de la producci\u00f3n de alimentos del pa\u00eds<\/p>\n\n\n\n<p class=\"wp-block-paragraph\">Lisandra Fari\u00f1as SemM\u00e9xico\/SEMlac, La Habana, 8 de junio, 2026.- Yuleinis L\u00f3pez Herrera tiene 42 a\u00f1os, dos hijas y una finca en Caimito, Artemisa, a 35 kil\u00f3metros de la capital cubana, donde cr\u00eda animales de todo tipo, siembra lo que come su familia y, antes de que amanezca, ya est\u00e1 acarreando leche hacia la bodega de la comunidad.<\/p>\n\n\n\n<p class=\"wp-block-paragraph\">Es la misma leche que, cuando falla el transporte destinado a su recogida, Obdulia Collera recolecta junto a su nieto en una moto para que ning\u00fan ni\u00f1o se quede sin su raci\u00f3n. De sus 77 a\u00f1os de vida, ella lleva m\u00e1s de dos d\u00e9cadas como economista de una cooperativa en el mismo municipio.<\/p>\n\n\n\n<p class=\"wp-block-paragraph\">Pero cuando L\u00f3pez Herrera pidi\u00f3 tierras para trabajar, hubo quienes dijeron que una mujer con las u\u00f1as arregladas no parec\u00eda hecha para el campo. Se las negaron varias veces. Insisti\u00f3, hasta conseguirlas. Sabe bien que las mujeres pueden sostener una finca, una familia y una comunidad, aunque todav\u00eda tengan que demostrarlo m\u00e1s veces que los hombres.<\/p>\n\n\n\n<p class=\"wp-block-paragraph\">Como ellas, otras 31 mujeres rurales -y tres hombres aliados de ese proceso- participaron en Agrofem, una iniciativa de formaci\u00f3n, promoci\u00f3n y acompa\u00f1amiento en la creaci\u00f3n y desarrollo de negocios rurales, impulsada por la asesora Quota S.R.L., con apoyo de la Embajada del Reino de los Pa\u00edses Bajos en Cuba.<\/p>\n\n\n\n<p class=\"wp-block-paragraph\">La experiencia parti\u00f3 de una realidad que muchas viven a diario. El potencial de las mujeres rurales suele encontrar m\u00e1s obst\u00e1culos que oportunidades para desarrollarse.<\/p>\n\n\n\n<p class=\"wp-block-paragraph\">Sus participantes son mujeres de cinco cooperativas de los municipios Caimito y G\u00fcira de Melena, en Artemisa, a menos de una hora de La Habana. Los talleres de formaci\u00f3n se organizaron en la finca La Burgambilia, en Artemisa, y el encuentro de cierre tuvo lugar el pasado 29 de mayo en La Yoandra, en Arroyo Naranjo, en la periferia de la capital, una de las propiedades que integra la red de Fincas Naranjas de la Embajada neerlandesa.<\/p>\n\n\n\n<p class=\"wp-block-paragraph\">Una brecha que no siempre se ve<\/p>\n\n\n\n<p class=\"wp-block-paragraph\">Las mujeres rurales cubanas sostienen gran parte de la producci\u00f3n de alimentos del pa\u00eds, pero rara vez est\u00e1n al frente de la econom\u00eda. Siembran, cosechan, cuidan y transforman, pero enfrentan menos acceso a tierras, escasa formaci\u00f3n financiera, sobrecarga de cuidados y poca visibilidad en las cadenas de valor. Para quienes viven lejos de los centros urbanos, la distancia convierte el acceso a cr\u00e9ditos, mercados y servicios en un privilegio adicional.<\/p>\n\n\n\n<p class=\"wp-block-paragraph\">\u00abEn zonas rurales, las mujeres tienen ciertas desventajas por limitaci\u00f3n geogr\u00e1fica, acceso a informaci\u00f3n y conductas patriarcales arraigadas en estos entornos\u00bb, explica Katia P\u00e9rez D\u00edaz, vicepresidenta de Quota y coordinadora de la Red Cubana de Mujeres Emprendedoras.<\/p>\n\n\n\n<p class=\"wp-block-paragraph\">Agrofem surge a partir de esa necesidad, que no siempre es visible para quienes no tienen los ojos puestos en el empoderamiento de las mujeres rurales. La apuesta fue amplia, pues el proyecto no solo incluy\u00f3 agronegocios, sino cualquier emprendimiento que una mujer rural pueda desarrollar con lo que tiene alrededor, desde la producci\u00f3n artesanal hasta las industrias creativas o el agroturismo, sostiene P\u00e9rez D\u00edaz.<\/p>\n\n\n\n<p class=\"wp-block-paragraph\">Para ello se dise\u00f1aron cinco m\u00f3dulos: empoderamiento y liderazgo femenino; marco legal para agronegocios -usufructo, cooperativas, mipymes, permisos, marcas y agroturismo-; modelos de negocio; gesti\u00f3n financiera; y comunicaci\u00f3n y marketing.<\/p>\n\n\n\n<p class=\"wp-block-paragraph\">Uno de los resultados de la iniciativa es la publicaci\u00f3n de un manual de buenas pr\u00e1cticas para mujeres en agronegocios que recoge las herramientas esenciales del programa y que las participantes se llevan como instrumento de consulta.<\/p>\n\n\n\n<p class=\"wp-block-paragraph\">Un potencial que ya estaba ah\u00ed<\/p>\n\n\n\n<p class=\"wp-block-paragraph\">Ayl\u00edn Esper\u00f3n lleg\u00f3 a los talleres con un proyecto de cr\u00eda de abejas sin aguij\u00f3n, que empez\u00f3 con 24 colmenas en lo que antes era el basurero del pueblo en Aguacate, Caimito. Hoy tiene m\u00e1s de 300, organizadas en un mural de 60 metros, donde cada colmena de meliponas lleva la imagen de una ciudad patrimonial o un lugar tur\u00edstico de Cuba.<\/p>\n\n\n\n<p class=\"wp-block-paragraph\">Ni\u00f1as y ni\u00f1os de la escuela del asentamiento se acercan a ver las colmenas, le destapan una y toman miel directamente con un sorbete. De ah\u00ed, cont\u00f3 Esper\u00f3n, naci\u00f3 la idea de convertirlo en producto tur\u00edstico: los visitantes recorren ese mural, escuchan la historia de una abeja que tiene m\u00e1s de 2000 a\u00f1os y pueden probar directamente de la colmena mieles de distintos colores, desde casi transparente hasta negra, seg\u00fan la flor que visit\u00f3 la abeja.<\/p>\n\n\n\n<p class=\"wp-block-paragraph\">Esa ruta, que hoy tiene contrato con Ecotour, convirti\u00f3 la finca en agrotur\u00edstica. La marca est\u00e1 registrada, la miel en proceso de validaci\u00f3n sanitaria para exportaci\u00f3n, la cera la convierten en velas y en la finca ya proyectan caba\u00f1as entre los cultivos de malanga, yuca y ma\u00edz.<\/p>\n\n\n\n<p class=\"wp-block-paragraph\">As\u00ed, quienes nos visiten pueden dormir en medio del campo, en caba\u00f1as alimentadas por un sistema de biog\u00e1s que cubrir\u00eda toda la instalaci\u00f3n. De manera sostenible, dice Esper\u00f3n.<\/p>\n\n\n\n<p class=\"wp-block-paragraph\">A esta emprendedora le faltaban las herramientas para organizar mejor todo lo que ya hab\u00edan hecho y so\u00f1aban, pero \u00abel proyecto nos ense\u00f1\u00f3 a ir por un camino m\u00e1s directo. Ya sabemos lo que tenemos y a d\u00f3nde dirigirnos\u00bb, afirma.<\/p>\n\n\n\n<p class=\"wp-block-paragraph\">Es una experiencia que tambi\u00e9n comparte Katia Toledo, quien lleva 15 a\u00f1os al frente del restaurante Don David, que empez\u00f3 junto a una prima, en el municipio Caimito.<\/p>\n\n\n\n<p class=\"wp-block-paragraph\">Fue despu\u00e9s de la pandemia de Covid-19 que decidi\u00f3 dar el salto al agroturismo y hoy la Finca Agrotur\u00edstica Don David funciona en una l\u00f3gica de econom\u00eda circular, que incluye a vecinos y personas en situaci\u00f3n de vulnerabilidad del entorno. El curso le dio herramientas para poner en orden lo que ya funcionaba. \u00abNos nutri\u00f3 de todo lo que necesit\u00e1bamos para sentirnos m\u00e1s a gusto con lo que estamos haciendo\u00bb, afirma.<\/p>\n\n\n\n<p class=\"wp-block-paragraph\">Sara Carcache Amar\u00e1n, de 51 a\u00f1os, naci\u00f3 y vive a orillas de la presa donde se asienta la Escuela Nacional de Remo y Canotaje Jos\u00e9 Smith Comas, en Artemisa. Ganadera de toda la vida, descubri\u00f3 en las excretas de su ganado la materia prima para un proyecto de cr\u00eda de alevines que hoy aspira a abastecer el consumo social del municipio y a sostener la alimentaci\u00f3n de esa escuela.<\/p>\n\n\n\n<p class=\"wp-block-paragraph\">Sue\u00f1a tambi\u00e9n con una mini industria para procesar la carne y el pescado de su finca. \u00abMis hijas me dicen que sue\u00f1o mucho, pero so\u00f1ar no cuesta nada\u00bb, dice. Agrofem le ofreci\u00f3 una oportunidad, le dio las herramientas de gesti\u00f3n que le faltaban para llegar con m\u00e1s fuerza al agroturismo y la econom\u00eda de su negocio, asevera.<\/p>\n\n\n\n<p class=\"wp-block-paragraph\">Para muchas mujeres rurales, el primer obst\u00e1culo no es emprender, sino acceder a la tierra para hacerlo. Para Yuleinis L\u00f3pez Herrera, lograrlo fue apenas el comienzo. Adem\u00e1s de ganadera, es trabajadora por cuenta propia e impulsa \u00abLos dulces de la abuela\u00bb, un negocio familiar que naci\u00f3 de la leche que produce en su finca.<\/p>\n\n\n\n<p class=\"wp-block-paragraph\">Agrofem le permiti\u00f3 descubrir capacidades que no sab\u00eda que ten\u00eda y dar un orden m\u00e1s claro a proyectos que ya ven\u00eda construyendo. Ahora sue\u00f1a con una vaquer\u00eda propia, elaborar sus propios derivados l\u00e1cteos y consolidar una marca que identifique sus productos. \u00abNo le tengo miedo al trabajo\u00bb, afirma.<\/p>\n\n\n\n<p class=\"wp-block-paragraph\">Obdulia Collera, a quien todos llaman Yaya, lleva buena parte de sus 77 a\u00f1os demostrando que las mujeres tienen un lugar en el campo cubano. Con tres t\u00e9cnicos medios -en econom\u00eda, organizaci\u00f3n salarial y recursos humanos- que fue ganando porque en cada puesto nuevo tuvo que prepararse, desde 2003 se mantiene en la cooperativa Camilo Cienfuegos, tras pasar por una empresa gen\u00e9tica y una granja urbana.<\/p>\n\n\n\n<p class=\"wp-block-paragraph\">Las mujeres trabajan bien en la agricultura, asegura, pero todav\u00eda falta mucho. Por<\/p>\n\n\n\n<p class=\"wp-block-paragraph\">ejemplo, \u00abque se les reconozca m\u00e1s en salarios y en valores; que una escuela o un c\u00edrculo infantil no queden lejos de donde est\u00e1 enclavada la finca\u00bb, apunta Collera, quien es un puntal para su familia, su cooperativa y su comunidad.<\/p>\n\n\n\n<p class=\"wp-block-paragraph\">Reconoce que Agrofem le hizo aprender y valorar lo que ya ten\u00eda, pero no reconoc\u00eda. Para Collera, se puede emprender y tener impacto a cualquier edad y las redes de apoyo entre mujeres son soluci\u00f3n a muchas de las dificultades que enfrentan.<\/p>\n\n\n\n<p class=\"wp-block-paragraph\">Que tres presidentes de cooperativa participaran en un proyecto pensado para mujeres no fue un detalle menor. Orlando P\u00e9rez Guzm\u00e1n, de la Cooperativa de Cr\u00e9ditos y Servicios \u00abFrank Pa\u00eds\u00bb, en G\u00fcira de Melena, cuenta con 95 mujeres entre sus 409 asociados. \u00abEstamos muy contentos de que ellas se desarrollen desde el punto de vista econ\u00f3mico, pol\u00edtico y productivo\u00bb, dijo.<\/p>\n\n\n\n<p class=\"wp-block-paragraph\">Una red y una hoja de ruta<\/p>\n\n\n\n<p class=\"wp-block-paragraph\">A juicio de Eric Almeida, presidente de Quota, el principal resultado de Agrofem no est\u00e1 solo en los conocimientos compartidos, sino en la red de mujeres que comenz\u00f3 a tejerse. Emprendedoras en distintas etapas de desarrollo -algunas con proyectos consolidados y otras apenas dando sus primeros pasos- encontraron un espacio para intercambiar experiencias, establecer alianzas y reconocer desaf\u00edos comunes.<\/p>\n\n\n\n<p class=\"wp-block-paragraph\">\u00abNuestro sue\u00f1o ser\u00eda que dentro de cinco o 10 a\u00f1os pudi\u00e9ramos reencontrarnos y comprobar cu\u00e1nto creci\u00f3 esa semilla\u00bb, afirm\u00f3.<\/p>\n\n\n\n<p class=\"wp-block-paragraph\">Dar continuidad a esa red es uno de los retos del proyecto. Entre las iniciativas que se exploran est\u00e1n la digitalizaci\u00f3n de los contenidos de formaci\u00f3n, el desarrollo de herramientas contables accesibles para peque\u00f1os emprendimientos, la creaci\u00f3n de espacios de intercambio con cadenas agroalimentarias y la b\u00fasqueda de nuevas oportunidades de financiamiento para las productoras rurales.<\/p>\n\n\n\n<p class=\"wp-block-paragraph\">Para Katia P\u00e9rez D\u00edaz, vicepresidenta de Quota y coordinadora de la Red Cubana de Mujeres Emprendedoras, la apuesta trasciende el acompa\u00f1amiento a proyectos individuales.<\/p>\n\n\n\n<p class=\"wp-block-paragraph\">\u00abInvertir en mujeres rurales es invertir en futuro\u00bb, resume. Un futuro que ya construyen agricultoras, ganaderas, campesinas y emprendedoras, al sostener econom\u00edas familiares y comunitarias y contribuir al desarrollo de sus territorios.<\/p>\n\n\n\n<p class=\"wp-block-paragraph\">SEM-SEMLAC\/lf<\/p>\n","protected":false},"excerpt":{"rendered":"<p>\u00b7 Agrofem iniciativa de formaci\u00f3n, promoci\u00f3n y acompa\u00f1amiento en el desarrollo de negocios rurales \u00b7 Las mujeres rurales cubanas sostienen gran parte de la producci\u00f3n de alimentos del pa\u00eds Lisandra Fari\u00f1as SemM\u00e9xico\/SEMlac, La Habana, 8 de junio, 2026.- Yuleinis L\u00f3pez Herrera tiene 42 a\u00f1os, dos hijas y una finca en Caimito, Artemisa, a 35 kil\u00f3metros [&hellip;]<\/p>\n","protected":false},"author":3,"featured_media":106235,"comment_status":"open","ping_status":"open","sticky":false,"template":"","format":"standard","meta":{"_monsterinsights_skip_tracking":false,"footnotes":""},"categories":[748],"tags":[],"class_list":["post-106234","post","type-post","status-publish","format-standard","has-post-thumbnail","category-cultura-feminista"],"_links":{"self":[{"href":"https:\/\/redsemlac.com\/semmexico\/wp-json\/wp\/v2\/posts\/106234","targetHints":{"allow":["GET"]}}],"collection":[{"href":"https:\/\/redsemlac.com\/semmexico\/wp-json\/wp\/v2\/posts"}],"about":[{"href":"https:\/\/redsemlac.com\/semmexico\/wp-json\/wp\/v2\/types\/post"}],"author":[{"embeddable":true,"href":"https:\/\/redsemlac.com\/semmexico\/wp-json\/wp\/v2\/users\/3"}],"replies":[{"embeddable":true,"href":"https:\/\/redsemlac.com\/semmexico\/wp-json\/wp\/v2\/comments?post=106234"}],"version-history":[{"count":1,"href":"https:\/\/redsemlac.com\/semmexico\/wp-json\/wp\/v2\/posts\/106234\/revisions"}],"predecessor-version":[{"id":106236,"href":"https:\/\/redsemlac.com\/semmexico\/wp-json\/wp\/v2\/posts\/106234\/revisions\/106236"}],"wp:featuredmedia":[{"embeddable":true,"href":"https:\/\/redsemlac.com\/semmexico\/wp-json\/wp\/v2\/media\/106235"}],"wp:attachment":[{"href":"https:\/\/redsemlac.com\/semmexico\/wp-json\/wp\/v2\/media?parent=106234"}],"wp:term":[{"taxonomy":"category","embeddable":true,"href":"https:\/\/redsemlac.com\/semmexico\/wp-json\/wp\/v2\/categories?post=106234"},{"taxonomy":"post_tag","embeddable":true,"href":"https:\/\/redsemlac.com\/semmexico\/wp-json\/wp\/v2\/tags?post=106234"}],"curies":[{"name":"wp","href":"https:\/\/api.w.org\/{rel}","templated":true}]}}