{"id":106188,"date":"2026-06-05T16:57:58","date_gmt":"2026-06-05T22:57:58","guid":{"rendered":"https:\/\/redsemlac.com\/semmexico\/?p=106188"},"modified":"2026-06-05T16:57:59","modified_gmt":"2026-06-05T22:57:59","slug":"detienen-a-feminicida-de-maestra-de-la-universidad-autonoma-de-guerrero","status":"publish","type":"post","link":"https:\/\/redsemlac.com\/semmexico\/detienen-a-feminicida-de-maestra-de-la-universidad-autonoma-de-guerrero\/","title":{"rendered":"Detienen a feminicida de maestra de la Universidad Aut\u00f3noma de Guerrero"},"content":{"rendered":"\n<ul class=\"wp-block-list\">\n<li>En el ataque, registrado en abril pasado, dos personas m\u00e1s resultaron heridas<\/li>\n\n\n\n<li>El detenido fue puesto a disposici\u00f3n del juez de control<\/li>\n<\/ul>\n\n\n\n<p class=\"wp-block-paragraph\">Abel Miranda Ayala<br>SemM\u00e9xico, Acapulco, 5 de mayo, 2026.- Adri\u00e1n N se\u00f1alado como el presunto atacante del campamento de universitarios que manten\u00edan un plant\u00f3n y provoc\u00f3 la muerte de una maestra Ivonne H., inform\u00f3 la Fiscal\u00eda General del Estado.<\/p>\n\n\n\n<p class=\"wp-block-paragraph\">Durante los hechos que ocurrieron afuera de la coordinaci\u00f3n de la Zona Sur de la Universidad Aut\u00f3noma de Guerrero, tambi\u00e9n fue lesionado el maestro Flaviano Herrera Mej\u00eda y otra trabajadora eventual de nombre \u00c1ngela Cant\u00fa.<\/p>\n\n\n\n<p class=\"wp-block-paragraph\"><br>La detenci\u00f3n fue realizada por personal de la Polic\u00eda Investigadora Ministerial, en coordinaci\u00f3n con elementos de la Secretar\u00eda de la Defensa Nacional, Guardia Nacional, Secretar\u00eda de Marina, Secretar\u00eda de Seguridad y Protecci\u00f3n Ciudadana y Polic\u00eda Estatal, inform\u00f3 en un comunicado la Fiscal\u00eda Estatal.<\/p>\n\n\n\n<p class=\"wp-block-paragraph\"><br>El feminicidio de la maestra ocurri\u00f3 el 19 de abril de 2026, en la colonia Vista Alegre del municipio de Acapulco de Ju\u00e1rez, en las instalaciones de la Coordinaci\u00f3n Regional de la zona sur, en ese sitio el presunto delincuente habr\u00eda acudido para despojar de sus pertenencias a los plantonistas, principalmente a dos mujeres que estaban sentadas en sillas colocadas en la banqueta.<\/p>\n\n\n\n<p class=\"wp-block-paragraph\">Cuando el delincuente se retiraba un maestro le grita insultos desde la acera de enfrente y \u00e9l le dispara, luego dispara a las maestras que estaban sentadas, con el resultado antes descrito.<\/p>\n\n\n\n<p class=\"wp-block-paragraph\"><br>Tras la ejecuci\u00f3n de la orden de aprehensi\u00f3n, Adri\u00e1n N, ser\u00e1 puesto a disposici\u00f3n del Juez de Control que lo requiere para que determine su situaci\u00f3n jur\u00eddica.<\/p>\n\n\n\n<p class=\"wp-block-paragraph\">SEM-Ceprovysa\/ama<\/p>\n\n\n\n<p class=\"wp-block-paragraph\"><\/p>\n","protected":false},"excerpt":{"rendered":"<p>Abel Miranda AyalaSemM\u00e9xico, Acapulco, 5 de mayo, 2026.- Adri\u00e1n N se\u00f1alado como el presunto atacante del campamento de universitarios que manten\u00edan un plant\u00f3n y provoc\u00f3 la muerte de una maestra Ivonne H., inform\u00f3 la Fiscal\u00eda General del Estado. Durante los hechos que ocurrieron afuera de la coordinaci\u00f3n de la Zona Sur de la Universidad Aut\u00f3noma [&hellip;]<\/p>\n","protected":false},"author":3,"featured_media":106189,"comment_status":"open","ping_status":"open","sticky":false,"template":"","format":"standard","meta":{"_monsterinsights_skip_tracking":false,"footnotes":""},"categories":[48],"tags":[],"class_list":["post-106188","post","type-post","status-publish","format-standard","has-post-thumbnail","category-no-mas-impunidad-no-mas-impunidad"],"_links":{"self":[{"href":"https:\/\/redsemlac.com\/semmexico\/wp-json\/wp\/v2\/posts\/106188","targetHints":{"allow":["GET"]}}],"collection":[{"href":"https:\/\/redsemlac.com\/semmexico\/wp-json\/wp\/v2\/posts"}],"about":[{"href":"https:\/\/redsemlac.com\/semmexico\/wp-json\/wp\/v2\/types\/post"}],"author":[{"embeddable":true,"href":"https:\/\/redsemlac.com\/semmexico\/wp-json\/wp\/v2\/users\/3"}],"replies":[{"embeddable":true,"href":"https:\/\/redsemlac.com\/semmexico\/wp-json\/wp\/v2\/comments?post=106188"}],"version-history":[{"count":1,"href":"https:\/\/redsemlac.com\/semmexico\/wp-json\/wp\/v2\/posts\/106188\/revisions"}],"predecessor-version":[{"id":106190,"href":"https:\/\/redsemlac.com\/semmexico\/wp-json\/wp\/v2\/posts\/106188\/revisions\/106190"}],"wp:featuredmedia":[{"embeddable":true,"href":"https:\/\/redsemlac.com\/semmexico\/wp-json\/wp\/v2\/media\/106189"}],"wp:attachment":[{"href":"https:\/\/redsemlac.com\/semmexico\/wp-json\/wp\/v2\/media?parent=106188"}],"wp:term":[{"taxonomy":"category","embeddable":true,"href":"https:\/\/redsemlac.com\/semmexico\/wp-json\/wp\/v2\/categories?post=106188"},{"taxonomy":"post_tag","embeddable":true,"href":"https:\/\/redsemlac.com\/semmexico\/wp-json\/wp\/v2\/tags?post=106188"}],"curies":[{"name":"wp","href":"https:\/\/api.w.org\/{rel}","templated":true}]}}