{"id":106182,"date":"2026-06-05T16:55:29","date_gmt":"2026-06-05T22:55:29","guid":{"rendered":"https:\/\/redsemlac.com\/semmexico\/?p=106182"},"modified":"2026-06-05T16:55:30","modified_gmt":"2026-06-05T22:55:30","slug":"la-igualdad-no-debe-quedarse-en-el-discurso","status":"publish","type":"post","link":"https:\/\/redsemlac.com\/semmexico\/la-igualdad-no-debe-quedarse-en-el-discurso\/","title":{"rendered":"La igualdad no debe quedarse en el discurso"},"content":{"rendered":"\n<ul class=\"wp-block-list\">\n<li>Realizan sesi\u00f3n ordinaria del Sistema Municipal para la Igualdad entre Mujeres y Hombres<\/li>\n\n\n\n<li>Hay compromiso, se\u00f1ala las organizaciones de la sociedad civil<\/li>\n<\/ul>\n\n\n\n<p class=\"wp-block-paragraph\">Redacci\u00f3n<\/p>\n\n\n\n<p class=\"wp-block-paragraph\">SemM\u00e9xico\/Ceprovysa, Chilpancingo de los Bravo, 5 de junio, 2026.- El Gobierno Municipal reiter\u00f3 que la igualdad no debe quedarse en el discurso. Debe reflejarse en acciones concretas, en oportunidades para las mujeres, en el acceso pleno a sus derechos y en la eliminaci\u00f3n de las barreras que hist\u00f3ricamente han limitado su desarrollo.<\/p>\n\n\n\n<p class=\"wp-block-paragraph\">As\u00ed lo expres\u00f3 el presidente municipal, Gustavo Alarc\u00f3n Herrera, al presidir Segunda Sesi\u00f3n Ordinaria del Sistema Municipal para la Igualdad entre Mujeres y Hombres, en cumplimiento de la Ley N\u00famero 494 para la Igualdad entre Mujeres y Hombres del Estado de Guerrero.<\/p>\n\n\n\n<p class=\"wp-block-paragraph\">Coordinada por el Instituto Municipal de Igualdad de G\u00e9nero (IMIG) reuni\u00f3 a instituciones, organizaciones de la sociedad civil y personas comprometidas con la promoci\u00f3n de pol\u00edticas p\u00fablicas que impulsen la igualdad sustantiva y fortalezcan los derechos de las mujeres.<\/p>\n\n\n\n<p class=\"wp-block-paragraph\">Durante los trabajos se revisaron acciones orientadas a incorporar la perspectiva de g\u00e9nero en los programas, servicios y decisiones de gobierno, as\u00ed como mecanismos para fortalecer la participaci\u00f3n de las mujeres y garantizar una atenci\u00f3n m\u00e1s sensible e igualitaria desde las instituciones p\u00fablicas.<\/p>\n\n\n\n<p class=\"wp-block-paragraph\">Integrantes de colectivos, organizaciones civiles y representantes de las distintas comisiones reconocieron p\u00fablicamente la disposici\u00f3n y voluntad pol\u00edtica del presidente municipal, destacaron que desde hace tres administraciones ning\u00fan alcalde hab\u00eda encabezado y permanecido durante el desarrollo completo de las sesiones de este sistema.<\/p>\n\n\n\n<p class=\"wp-block-paragraph\">Las representantes de las organizaciones de la sociedad civil se\u00f1alaron que la presencia del presidente municipal representa una muestra de compromiso institucional con la agenda de igualdad y con la construcci\u00f3n de pol\u00edticas p\u00fablicas que respondan a las necesidades reales de las mujeres.<\/p>\n\n\n\n<p class=\"wp-block-paragraph\">SEM-Ceprovysa<\/p>\n","protected":false},"excerpt":{"rendered":"<p>Redacci\u00f3n SemM\u00e9xico\/Ceprovysa, Chilpancingo de los Bravo, 5 de junio, 2026.- El Gobierno Municipal reiter\u00f3 que la igualdad no debe quedarse en el discurso. Debe reflejarse en acciones concretas, en oportunidades para las mujeres, en el acceso pleno a sus derechos y en la eliminaci\u00f3n de las barreras que hist\u00f3ricamente han limitado su desarrollo. As\u00ed lo [&hellip;]<\/p>\n","protected":false},"author":3,"featured_media":106183,"comment_status":"open","ping_status":"open","sticky":false,"template":"","format":"standard","meta":{"_monsterinsights_skip_tracking":false,"footnotes":""},"categories":[700],"tags":[],"class_list":["post-106182","post","type-post","status-publish","format-standard","has-post-thumbnail","category-estados"],"_links":{"self":[{"href":"https:\/\/redsemlac.com\/semmexico\/wp-json\/wp\/v2\/posts\/106182","targetHints":{"allow":["GET"]}}],"collection":[{"href":"https:\/\/redsemlac.com\/semmexico\/wp-json\/wp\/v2\/posts"}],"about":[{"href":"https:\/\/redsemlac.com\/semmexico\/wp-json\/wp\/v2\/types\/post"}],"author":[{"embeddable":true,"href":"https:\/\/redsemlac.com\/semmexico\/wp-json\/wp\/v2\/users\/3"}],"replies":[{"embeddable":true,"href":"https:\/\/redsemlac.com\/semmexico\/wp-json\/wp\/v2\/comments?post=106182"}],"version-history":[{"count":1,"href":"https:\/\/redsemlac.com\/semmexico\/wp-json\/wp\/v2\/posts\/106182\/revisions"}],"predecessor-version":[{"id":106184,"href":"https:\/\/redsemlac.com\/semmexico\/wp-json\/wp\/v2\/posts\/106182\/revisions\/106184"}],"wp:featuredmedia":[{"embeddable":true,"href":"https:\/\/redsemlac.com\/semmexico\/wp-json\/wp\/v2\/media\/106183"}],"wp:attachment":[{"href":"https:\/\/redsemlac.com\/semmexico\/wp-json\/wp\/v2\/media?parent=106182"}],"wp:term":[{"taxonomy":"category","embeddable":true,"href":"https:\/\/redsemlac.com\/semmexico\/wp-json\/wp\/v2\/categories?post=106182"},{"taxonomy":"post_tag","embeddable":true,"href":"https:\/\/redsemlac.com\/semmexico\/wp-json\/wp\/v2\/tags?post=106182"}],"curies":[{"name":"wp","href":"https:\/\/api.w.org\/{rel}","templated":true}]}}