{"id":106174,"date":"2026-06-05T15:50:40","date_gmt":"2026-06-05T21:50:40","guid":{"rendered":"https:\/\/redsemlac.com\/semmexico\/?p=106174"},"modified":"2026-06-05T15:50:41","modified_gmt":"2026-06-05T21:50:41","slug":"tras-la-puerta-del-poder-el-trump-visto-por-amlo-un-presidente-totalmente-manipulado","status":"publish","type":"post","link":"https:\/\/redsemlac.com\/semmexico\/tras-la-puerta-del-poder-el-trump-visto-por-amlo-un-presidente-totalmente-manipulado\/","title":{"rendered":"Tras la puerta del poder| El Trump visto por AMLO:\u00a0un presidente totalmente manipulado"},"content":{"rendered":"\n<p class=\"wp-block-paragraph\">Roverto Vizcanio<\/p>\n\n\n\n<p class=\"wp-block-paragraph\">SemM\u00e9xico, Ciudad de M\u00e9xico, 5 de junio, 2026.- Lo primero que hay que aclarar es que una carta es la expresi\u00f3n, convicci\u00f3n absolutamente personal de qui\u00e9n la escribe.<\/p>\n\n\n\n<p class=\"wp-block-paragraph\">Y m\u00e1s, si es para hacerla p\u00fablica.<\/p>\n\n\n\n<p class=\"wp-block-paragraph\">Por eso la carta de&nbsp;<strong>Andr\u00e9s Manuel L\u00f3pez Obrador<\/strong>&nbsp;a&nbsp;<strong>Donald Trump<\/strong>&nbsp;no tiene desperdicio.<\/p>\n\n\n\n<p class=\"wp-block-paragraph\">No tiene desperdicio ni en lo que se desprende de su texto, ni en su circunstancia.<\/p>\n\n\n\n<p class=\"wp-block-paragraph\">De entrada, al hacerla p\u00fablica a trav\u00e9s de sus redes sociales,&nbsp;<strong>AMLO<\/strong>&nbsp;deja ver el enfado hacia su subordinada, la presidenta&nbsp;<strong>Claudia Sheinbaum<\/strong>, a quien en los hechos con esta carta le dice:<\/p>\n\n\n\n<p class=\"wp-block-paragraph\">\u201c\u2026 a ver, hazte a un lado, \u00bfqu\u00e9 no ves que no eres clara, que no te entienden?, y qu\u00e9, lo que hay que decir, es:<\/p>\n\n\n\n<p class=\"wp-block-paragraph\">1.- Que a&nbsp;<strong>Donald Trump<\/strong>&nbsp;lo tripulan, gobiernan, le ordenan \u201ccon mayor frecuencia -en la toma de decisiones- sus inexpertos, resentidos y fan\u00e1ticos consejeros, que no son precisamente hombres de Estado\u2026 sus falsos amigos y consejeros internos y del exterior que lo han estado embarcando en viles y siniestras aventuras (\u00bfcritica las acciones de&nbsp;<strong>Trump<\/strong>&nbsp;en Iran? \u00bfPalestina? \u00bfVenezuela? \u00bfCuba?); las r\u00e9moras&nbsp;<strong><em>que lo rodean y azuzan (al interior de La Casa Blanca, y que \u00fanicamente son)<\/em><\/strong>, paleros, manipuladores, caciquillos, vividores, ladrones, polizontes, tinterillos, especuladores, filibusteros, potentados, trepadores o malvados\u201d.<\/p>\n\n\n\n<p class=\"wp-block-paragraph\">2.- Y que entonces&nbsp;<strong>la&nbsp;embestida<\/strong>&nbsp;de su Gobierno contra el Gobierno de M\u00e9xico, en la que&nbsp;<strong>usa<\/strong>&nbsp;<strong>pr\u00e1cticas intervencionistas nada escrupulosas<\/strong>&nbsp;bajo el&nbsp;<strong>pretexto<\/strong>&nbsp;del combate a la migraci\u00f3n y al&nbsp;<strong>narcoterrorismo<\/strong>&nbsp;es en realidad&nbsp;<strong>un asunto de car\u00e1cter pol\u00edtico y electoral<\/strong>&nbsp;de algunos de sus&nbsp;<strong>funcionarios que as\u00ed traman debilitar a Morena&nbsp;y fortalecer a la oposici\u00f3n de derecha en M\u00e9xico<\/strong>&nbsp;<strong>con la idea de volver a disponer de un gobierno entreguista, corrupto, mafioso y cruel y, por lo mismo, vulnerable, subordinado y fiel a sus designios intervencionistas, y que a<\/strong>dem\u00e1s, conf\u00edan en que podr\u00e1n enga\u00f1ar de nuevo a muchos ciudadanos estadounidenses&nbsp;<strong>con la t\u00e1ctica propagand\u00edstica hitleriana<\/strong>&nbsp;de repetir y repetir mentiras, con miras a las pr\u00f3ximas elecciones de noviembre, para seguir culpando a M\u00e9xico de todos y cada uno de sus males.<\/p>\n\n\n\n<p class=\"wp-block-paragraph\">3.- Que al aplicar el Gobierno de&nbsp;<strong>Trump<\/strong>&nbsp;el concepto de narcoterrorismo como \u201cuna supuesta amenaza para la seguridad de Estados Unidos, se atribuye la licencia para secuestrar, cazar y ajusticiar de manera extraterritorial a cualquier persona sin pruebas, juicio o sentencia alguna\u2026 es como la \u201c<em>ley fuga<\/em>\u201d o el \u201c<em>m\u00e1talos en caliente<\/em>\u201d,&nbsp;<strong>la m\u00e1s abominable violaci\u00f3n a los derechos humanos\u201d (m\u00e1s directo no hay para calificar a Trump como violador de Derechos Humanos)<\/strong>.<\/p>\n\n\n\n<p class=\"wp-block-paragraph\">4.- Y finalmente&nbsp;<strong>ALMO<\/strong>&nbsp;ve a&nbsp;<strong>Trump<\/strong>&nbsp;como \u201cuna persona&nbsp;<strong>a la que le interesa m\u00e1s la historia que el cargo y no le gustar\u00eda ser recordado<\/strong>&nbsp;como responsable de una crisis econ\u00f3mica y de bienestar social que adem\u00e1s&nbsp;<strong>causara la p\u00e9rdida de elecciones a su partido<\/strong>&nbsp;y, sobre todo, el&nbsp;<strong>ser identificado como&nbsp;<em>un mandatario atrabancado<\/em>&nbsp;que se pele\u00f3 con casi todo el mundo, incluido el papa y hasta con sus vecinos de Canad\u00e1 y M\u00e9xico\u201d.<\/strong><\/p>\n\n\n\n<p class=\"wp-block-paragraph\">En fin, una carta llena de&nbsp;<strong>consideraciones<\/strong>&nbsp;que seguramente ser\u00e1n analizadas por&nbsp;<strong>Marco Rubio<\/strong>, el poderoso secretario de Estado y que es sin duda el m\u00e1s cercano e influyente ante&nbsp;<strong>Trump<\/strong>.<\/p>\n\n\n\n<p class=\"wp-block-paragraph\">Para concretar,&nbsp;conclusi\u00f3n es:<\/p>\n\n\n\n<p class=\"wp-block-paragraph\">&#8211;&nbsp;&nbsp;&nbsp;&nbsp;&nbsp;&nbsp;&nbsp;<strong>AMLO<\/strong>&nbsp;afirma que no existen cargos reales de vinculaciones con carteles en caso del gobernador de Sinaloa&nbsp;<strong>Rub\u00e9n Rocha Moya<\/strong>, el senador<strong>&nbsp;Enrique Inzunza<\/strong>&nbsp;y dem\u00e1s implicados en denuncia de EU y ahora la que viene contra los gobernadores&nbsp;<strong>Alfonso Durazo<\/strong>&nbsp;y&nbsp;<strong>Americo Villarreal<\/strong>, de Sonora y Tamaulipas.<\/p>\n\n\n\n<p class=\"wp-block-paragraph\">&#8211;&nbsp;&nbsp;&nbsp;&nbsp;&nbsp;&nbsp;&nbsp;Y que ahora resulta, seg\u00fan \u00e9l, que las denuncias por vinculaciones al narco contra&nbsp;<strong>Rocha Moya, Inzunza<\/strong>&nbsp;y otros morenos, son en realidad una campa\u00f1a de ultras cercanos a&nbsp;<strong>Trump<\/strong>&nbsp;para ir contra Morena y la 4T e intentar que as\u00ed regresen los conservadores entreguistas al Gobierno en M\u00e9xico.<\/p>\n\n\n\n<p class=\"wp-block-paragraph\">&#8211;&nbsp;&nbsp;&nbsp;&nbsp;&nbsp;&nbsp;&nbsp;O sea, \u00bfque todo lo que ha hecho el presidente&nbsp;<strong>Trump<\/strong>&nbsp;-denunciar desde su toma de posesi\u00f3n que en M\u00e9xico existe un narcogobierno, que la apertura de&nbsp;<strong>Nicol\u00e1s Maduro<\/strong>&nbsp;por ser cabeza del Cartel de Los Soles, que los ataques a narcobarcos en El Caribe y el Pac\u00edfico, que la operaci\u00f3n conjunta contra&nbsp;<strong><em>El Mencho<\/em><\/strong>, que declarar a carteles mexicanos como narcoterroristas y la integraci\u00f3n del Escudo de las Americas para combatir a narcos en el continente- es una argucia para ir contra la 4T?<\/p>\n\n\n\n<p class=\"wp-block-paragraph\">&#8211;&nbsp;&nbsp;\u00bfNeta?<\/p>\n\n\n\n<p class=\"wp-block-paragraph\">\u00bfC\u00f3mo lo ve Usted?<\/p>\n\n\n\n<p class=\"wp-block-paragraph\"><strong>TRUMP COMPROMETIDO CON LA DEMOCRACIA: RUBIO Y LANDAU<\/strong><\/p>\n\n\n\n<p class=\"wp-block-paragraph\"><strong>Marco Rubio<\/strong>, secretario de Estado de&nbsp;<strong>Trump<\/strong>&nbsp;compareci\u00f3 estos d\u00edas ante el Senado de EU donde dijo que su Gobierno \u201cest\u00e1 comprometido con la protecci\u00f3n de la democracia colombiana\u201d.<\/p>\n\n\n\n<p class=\"wp-block-paragraph\">El tema fue retomado en redes sociales por su subsecretario&nbsp;<strong>Christopher Landau<\/strong>, exembajador de EU en M\u00e9xico, quien en, \u201c<strong><em>un se los digo a los colombianos para que lo entiendan los dem\u00e1s<\/em><\/strong>\u201d, les record\u00f3 que \u201cuna visa estadounidense es un privilegio, no un derecho, y que la denegaci\u00f3n y revocaci\u00f3n de visas son herramientas poderosas para impulsar nuestra pol\u00edtica exterior\u2026<\/p>\n\n\n\n<p class=\"wp-block-paragraph\">\u201cPara salvaguardar la integridad de las pr\u00f3ximas elecciones en Colombia, estamos monitoreando de cerca la situaci\u00f3n en la costa caribe\u00f1a y en otros lugares.<\/p>\n\n\n\n<p class=\"wp-block-paragraph\">\u201cQuienes se sientan tentados a socavar o manipular el proceso democr\u00e1tico \u2014ya sea mediante la COMPRA DE VOTOS o de cualquier otra forma\u2014 quedan advertidos de que est\u00e1n poniendo en riesgo sus visas y las de sus familias. \u00a1Por algo me llaman&nbsp;<em>El Quita visas<\/em>!\u201d, concluy\u00f3.<\/p>\n\n\n\n<p class=\"wp-block-paragraph\">Algo que ya saben muy bien decenas de funcionarios y legisladores de Morena -estos por no solo por ser tramposos electorales, sino por estar vinculados a carteles del narcoterrorismo- que lloriquean por los rincones porque ya se quedaron sin visa de EU.<\/p>\n\n\n\n<p class=\"wp-block-paragraph\">\u00bf<strong>Landau<\/strong>&nbsp;estar\u00e1 pendiente de la elecci\u00f3n del domingo en Coahuila? \u00bfde los que andan en campa\u00f1a adelantad\u00edsima con dineros inexplicables como&nbsp;<strong>Andrea Chavez<\/strong>&nbsp;en Chihuahua o&nbsp;<strong>Andy L\u00f3pez Beltr\u00e1n<\/strong>&nbsp;en Tabasco?<\/p>\n\n\n\n<p class=\"wp-block-paragraph\">Ser\u00eda bueno que ah\u00ed se les retirara algunas visas \u00bfno?<\/p>\n\n\n\n<p class=\"wp-block-paragraph\">Twitter: @_Vizcaino \/ Facebook<\/p>\n\n\n\n<p class=\"wp-block-paragraph\">\/&nbsp;<a href=\"https:\/\/www.facebook.com\/rvizcainoa\" target=\"_blank\" rel=\"noreferrer noopener\">https:\/\/www.facebook.com\/rvizcainoa<\/a>&nbsp;\/<\/p>\n\n\n\n<p class=\"wp-block-paragraph\">e-mail:&nbsp;<a href=\"mailto:rvizcainoa@gmail.com\" target=\"_blank\" rel=\"noreferrer noopener\">rvizcainoa@gmail.com<\/a><\/p>\n","protected":false},"excerpt":{"rendered":"<p>Roverto Vizcanio SemM\u00e9xico, Ciudad de M\u00e9xico, 5 de junio, 2026.- Lo primero que hay que aclarar es que una carta es la expresi\u00f3n, convicci\u00f3n absolutamente personal de qui\u00e9n la escribe. Y m\u00e1s, si es para hacerla p\u00fablica. Por eso la carta de&nbsp;Andr\u00e9s Manuel L\u00f3pez Obrador&nbsp;a&nbsp;Donald Trump&nbsp;no tiene desperdicio. No tiene desperdicio ni en lo que [&hellip;]<\/p>\n","protected":false},"author":3,"featured_media":39589,"comment_status":"open","ping_status":"open","sticky":false,"template":"","format":"standard","meta":{"_monsterinsights_skip_tracking":false,"footnotes":""},"categories":[35,622],"tags":[],"class_list":["post-106174","post","type-post","status-publish","format-standard","has-post-thumbnail","category-opinion","category-tras-la-puerta-del-poder"],"_links":{"self":[{"href":"https:\/\/redsemlac.com\/semmexico\/wp-json\/wp\/v2\/posts\/106174","targetHints":{"allow":["GET"]}}],"collection":[{"href":"https:\/\/redsemlac.com\/semmexico\/wp-json\/wp\/v2\/posts"}],"about":[{"href":"https:\/\/redsemlac.com\/semmexico\/wp-json\/wp\/v2\/types\/post"}],"author":[{"embeddable":true,"href":"https:\/\/redsemlac.com\/semmexico\/wp-json\/wp\/v2\/users\/3"}],"replies":[{"embeddable":true,"href":"https:\/\/redsemlac.com\/semmexico\/wp-json\/wp\/v2\/comments?post=106174"}],"version-history":[{"count":1,"href":"https:\/\/redsemlac.com\/semmexico\/wp-json\/wp\/v2\/posts\/106174\/revisions"}],"predecessor-version":[{"id":106175,"href":"https:\/\/redsemlac.com\/semmexico\/wp-json\/wp\/v2\/posts\/106174\/revisions\/106175"}],"wp:featuredmedia":[{"embeddable":true,"href":"https:\/\/redsemlac.com\/semmexico\/wp-json\/wp\/v2\/media\/39589"}],"wp:attachment":[{"href":"https:\/\/redsemlac.com\/semmexico\/wp-json\/wp\/v2\/media?parent=106174"}],"wp:term":[{"taxonomy":"category","embeddable":true,"href":"https:\/\/redsemlac.com\/semmexico\/wp-json\/wp\/v2\/categories?post=106174"},{"taxonomy":"post_tag","embeddable":true,"href":"https:\/\/redsemlac.com\/semmexico\/wp-json\/wp\/v2\/tags?post=106174"}],"curies":[{"name":"wp","href":"https:\/\/api.w.org\/{rel}","templated":true}]}}