{"id":106132,"date":"2026-06-03T10:28:48","date_gmt":"2026-06-03T16:28:48","guid":{"rendered":"https:\/\/redsemlac.com\/semmexico\/?p=106132"},"modified":"2026-06-03T10:28:48","modified_gmt":"2026-06-03T16:28:48","slug":"amnistia-internacional-pide-que-paren-detenciones-arbitrarias-masivas-y-ejecuciones-a-la-poblacion-irani-con-la-excusa-de-la-guerra","status":"publish","type":"post","link":"https:\/\/redsemlac.com\/semmexico\/amnistia-internacional-pide-que-paren-detenciones-arbitrarias-masivas-y-ejecuciones-a-la-poblacion-irani-con-la-excusa-de-la-guerra\/","title":{"rendered":"Amnist\u00eda Internacional pide que paren detenciones arbitrarias masivas y ejecuciones a la poblaci\u00f3n iran\u00ed, con la excusa de la guerra\u00a0"},"content":{"rendered":"\n<p class=\"wp-block-paragraph\">Las restricciones a la internet ha acabado con la subsistencia de negocios&nbsp;&nbsp;<\/p>\n\n\n\n<p class=\"wp-block-paragraph\">Elda Montiel&nbsp;<\/p>\n\n\n\n<p class=\"wp-block-paragraph\">SemM\u00e9xico, Ciudad de M\u00e9xico,&nbsp; 3 de junio 2026.- Amnist\u00eda Internacional advierte que las autoridades iran\u00edes est\u00e1n utilizando las llamadas \u201ccondiciones de guerra\u201d para intensificar la represi\u00f3n de la disidencia, por lo que pide la liberaci\u00f3n de todas las personas detenidas arbitrariamente, el fin de las ejecuciones y que se garanticen los derechos humanos de la poblaci\u00f3n en Ir\u00e1n.<\/p>\n\n\n\n<p class=\"wp-block-paragraph\">\u201cLa comunidad internacional no debe permitir que las autoridades iran\u00edes usen el conflicto como cortina de humo para reforzar su aparato represivo y cometer cr\u00edmenes de derecho internacional con impunidad\u201d, ha se\u00f1alado Erika Guevara Rosas, Amnist\u00eda Internacional<\/p>\n\n\n\n<p class=\"wp-block-paragraph\">A partir del ataque militar ilegal lanzado por Estados Unidos e Israel contra Ir\u00e1n el 28 de febrero del 2026, ya son m\u00e1s 6,000 personas detenidas arbitrariamente. Aumentaron las denuncias de desapariciones forzadas, tortura, juicios injustos, ejecuciones de motivaci\u00f3n pol\u00edtica y restricciones masivas al acceso a internet.<\/p>\n\n\n\n<p class=\"wp-block-paragraph\">La represi\u00f3n es a los manifestantes, periodistas, profesionales de la abogac\u00eda, defensores y defensoras de los derechos humanos, disidentes y miembros de minor\u00edas \u00e9tnicas y religiosas, con procedimientos acelerados contra las personas detenidas, incluso por cargos que conllevan la pena capital; se han llevado a cabo al menos 39 ejecuciones pol\u00edticas, as\u00ed como \u201cconfesiones forzadas\u201d en juicios farsas contra manifestantes. Y la preocupaci\u00f3n generalizada por las desapariciones forzadas.<\/p>\n\n\n\n<p class=\"wp-block-paragraph\">Las autoridades sometieron al aislamiento de internet a m\u00e1s de 90 millones de personas, con 88 d\u00edas de duraci\u00f3n, con argumentos de espionaje que castigaba con la pena de muerte, y que se restableci\u00f3 con restricciones el 26 de mayo de 2026.&nbsp;&nbsp;<\/p>\n\n\n\n<p class=\"wp-block-paragraph\">Erika Guevara Rosas, directora general de Investigaci\u00f3n, Incidencia, Pol\u00edtica y Campa\u00f1as de Amnist\u00eda Internacional, se\u00f1ala que las autoridades iran\u00edes han erosionado a\u00fan m\u00e1s los derechos humanos de la poblaci\u00f3n, afectada por los ataques a\u00e9reos estadounidenses e israel\u00edes, y para mantener el control de poder han desencadenado toda una guerra contra la poblaci\u00f3n que se atreva a criticar a la Rep\u00fablica isl\u00e1mica.<\/p>\n\n\n\n<p class=\"wp-block-paragraph\">Para documentarse Amnist\u00eda Internacional habl\u00f3 con 10 fuentes informadas fuera de Ir\u00e1n entre familiares de v\u00edctimas, defensores y defensoras de los derechos humanos, y periodistas con informaci\u00f3n sobre violaciones. Ha analizado v\u00eddeos publicados en Internet, ha estudiado mensajes de texto oficiales enviados por las autoridades,&nbsp; examinado declaraciones oficiales e informaciones de medios de comunicaci\u00f3n estatales, y ha revisado informaciones de medios de comunicaci\u00f3n independientes y organizaciones de derechos humanos con sede fuera de Ir\u00e1n.<\/p>\n\n\n\n<p class=\"wp-block-paragraph\"><strong>Criminalizaci\u00f3n del uso de Internet<\/strong><\/p>\n\n\n\n<p class=\"wp-block-paragraph\">El 25 de mayo de 2026, el presidente Masoud Pezeshkian orden\u00f3 al Ministerio de Informaci\u00f3n y Tecnolog\u00eda de las Comunicaciones que restableciera el acceso al Internet global. El acceso comenz\u00f3 a restablecerse al d\u00eda siguiente, pero no est\u00e1 claro si se mantendr\u00e1 la conectividad de Internet en un contexto de anuncios contradictorios de organismos oficiales, como el centro de medios de comunicaci\u00f3n del poder judicial, que parecen cuestionar la legalidad de la orden presidencial que restablece Internet. Adem\u00e1s, siguen preocupando la censura, la vigilancia y el procesamiento de personas que tratan de eludir las restricciones con el uso de redes virtuales privadas (VPN).<\/p>\n\n\n\n<p class=\"wp-block-paragraph\">Las autoridades introdujeron un sistema discriminatorio de acceso a Internet por niveles que permit\u00eda solo a un peque\u00f1o n\u00famero de personas usuarias aprobadas previamente \u2014como las vinculadas a instituciones del Estado y algunos sectores profesionales aprobados\u2014 acceder a un Internet global menos restringido mediante servicios de \u201cInternet Pro\u201d al mismo tiempo que negaban a la poblaci\u00f3n en general el acceso a Internet y la conexi\u00f3n entre s\u00ed y el mundo exterior.&nbsp;<\/p>\n\n\n\n<p class=\"wp-block-paragraph\">Es com\u00fan mensajes amenazantes por parte de la fuerza policial de Ir\u00e1n, conocida por su acr\u00f3nimo FARAJA, como las de no cumplir con las restricciones, entre ellas fotografiar&nbsp; zonas da\u00f1adas en ataques a\u00e9reos y compartirlos con medios de comunicaci\u00f3n o plataformas, lo que se considerar\u00eda colaborar con el enemigo con consecuencias legales. Tambi\u00e9n insta a los usuarios a \u201cdelatarse\u201d.<\/p>\n\n\n\n<p class=\"wp-block-paragraph\">Seg\u00fan medios de comunicaci\u00f3n afines al Estado del interior de Ir\u00e1n, el prolongado cierre de Internet ha destrozado medios de subsistencia en todo el pa\u00eds, hundiendo <a href=\"https:\/\/eur02.safelinks.protection.outlook.com\/?url=https%3A%2F%2Fwww.isna.ir%2Fnews%2F1405020603098&amp;data=05%7C02%7Csara.hashash%40amnesty.org%7C5fb2b8cf184f4b41219108debc0153a7%7Cc2dbf829378d44c1b47a1c043924ddf3%7C0%7C0%7C639154911038686993%7CUnknown%7CTWFpbGZsb3d8eyJFbXB0eU1hcGkiOnRydWUsIlYiOiIwLjAuMDAwMCIsIlAiOiJXaW4zMiIsIkFOIjoiTWFpbCIsIldUIjoyfQ%3D%3D%7C0%7C%7C%7C&amp;sdata=WK0PIFd3jwS06n1hfz9Wlbq%2FjoMiSJ7UxB3LvaEVkgA%3D&amp;reserved=0\">peque\u00f1os negocios<\/a> y acabando con los ingresos de <a href=\"https:\/\/eur02.safelinks.protection.outlook.com\/?url=https%3A%2F%2Fwww.etemadonline.com%2F%25D8%25A8%25D8%25AE%25D8%25B4-%25D8%25A7%25D8%25AC%25D8%25AA%25D9%2585%25D8%25A7%25D8%25B9%25DB%258C-23%2F757707-%25D9%2582%25D8%25B7%25D8%25B9-%25D8%25A7%25DB%258C%25D9%2586%25D8%25AA%25D8%25B1%25D9%2586%25D8%25AA-%25D8%25B4%25D8%25BA%25D9%2584&amp;data=05%7C02%7Csara.hashash%40amnesty.org%7C5fb2b8cf184f4b41219108debc0153a7%7Cc2dbf829378d44c1b47a1c043924ddf3%7C0%7C0%7C639154911038704582%7CUnknown%7CTWFpbGZsb3d8eyJFbXB0eU1hcGkiOnRydWUsIlYiOiIwLjAuMDAwMCIsIlAiOiJXaW4zMiIsIkFOIjoiTWFpbCIsIldUIjoyfQ%3D%3D%7C0%7C%7C%7C&amp;sdata=SKva0QCV5oR9ROh2HH4HKOvtAMK4SXDzu1aQfb4lq10%3D&amp;reserved=0\">millones de personas<\/a> que dependen de <a href=\"https:\/\/eur02.safelinks.protection.outlook.com\/?url=https%3A%2F%2Fwww.eghtesadnews.com%2F%25D8%25A8%25D8%25AE%25D8%25B4-%25D8%25A7%25D8%25AE%25D8%25A8%25D8%25A7%25D8%25B1-%25D8%25A7%25D9%2582%25D8%25AA%25D8%25B5%25D8%25A7%25D8%25AF%25DB%258C-67%2F780275-%25DA%25A9%25D8%25B3%25D8%25A8-%25D9%2588%25DA%25A9%25D8%25A7%25D8%25B1%25D9%2587%25D8%25A7%25DB%258C-%25D8%25A7%25DB%258C%25D9%2586%25D8%25AA%25D8%25B1%25D9%2586%25D8%25AA%25DB%258C-%25D8%25AF%25D8%25B1-%25D9%2585%25DB%258C%25D8%25AF%25D8%25A7%25D9%2586-%25D9%2585%25DB%258C%25D9%2586-%25D8%25AE%25D8%25B3%25D8%25A7%25D8%25B1%25D8%25AA-%25D9%2587%25D8%25B1-%25D8%25AF%25D9%2582%25DB%258C%25D9%2582%25D9%2587-%25D9%2582%25D8%25B7%25D8%25B9%25DB%258C-%25D8%25A7%25DB%258C%25D9%2586%25D8%25AA%25D8%25B1%25D9%2586%25D8%25AA-%25D8%25AA%25D8%25A7-%25D9%2587%25D8%25B2%25D8%25A7%25D8%25B1-%25D8%25AF%25D9%2584%25D8%25A7%25D8%25B1-%25D9%2585%25DB%258C%25D9%2584%25DB%258C%25D9%2588%25D9%2586-%25D8%25A7%25DB%258C%25D8%25B1%25D8%25A7%25D9%2586%25DB%258C-%25D9%2585%25D8%25B9%25DB%258C%25D8%25B4%25D8%25AA-%25D8%25B4%25D8%25A7%25D9%2586-%25D8%25A8%25D9%2587-%25D8%25A7%25DB%258C%25D9%2586%25D8%25AA%25D8%25B1%25D9%2586%25D8%25AA-%25D8%25A8%25DB%258C%25D9%2586-%25D8%25A7%25D9%2584%25D9%2585%25D9%2584%25D9%2584-%25DA%25AF%25D8%25B1%25D9%2587-%25D8%25AE%25D9%2588%25D8%25B1%25D8%25AF%25D9%2587-%25D8%25A7%25D8%25B3%25D8%25AA&amp;data=05%7C02%7Csara.hashash%40amnesty.org%7C5fb2b8cf184f4b41219108debc0153a7%7Cc2dbf829378d44c1b47a1c043924ddf3%7C0%7C0%7C639154911038722381%7CUnknown%7CTWFpbGZsb3d8eyJFbXB0eU1hcGkiOnRydWUsIlYiOiIwLjAuMDAwMCIsIlAiOiJXaW4zMiIsIkFOIjoiTWFpbCIsIldUIjoyfQ%3D%3D%7C0%7C%7C%7C&amp;sdata=JI%2BamNpJQ%2BBGVI%2BM49VRkrU1XrEK4KiAth3yiBtiMc0%3D&amp;reserved=0\">la conectividad digital<\/a>.<\/p>\n\n\n\n<p class=\"wp-block-paragraph\"><strong>Detenciones arbitrarias masivas, enjuiciamientos y bloqueo de activos<\/strong><\/p>\n\n\n\n<p class=\"wp-block-paragraph\">Las autoridades han detenido arbitrariamente en todo el pa\u00eds a miles de personas, algunas de ellas menores, so pretexto de la seguridad nacional e incluso por actos pac\u00edficos protegidos por el derecho internacional de los derechos humanos.<\/p>\n\n\n\n<p class=\"wp-block-paragraph\">El 17 de mayo de 2026, el jefe de la polic\u00eda de Ir\u00e1n, Ahmadreza Radan, <a href=\"https:\/\/eur02.safelinks.protection.outlook.com\/?url=https%3A%2F%2Ft.me%2Firna_1313%2F407649&amp;data=05%7C02%7Csara.hashash%40amnesty.org%7C5fb2b8cf184f4b41219108debc0153a7%7Cc2dbf829378d44c1b47a1c043924ddf3%7C0%7C0%7C639154911038740213%7CUnknown%7CTWFpbGZsb3d8eyJFbXB0eU1hcGkiOnRydWUsIlYiOiIwLjAuMDAwMCIsIlAiOiJXaW4zMiIsIkFOIjoiTWFpbCIsIldUIjoyfQ%3D%3D%7C0%7C%7C%7C&amp;sdata=PLXQBFWb12dYjYKjU2jQAyVznBypNf5Uj0DRAn4YIq8%3D&amp;reserved=0\">anunci\u00f3<\/a> que hab\u00edan sido detenidos m\u00e1s de 6.500 \u201ctraidores y esp\u00edas\u201d desde el 28 de febrero de 2026. Seg\u00fan las autoridades iran\u00edes y los medios de comunicaci\u00f3n estatales, se han practicado arrestos masivos en provincias de todo el pa\u00eds, incluidas las de <a href=\"https:\/\/eur02.safelinks.protection.outlook.com\/?url=https%3A%2F%2Fwww.mehrnews.com%2Fnews%2F6778793%2F&amp;data=05%7C02%7Csara.hashash%40amnesty.org%7C5fb2b8cf184f4b41219108debc0153a7%7Cc2dbf829378d44c1b47a1c043924ddf3%7C0%7C0%7C639154911038756870%7CUnknown%7CTWFpbGZsb3d8eyJFbXB0eU1hcGkiOnRydWUsIlYiOiIwLjAuMDAwMCIsIlAiOiJXaW4zMiIsIkFOIjoiTWFpbCIsIldUIjoyfQ%3D%3D%7C0%7C%7C%7C&amp;sdata=nNvcTdq%2BGwNeAV1iWWlbtaxobAEeMhkieQ4MFy20MMU%3D&amp;reserved=0\">Alborz<\/a>, <a href=\"https:\/\/eur02.safelinks.protection.outlook.com\/?url=https%3A%2F%2Ft.me%2FJENewspaper%2F201642&amp;data=05%7C02%7Csara.hashash%40amnesty.org%7C5fb2b8cf184f4b41219108debc0153a7%7Cc2dbf829378d44c1b47a1c043924ddf3%7C0%7C0%7C639154911038775237%7CUnknown%7CTWFpbGZsb3d8eyJFbXB0eU1hcGkiOnRydWUsIlYiOiIwLjAuMDAwMCIsIlAiOiJXaW4zMiIsIkFOIjoiTWFpbCIsIldUIjoyfQ%3D%3D%7C0%7C%7C%7C&amp;sdata=I8ySDtgKjODKUZVlByVzeT0cuxZM8QaM6BLUEVKGyKw%3D&amp;reserved=0\">Ardebil<\/a>, <a href=\"https:\/\/eur02.safelinks.protection.outlook.com\/?url=https%3A%2F%2Fwww.irna.ir%2Fnews%2F86110977&amp;data=05%7C02%7Csara.hashash%40amnesty.org%7C5fb2b8cf184f4b41219108debc0153a7%7Cc2dbf829378d44c1b47a1c043924ddf3%7C0%7C0%7C639154911038792393%7CUnknown%7CTWFpbGZsb3d8eyJFbXB0eU1hcGkiOnRydWUsIlYiOiIwLjAuMDAwMCIsIlAiOiJXaW4zMiIsIkFOIjoiTWFpbCIsIldUIjoyfQ%3D%3D%7C0%7C%7C%7C&amp;sdata=wGHCuXgUsyCDYkTy7XMrU93%2FKQL2qlBGpJGSvx%2FrqbI%3D&amp;reserved=0\">Isfah\u00e1n<\/a>, <a href=\"https:\/\/eur02.safelinks.protection.outlook.com\/?url=https%3A%2F%2Fwww.mehrnews.com%2Fnews%2F6787963&amp;data=05%7C02%7Csara.hashash%40amnesty.org%7C5fb2b8cf184f4b41219108debc0153a7%7Cc2dbf829378d44c1b47a1c043924ddf3%7C0%7C0%7C639154911038814109%7CUnknown%7CTWFpbGZsb3d8eyJFbXB0eU1hcGkiOnRydWUsIlYiOiIwLjAuMDAwMCIsIlAiOiJXaW4zMiIsIkFOIjoiTWFpbCIsIldUIjoyfQ%3D%3D%7C0%7C%7C%7C&amp;sdata=%2FgC1WT09Z41XOjjScpLnbf%2FXS7IY6355KSlwq2JUfRg%3D&amp;reserved=0\">Fars<\/a>, <a href=\"https:\/\/eur02.safelinks.protection.outlook.com\/?url=https%3A%2F%2Fwww.mehrnews.com%2Fnews%2F6802768&amp;data=05%7C02%7Csara.hashash%40amnesty.org%7C5fb2b8cf184f4b41219108debc0153a7%7Cc2dbf829378d44c1b47a1c043924ddf3%7C0%7C0%7C639154911038832741%7CUnknown%7CTWFpbGZsb3d8eyJFbXB0eU1hcGkiOnRydWUsIlYiOiIwLjAuMDAwMCIsIlAiOiJXaW4zMiIsIkFOIjoiTWFpbCIsIldUIjoyfQ%3D%3D%7C0%7C%7C%7C&amp;sdata=NFbk41os5exQKdUQsSqZWwwbk1j46anpFDEKvddMdz8%3D&amp;reserved=0\">Gilan<\/a>, <a href=\"https:\/\/eur02.safelinks.protection.outlook.com\/?url=https%3A%2F%2Fwww.asriran.com%2Ffa%2Fnews%2F1153336%2F&amp;data=05%7C02%7Csara.hashash%40amnesty.org%7C5fb2b8cf184f4b41219108debc0153a7%7Cc2dbf829378d44c1b47a1c043924ddf3%7C0%7C0%7C639154911038850780%7CUnknown%7CTWFpbGZsb3d8eyJFbXB0eU1hcGkiOnRydWUsIlYiOiIwLjAuMDAwMCIsIlAiOiJXaW4zMiIsIkFOIjoiTWFpbCIsIldUIjoyfQ%3D%3D%7C0%7C%7C%7C&amp;sdata=UGL7fBXXFKFkVQe5b3ArdbOkekbdUC%2FbmKFVcrqOi2Y%3D&amp;reserved=0\">Golest\u00e1n<\/a>, <a href=\"https:\/\/eur02.safelinks.protection.outlook.com\/?url=https%3A%2F%2Ffarsnews.ir%2Fsepahnews%2F1775908937728946072&amp;data=05%7C02%7Csara.hashash%40amnesty.org%7C5fb2b8cf184f4b41219108debc0153a7%7Cc2dbf829378d44c1b47a1c043924ddf3%7C0%7C0%7C639154911038868703%7CUnknown%7CTWFpbGZsb3d8eyJFbXB0eU1hcGkiOnRydWUsIlYiOiIwLjAuMDAwMCIsIlAiOiJXaW4zMiIsIkFOIjoiTWFpbCIsIldUIjoyfQ%3D%3D%7C0%7C%7C%7C&amp;sdata=TtQJxwr%2BC7LWWhFMWx3KlkeBt4GDLprTdj5oevVJTKw%3D&amp;reserved=0\">Hamed\u00e1n<\/a>,<a href=\"https:\/\/eur02.safelinks.protection.outlook.com\/?url=https%3A%2F%2Fwww.mehrnews.com%2Fnews%2F6784759&amp;data=05%7C02%7Csara.hashash%40amnesty.org%7C5fb2b8cf184f4b41219108debc0153a7%7Cc2dbf829378d44c1b47a1c043924ddf3%7C0%7C0%7C639154911038887047%7CUnknown%7CTWFpbGZsb3d8eyJFbXB0eU1hcGkiOnRydWUsIlYiOiIwLjAuMDAwMCIsIlAiOiJXaW4zMiIsIkFOIjoiTWFpbCIsIldUIjoyfQ%3D%3D%7C0%7C%7C%7C&amp;sdata=ler22h6E%2FfvP%2BluByJoftBadc3NW53MBOcthutG9TTk%3D&amp;reserved=0\"> Ilam<\/a>, <a href=\"https:\/\/eur02.safelinks.protection.outlook.com\/?url=https%3A%2F%2Fwww.mehrnews.com%2Fnews%2F6791590&amp;data=05%7C02%7Csara.hashash%40amnesty.org%7C5fb2b8cf184f4b41219108debc0153a7%7Cc2dbf829378d44c1b47a1c043924ddf3%7C0%7C0%7C639154911038904993%7CUnknown%7CTWFpbGZsb3d8eyJFbXB0eU1hcGkiOnRydWUsIlYiOiIwLjAuMDAwMCIsIlAiOiJXaW4zMiIsIkFOIjoiTWFpbCIsIldUIjoyfQ%3D%3D%7C0%7C%7C%7C&amp;sdata=JgRW7t7kmSh%2FBrluJiDTIB73u5cjDxErwz3Nlet61m0%3D&amp;reserved=0\">Kerm\u00e1n<\/a>, <a href=\"https:\/\/eur02.safelinks.protection.outlook.com\/?url=https%3A%2F%2Fwww.irna.ir%2Fnews%2F86140691&amp;data=05%7C02%7Csara.hashash%40amnesty.org%7C5fb2b8cf184f4b41219108debc0153a7%7Cc2dbf829378d44c1b47a1c043924ddf3%7C0%7C0%7C639154911038922865%7CUnknown%7CTWFpbGZsb3d8eyJFbXB0eU1hcGkiOnRydWUsIlYiOiIwLjAuMDAwMCIsIlAiOiJXaW4zMiIsIkFOIjoiTWFpbCIsIldUIjoyfQ%3D%3D%7C0%7C%7C%7C&amp;sdata=vYJjdn8XuoSwAIBD2DbysSlIUDb28%2FvChcOxGnedE3w%3D&amp;reserved=0\">Juzest\u00e1n<\/a>, <a href=\"https:\/\/eur02.safelinks.protection.outlook.com\/?url=https%3A%2F%2Fwww.irna.ir%2Fnews%2F86124614&amp;data=05%7C02%7Csara.hashash%40amnesty.org%7C5fb2b8cf184f4b41219108debc0153a7%7Cc2dbf829378d44c1b47a1c043924ddf3%7C0%7C0%7C639154911038940592%7CUnknown%7CTWFpbGZsb3d8eyJFbXB0eU1hcGkiOnRydWUsIlYiOiIwLjAuMDAwMCIsIlAiOiJXaW4zMiIsIkFOIjoiTWFpbCIsIldUIjoyfQ%3D%3D%7C0%7C%7C%7C&amp;sdata=OHghv4eN9CETx5gjHAHH%2BVFY0Ml%2F3465%2FiJbrk3j4x8%3D&amp;reserved=0\">Lorest\u00e1n<\/a>, <a href=\"https:\/\/eur02.safelinks.protection.outlook.com\/?url=https%3A%2F%2Fwww.asriran.com%2Ffa%2Fnews%2F1153429&amp;data=05%7C02%7Csara.hashash%40amnesty.org%7C5fb2b8cf184f4b41219108debc0153a7%7Cc2dbf829378d44c1b47a1c043924ddf3%7C0%7C0%7C639154911038960636%7CUnknown%7CTWFpbGZsb3d8eyJFbXB0eU1hcGkiOnRydWUsIlYiOiIwLjAuMDAwMCIsIlAiOiJXaW4zMiIsIkFOIjoiTWFpbCIsIldUIjoyfQ%3D%3D%7C0%7C%7C%7C&amp;sdata=h5UiA03qbsepBN8rdhwro%2Bwvx%2FglOUj3A6N2psgMxvQ%3D&amp;reserved=0\">Markazi<\/a>, <a href=\"https:\/\/eur02.safelinks.protection.outlook.com\/?url=https%3A%2F%2Ft.me%2FTasnimnews%2F406708&amp;data=05%7C02%7Csara.hashash%40amnesty.org%7C5fb2b8cf184f4b41219108debc0153a7%7Cc2dbf829378d44c1b47a1c043924ddf3%7C0%7C0%7C639154911038979337%7CUnknown%7CTWFpbGZsb3d8eyJFbXB0eU1hcGkiOnRydWUsIlYiOiIwLjAuMDAwMCIsIlAiOiJXaW4zMiIsIkFOIjoiTWFpbCIsIldUIjoyfQ%3D%3D%7C0%7C%7C%7C&amp;sdata=UxVr7SVmpUZJns07EvdCSH43zgoCFYEYaI2lvAkbBlY%3D&amp;reserved=0\">Joras\u00e1n del Norte<\/a>, <a href=\"https:\/\/eur02.safelinks.protection.outlook.com\/?url=https%3A%2F%2Fwww.mehrnews.com%2Fnews%2F6775204&amp;data=05%7C02%7Csara.hashash%40amnesty.org%7C5fb2b8cf184f4b41219108debc0153a7%7Cc2dbf829378d44c1b47a1c043924ddf3%7C0%7C0%7C639154911038997543%7CUnknown%7CTWFpbGZsb3d8eyJFbXB0eU1hcGkiOnRydWUsIlYiOiIwLjAuMDAwMCIsIlAiOiJXaW4zMiIsIkFOIjoiTWFpbCIsIldUIjoyfQ%3D%3D%7C0%7C%7C%7C&amp;sdata=%2BgmZsvC8tEAFgqBeFCIf1rjhYhDAvqrHPLAUVEEg%2BwY%3D&amp;reserved=0\">Qazvin<\/a>, <a href=\"https:\/\/eur02.safelinks.protection.outlook.com\/?url=https%3A%2F%2Fwww.irna.ir%2Fnews%2F86126563&amp;data=05%7C02%7Csara.hashash%40amnesty.org%7C5fb2b8cf184f4b41219108debc0153a7%7Cc2dbf829378d44c1b47a1c043924ddf3%7C0%7C0%7C639154911039015111%7CUnknown%7CTWFpbGZsb3d8eyJFbXB0eU1hcGkiOnRydWUsIlYiOiIwLjAuMDAwMCIsIlAiOiJXaW4zMiIsIkFOIjoiTWFpbCIsIldUIjoyfQ%3D%3D%7C0%7C%7C%7C&amp;sdata=R%2BLRwYxZShQp%2FNP%2FJ%2B1C%2BSdV5KQAlUiv80YrWR2XN1c%3D&amp;reserved=0\">Qom<\/a>, <a href=\"https:\/\/eur02.safelinks.protection.outlook.com\/?url=https%3A%2F%2Ffarsnews.ir%2Fsepahnews%2F1775908937728946072&amp;data=05%7C02%7Csara.hashash%40amnesty.org%7C5fb2b8cf184f4b41219108debc0153a7%7Cc2dbf829378d44c1b47a1c043924ddf3%7C0%7C0%7C639154911039032630%7CUnknown%7CTWFpbGZsb3d8eyJFbXB0eU1hcGkiOnRydWUsIlYiOiIwLjAuMDAwMCIsIlAiOiJXaW4zMiIsIkFOIjoiTWFpbCIsIldUIjoyfQ%3D%3D%7C0%7C%7C%7C&amp;sdata=cMRKpOgwbo3hi9ryW7vyHxL5fAWwSXq5ZvbK7IRw92M%3D&amp;reserved=0\">Semn\u00e1n<\/a>, <a href=\"https:\/\/eur02.safelinks.protection.outlook.com\/?url=https%3A%2F%2Fwww.irna.ir%2Fnews%2F86131847%2F&amp;data=05%7C02%7Csara.hashash%40amnesty.org%7C5fb2b8cf184f4b41219108debc0153a7%7Cc2dbf829378d44c1b47a1c043924ddf3%7C0%7C0%7C639154911039050125%7CUnknown%7CTWFpbGZsb3d8eyJFbXB0eU1hcGkiOnRydWUsIlYiOiIwLjAuMDAwMCIsIlAiOiJXaW4zMiIsIkFOIjoiTWFpbCIsIldUIjoyfQ%3D%3D%7C0%7C%7C%7C&amp;sdata=PjlAcC0E37tE0Iblk%2B6mj8WI0n63lO12rnXH2IpJRdM%3D&amp;reserved=0\">Teher\u00e1<\/a>n, <a href=\"https:\/\/eur02.safelinks.protection.outlook.com\/?url=https%3A%2F%2Fwww.mehrnews.com%2Fnews%2F6784759&amp;data=05%7C02%7Csara.hashash%40amnesty.org%7C5fb2b8cf184f4b41219108debc0153a7%7Cc2dbf829378d44c1b47a1c043924ddf3%7C0%7C0%7C639154911039067536%7CUnknown%7CTWFpbGZsb3d8eyJFbXB0eU1hcGkiOnRydWUsIlYiOiIwLjAuMDAwMCIsIlAiOiJXaW4zMiIsIkFOIjoiTWFpbCIsIldUIjoyfQ%3D%3D%7C0%7C%7C%7C&amp;sdata=YiGFYRzQTKH3fCUQScxr1JGAJABiVA9i8QHbsNQt39A%3D&amp;reserved=0\">Azerbaiy\u00e1n Occidental<\/a> y <a href=\"https:\/\/eur02.safelinks.protection.outlook.com\/?url=https%3A%2F%2Fwww.mehrnews.com%2Fnews%2F6783998&amp;data=05%7C02%7Csara.hashash%40amnesty.org%7C5fb2b8cf184f4b41219108debc0153a7%7Cc2dbf829378d44c1b47a1c043924ddf3%7C0%7C0%7C639154911039084340%7CUnknown%7CTWFpbGZsb3d8eyJFbXB0eU1hcGkiOnRydWUsIlYiOiIwLjAuMDAwMCIsIlAiOiJXaW4zMiIsIkFOIjoiTWFpbCIsIldUIjoyfQ%3D%3D%7C0%7C%7C%7C&amp;sdata=44LqF9wdue4QXUYY6S%2Fwuir2WxebXqj5hyCYo4tRp6c%3D&amp;reserved=0\">Yazd<\/a>.<\/p>\n\n\n\n<p class=\"wp-block-paragraph\">Las autoridades y los medios de comunicaci\u00f3n estatales llaman a la personas detenidas \u201cterroristas\u201d, \u201cmercenarias\u201d, \u201cgrupos contrarrevolucionarios\u201d, \u201cagentes de potencias extranjeras\u201d y \u201ccolaboradoras del enemigo\u201d.<\/p>\n\n\n\n<p class=\"wp-block-paragraph\">Las acusaciones m\u00e1s comunes; presunta colaboraci\u00f3n con Israel y\/o Estados Unidos; posesi\u00f3n, venta o uso de equipos Starlink; compartir contenido sobre el conflicto en redes sociales; expresar opiniones a favor de los ataques a\u00e9reos contra la Rep\u00fablica Isl\u00e1mica y\/o celebrar la muerte de altos cargos; difundir noticias falsas y rumores para perturbar la opini\u00f3n p\u00fablica; escribir consignas en lugares p\u00fablicos; cooperar con medios de comunicaci\u00f3n \u201cterroristas\u201d; \u201cinsultar la independencia y la libertad de Ir\u00e1n y a los s\u00edmbolos sagrados del islam\u201d, y \u201crealizar actividades de propaganda contra el pa\u00eds, la bandera y s\u00edmbolos nacionales y religiosos\u201d.<\/p>\n\n\n\n<p class=\"wp-block-paragraph\">Con la excusa de la guerra Las autoridades han detenido arbitrariamente, amenazado y\/o citado a declarar a cientos de manifestantes, defensores y defensoras de los derechos humanos, profesionales de la abogac\u00eda, periodistas y otras personas que trabajan en medios de comunicaci\u00f3n, activistas de la sociedad civil, activistas de los derechos laborales, estudiantes, docentes, familias de manifestantes y viandantes asesinados ilegalmente o ejecutados arbitrariamente que buscan justicia, y a miembros de minor\u00edas \u00e9tnicas \u2014como la \u00e1rabe ahwaz\u00ed, la baluchi y la kurda\u2014 y de minor\u00edas religiosas, como la fe baha\u00ed y la cristiana<\/p>\n","protected":false},"excerpt":{"rendered":"<p>Las restricciones a la internet ha acabado con la subsistencia de negocios&nbsp;&nbsp; Elda Montiel&nbsp; SemM\u00e9xico, Ciudad de M\u00e9xico,&nbsp; 3 de junio 2026.- Amnist\u00eda Internacional advierte que las autoridades iran\u00edes est\u00e1n utilizando las llamadas \u201ccondiciones de guerra\u201d para intensificar la represi\u00f3n de la disidencia, por lo que pide la liberaci\u00f3n de todas las personas detenidas arbitrariamente, [&hellip;]<\/p>\n","protected":false},"author":3,"featured_media":106133,"comment_status":"open","ping_status":"open","sticky":false,"template":"","format":"standard","meta":{"_monsterinsights_skip_tracking":false,"footnotes":""},"categories":[53],"tags":[],"class_list":["post-106132","post","type-post","status-publish","format-standard","has-post-thumbnail","category-internacional"],"_links":{"self":[{"href":"https:\/\/redsemlac.com\/semmexico\/wp-json\/wp\/v2\/posts\/106132","targetHints":{"allow":["GET"]}}],"collection":[{"href":"https:\/\/redsemlac.com\/semmexico\/wp-json\/wp\/v2\/posts"}],"about":[{"href":"https:\/\/redsemlac.com\/semmexico\/wp-json\/wp\/v2\/types\/post"}],"author":[{"embeddable":true,"href":"https:\/\/redsemlac.com\/semmexico\/wp-json\/wp\/v2\/users\/3"}],"replies":[{"embeddable":true,"href":"https:\/\/redsemlac.com\/semmexico\/wp-json\/wp\/v2\/comments?post=106132"}],"version-history":[{"count":1,"href":"https:\/\/redsemlac.com\/semmexico\/wp-json\/wp\/v2\/posts\/106132\/revisions"}],"predecessor-version":[{"id":106134,"href":"https:\/\/redsemlac.com\/semmexico\/wp-json\/wp\/v2\/posts\/106132\/revisions\/106134"}],"wp:featuredmedia":[{"embeddable":true,"href":"https:\/\/redsemlac.com\/semmexico\/wp-json\/wp\/v2\/media\/106133"}],"wp:attachment":[{"href":"https:\/\/redsemlac.com\/semmexico\/wp-json\/wp\/v2\/media?parent=106132"}],"wp:term":[{"taxonomy":"category","embeddable":true,"href":"https:\/\/redsemlac.com\/semmexico\/wp-json\/wp\/v2\/categories?post=106132"},{"taxonomy":"post_tag","embeddable":true,"href":"https:\/\/redsemlac.com\/semmexico\/wp-json\/wp\/v2\/tags?post=106132"}],"curies":[{"name":"wp","href":"https:\/\/api.w.org\/{rel}","templated":true}]}}