{"id":106023,"date":"2026-06-01T15:24:02","date_gmt":"2026-06-01T21:24:02","guid":{"rendered":"https:\/\/redsemlac.com\/semmexico\/?p=106023"},"modified":"2026-06-01T15:24:03","modified_gmt":"2026-06-01T21:24:03","slug":"violeta-del-anahauac-las-mujeres-de-morena-en-guerrero","status":"publish","type":"post","link":"https:\/\/redsemlac.com\/semmexico\/violeta-del-anahauac-las-mujeres-de-morena-en-guerrero\/","title":{"rendered":"VIOLETA DEL AN\u00c1HAUAC| Las mujeres de Morena en Guerrero"},"content":{"rendered":"\n<p class=\"wp-block-paragraph\">Isabel Ortega Morales<\/p>\n\n\n\n<p class=\"wp-block-paragraph\">SemM\u00e9xico, Tlapa, Guerrero, 1\u00ba. de junio, 2026.-Inicia el mes de junio, en un a\u00f1o, en Guerrero acudiremos a las urnas para la elecci\u00f3n intermedia nacional y para la renovaci\u00f3n del Poder Ejecutivo, pero este mes, el 22 MORENA emitir\u00e1 la convocatoria que marcar\u00e1 las reglas que regir\u00e1 la elecci\u00f3n de la o el Coordinador que es la figura que trabajar\u00e1 para alcanzar el registro como Candidata o Candidato a la gubernatura.<\/p>\n\n\n\n<p class=\"wp-block-paragraph\">No es menor ese cargo, ya que quien quede tendr\u00e1 la responsabilidad de coordinar las tareas de organizaci\u00f3n de la elecci\u00f3n del 2027 de su partido.<\/p>\n\n\n\n<p class=\"wp-block-paragraph\">En Guerrero se est\u00e1 notando el trabajo de quienes aspiran a estar en la lista que ser\u00e1 sometida a la encuesta que, de acuerdo a ese Instituto Pol\u00edtico, ser\u00e1 la que defina el mayor nivel de aceptaci\u00f3n de quien resulte electa o electo.<\/p>\n\n\n\n<p class=\"wp-block-paragraph\">Las mujeres que buscan posicionarse para estar en la encuesta son: Beatriz Mojica Morga (Senadora de la Rep\u00fablica por mayor\u00eda), Abelina L\u00f3pez Rodr\u00edguez (Alcaldesa de Acapulco), Guadalupe Eguiluz (Diputada local) y Esthela Dami\u00e1n Peralta (ex Consejera Jur\u00eddica de la Presidencia de la Rep\u00fablica).<\/p>\n\n\n\n<p class=\"wp-block-paragraph\">Cada una de ellas tiene su propia estrategia para que el d\u00eda en que salga la convocatoria, cumplan los requisitos y puedan someterse a esa metodolog\u00eda, ya que de manera extraoficial se dice que ser\u00e1 paritaria y que ser\u00e1n encuestados seis personas, tres mujeres y tres varones.<\/p>\n\n\n\n<p class=\"wp-block-paragraph\">Dos de ellas, Beatriz y Abelina, tienen trabajo a ras de tierra m\u00e1s activo, con estructura. En el caso de Esthela, solo se ha movido en las principales ciudades (Acapulco, Zihuatanejo, Taxco) con grupos no tan numerosos pero tiene a su favor, desliza su grupo, traer el visto bueno de la Presidenta Sheinbaum, mientras Guadalupe Eguiluz presenta su Plan Guerrero a grupos diversos del estado.<\/p>\n\n\n\n<p class=\"wp-block-paragraph\">De las 4, hasta este momento, solo las dos primeras mencionadas tienen mayor contacto con el electorado y un sostenido trabajo partidista.<\/p>\n\n\n\n<p class=\"wp-block-paragraph\">Dos d\u00edas antes del 22 de este mes, es decir, el s\u00e1bado 20, sabremos si las tres que deben pedir licencia a sus cargos lo hacen (Beatriz, Abelina, Guadalupe), Esthela ya lo hizo. Y qui\u00e9nes se registran y cu\u00e1les son seleccionadas y se encontrar\u00e1n en la encuesta.<\/p>\n\n\n\n<p class=\"wp-block-paragraph\">Para este momento Esthela es quien presenta menos conocimiento del territorio guerrerense y menos cuando concentra su presencia en las grandes ciudades considerando, quiz\u00e1, el n\u00famero de militantes.<\/p>\n\n\n\n<p class=\"wp-block-paragraph\">La militancia de MORENA deber\u00e1 seleccionar entre las mujeres aqu\u00ed mencionadas y entre los hombres como: F\u00e9lix Salgado, Rogelio Ortega, Iv\u00e1n Hern\u00e1ndez, que son los m\u00e1s fuertes, los otros menos como Jacinto Gonz\u00e1lez y Rub\u00e9n Cayetano, el perfil con el que desea presentar la propuesta al electorado en junio 6 del 2027.<\/p>\n\n\n\n<p class=\"wp-block-paragraph\">Hasta el momento, no se habla de mantener la alianza, tampoco de romperla, con el PVEM y el PT, que llevan como rostros a Karen Castrej\u00f3n y a Victoriano Wences y que buscan una segunda encuesta para colocar la medici\u00f3n entre MORENA y ellos.<\/p>\n\n\n\n<p class=\"wp-block-paragraph\">Tienen un gran reto las mujeres de Morena que, adem\u00e1s, deber\u00e1n pasar la evaluaci\u00f3n de la Gobernadora Evelyn Salgado.<\/p>\n","protected":false},"excerpt":{"rendered":"<p>Isabel Ortega Morales SemM\u00e9xico, Tlapa, Guerrero, 1\u00ba. de junio, 2026.-Inicia el mes de junio, en un a\u00f1o, en Guerrero acudiremos a las urnas para la elecci\u00f3n intermedia nacional y para la renovaci\u00f3n del Poder Ejecutivo, pero este mes, el 22 MORENA emitir\u00e1 la convocatoria que marcar\u00e1 las reglas que regir\u00e1 la elecci\u00f3n de la o [&hellip;]<\/p>\n","protected":false},"author":3,"featured_media":38576,"comment_status":"open","ping_status":"open","sticky":false,"template":"","format":"standard","meta":{"_monsterinsights_skip_tracking":false,"footnotes":""},"categories":[198,35,197],"tags":[],"class_list":["post-106023","post","type-post","status-publish","format-standard","has-post-thumbnail","category-isabel-ortega-morales","category-opinion","category-violeta-del-anahuac"],"_links":{"self":[{"href":"https:\/\/redsemlac.com\/semmexico\/wp-json\/wp\/v2\/posts\/106023","targetHints":{"allow":["GET"]}}],"collection":[{"href":"https:\/\/redsemlac.com\/semmexico\/wp-json\/wp\/v2\/posts"}],"about":[{"href":"https:\/\/redsemlac.com\/semmexico\/wp-json\/wp\/v2\/types\/post"}],"author":[{"embeddable":true,"href":"https:\/\/redsemlac.com\/semmexico\/wp-json\/wp\/v2\/users\/3"}],"replies":[{"embeddable":true,"href":"https:\/\/redsemlac.com\/semmexico\/wp-json\/wp\/v2\/comments?post=106023"}],"version-history":[{"count":1,"href":"https:\/\/redsemlac.com\/semmexico\/wp-json\/wp\/v2\/posts\/106023\/revisions"}],"predecessor-version":[{"id":106024,"href":"https:\/\/redsemlac.com\/semmexico\/wp-json\/wp\/v2\/posts\/106023\/revisions\/106024"}],"wp:featuredmedia":[{"embeddable":true,"href":"https:\/\/redsemlac.com\/semmexico\/wp-json\/wp\/v2\/media\/38576"}],"wp:attachment":[{"href":"https:\/\/redsemlac.com\/semmexico\/wp-json\/wp\/v2\/media?parent=106023"}],"wp:term":[{"taxonomy":"category","embeddable":true,"href":"https:\/\/redsemlac.com\/semmexico\/wp-json\/wp\/v2\/categories?post=106023"},{"taxonomy":"post_tag","embeddable":true,"href":"https:\/\/redsemlac.com\/semmexico\/wp-json\/wp\/v2\/tags?post=106023"}],"curies":[{"name":"wp","href":"https:\/\/api.w.org\/{rel}","templated":true}]}}