{"id":10602,"date":"2019-08-08T19:33:35","date_gmt":"2019-08-08T19:33:35","guid":{"rendered":"https:\/\/redsemlac.com\/semmexico\/?p=10602"},"modified":"2023-07-21T14:51:52","modified_gmt":"2023-07-21T19:51:52","slug":"argentina","status":"publish","type":"post","link":"https:\/\/redsemlac.com\/semmexico\/argentina\/","title":{"rendered":"La clandestinidad no se festeja"},"content":{"rendered":"\n<ul class=\"wp-block-list\"><li><strong>#8A cuando 38 senadores votaron a favor del aborto clandestino.<\/strong><\/li><\/ul>\n\n\n\n<p class=\"wp-block-paragraph\"><strong>Norma Loto<\/strong><\/p>\n\n\n\n<p class=\"wp-block-paragraph\"><strong>SemM\u00e9xico. Buenos Aires, 08 de agosto 2019.- <\/strong>Un\na\u00f1o ha pasado desde aquel lluvioso 8A cuando 38 senadores votaron a favor del\naborto clandestino y ahora en v\u00edsperas de las elecciones primarias que realizar\u00e1n\neste domingo 11 de agosto la Campa\u00f1a Nacional por el Derecho al Aborto Legal\nSeguro y Gratuito reafirma que \u201cla clandestinidad no se festeja\u201d. <\/p>\n\n\n\n<p class=\"wp-block-paragraph\">La\nnegativa de aquellos 38 senadores de ninguna manera logr\u00f3 disminuir las\npr\u00e1cticas de abortos, sino que tambi\u00e9n dio v\u00eda libre a las inhumanas condiciones\na los que se someten los cuerpos en las pr\u00e1cticas clandestinas.<\/p>\n\n\n\n<p class=\"wp-block-paragraph\">En\nun comunicado emitido por la Campa\u00f1a Nacional por el Derecho al Aborto Legal,\nSeguro y Gratuito afirma que \u201cun a\u00f1o despu\u00e9s del rechazo del Senado de la Naci\u00f3n\na la sanci\u00f3n del consenso pol\u00edtico surgida en la C\u00e1mara de Diputados de la\nNaci\u00f3n, nos encontramos ante nuevos desaf\u00edos y en un escenario electoral donde\nhay f\u00f3rmulas, candidatos y candidatas presidenciales que se han posicionado a\nfavor de la legalizaci\u00f3n y despenalizaci\u00f3n del aborto\u201d.<\/p>\n\n\n\n<p class=\"wp-block-paragraph\">\u201cPorque\nel aborto inseguro y su clandestinidad \u2013 sigue el comunicado- son una\nproblem\u00e1tica de salud p\u00fablica que no puede ser separada de la agenda de\npol\u00edticas p\u00fablicas de protecci\u00f3n integral por la vida digna y por los derechos\nhumanos\u201d.<\/p>\n\n\n\n<p class=\"wp-block-paragraph\">La Campa\u00f1a\nsubraya, tambi\u00e9n, que luego de las elecciones generales y tras de la renovaci\u00f3n\nparcial de ambas C\u00e1maras en el Congreso de la Naci\u00f3n, les representantes tendr\u00e1n\n\u201cla responsabilidad institucional de debatir el Proyecto de Ley de Interrupci\u00f3n\nVoluntaria del Embarazo presentado por la Campa\u00f1a Nacional por el Derecho al Aborto\nLegal, Seguro y Gratuito\u201d.<\/p>\n\n\n\n<p class=\"wp-block-paragraph\">&nbsp;El proyecto mencionado fue presentado el\npasado 28 de mayo, en ocasi\u00f3n del D\u00eda Internacional de Acci\u00f3n por la Salud de\nlas Mujeres. \u201cNuestro proyecto busca terminar con la violencia del Estado que\ndestina a mujeres, lesbianas, bisexuales, varones trans y personas no binaries\na la clandestinidad, a la punici\u00f3n y la criminalizaci\u00f3n, persiguiendo a las\npersonas m\u00e1s pobres, ya que son quienes ponen en riesgo sus vidas y salud\nintegral\u201d, dice la Campa\u00f1a.<\/p>\n\n\n\n<p class=\"wp-block-paragraph\">Desde\nel 8A hasta ahora la ola verde no se detuvo en Argentina ni en Am\u00e9rica Latina. &nbsp;Todo lo contrario.<\/p>\n\n\n\n<p class=\"wp-block-paragraph\">La\nlegalizaci\u00f3n del aborto es una cuesti\u00f3n de justicia social que los estados\ndeben garantizar. Sin embargo, las decisiones antiderechos no dejan de golpear sobre\nlos cuerpos de las mujeres y cuerpos gestantes, que aun teniendo desde 1921 el\nderecho a abortar e caso de violaci\u00f3n, muchas veces son obligadas a parir.<\/p>\n","protected":false},"excerpt":{"rendered":"<p>#8A cuando 38 senadores votaron a favor del aborto clandestino.<\/p>\n","protected":false},"author":3,"featured_media":10603,"comment_status":"open","ping_status":"open","sticky":false,"template":"","format":"standard","meta":{"_monsterinsights_skip_tracking":false,"footnotes":""},"categories":[690,53],"tags":[],"class_list":["post-10602","post","type-post","status-publish","format-standard","has-post-thumbnail","category-690","category-internacional"],"_links":{"self":[{"href":"https:\/\/redsemlac.com\/semmexico\/wp-json\/wp\/v2\/posts\/10602","targetHints":{"allow":["GET"]}}],"collection":[{"href":"https:\/\/redsemlac.com\/semmexico\/wp-json\/wp\/v2\/posts"}],"about":[{"href":"https:\/\/redsemlac.com\/semmexico\/wp-json\/wp\/v2\/types\/post"}],"author":[{"embeddable":true,"href":"https:\/\/redsemlac.com\/semmexico\/wp-json\/wp\/v2\/users\/3"}],"replies":[{"embeddable":true,"href":"https:\/\/redsemlac.com\/semmexico\/wp-json\/wp\/v2\/comments?post=10602"}],"version-history":[{"count":0,"href":"https:\/\/redsemlac.com\/semmexico\/wp-json\/wp\/v2\/posts\/10602\/revisions"}],"wp:featuredmedia":[{"embeddable":true,"href":"https:\/\/redsemlac.com\/semmexico\/wp-json\/wp\/v2\/media\/10603"}],"wp:attachment":[{"href":"https:\/\/redsemlac.com\/semmexico\/wp-json\/wp\/v2\/media?parent=10602"}],"wp:term":[{"taxonomy":"category","embeddable":true,"href":"https:\/\/redsemlac.com\/semmexico\/wp-json\/wp\/v2\/categories?post=10602"},{"taxonomy":"post_tag","embeddable":true,"href":"https:\/\/redsemlac.com\/semmexico\/wp-json\/wp\/v2\/tags?post=10602"}],"curies":[{"name":"wp","href":"https:\/\/api.w.org\/{rel}","templated":true}]}}