{"id":105961,"date":"2026-05-29T17:51:13","date_gmt":"2026-05-29T23:51:13","guid":{"rendered":"https:\/\/redsemlac.com\/semmexico\/?p=105961"},"modified":"2026-05-29T17:51:13","modified_gmt":"2026-05-29T23:51:13","slug":"los-capitales-la-pobreza-laboral-en-mexico-baja-a-30-7-su-menor-nivel-en-21-anos-bbva-mexico","status":"publish","type":"post","link":"https:\/\/redsemlac.com\/semmexico\/los-capitales-la-pobreza-laboral-en-mexico-baja-a-30-7-su-menor-nivel-en-21-anos-bbva-mexico\/","title":{"rendered":"Los Capitales| La pobreza laboral en M\u00e9xico baja a 30.7%, su menor nivel en 21 a\u00f1os: BBVA M\u00e9xico."},"content":{"rendered":"\n<p class=\"wp-block-paragraph\">Edgar Gonz\u00e1lez Mart\u00ednez<\/p>\n\n\n\n<p class=\"wp-block-paragraph\">SemM\u00e9xico, Ciudad de M\u00e9xico, 29 de mayo, 2026.- Ayer, el Instituto Nacional de Estad\u00edstica y Geograf\u00eda (INEGI) dio a conocer los indicadores de la pobreza laboral en M\u00e9xico para el primer trimestre de 2026. Estos indicadores miden el porcentaje de la poblaci\u00f3n con un ingreso laboral per c\u00e1pita en el hogar menor al costo de la canasta alimentaria. Las estimaciones diferencian dos canastas alimentarias a nivel nacional: una para el \u00e1mbito urbano y otra para el rural.<\/p>\n\n\n\n<p class=\"wp-block-paragraph\">Al primer trimestre de 2026, se estima que en M\u00e9xico el 30.7 por ciento de la poblaci\u00f3n reside en un hogar en condici\u00f3n de pobreza laboral. Es decir, 3 de cada 10 personas no cuentan con ingresos laborales suficientes, sumando los de todos los miembros del hogar, para adquirir la canasta alimentaria. Este indicador es el m\u00e1s bajo reportado en los 21 a\u00f1os de esta medici\u00f3n, iniciada en 2005. En comparaci\u00f3n con el \u00faltimo trimestre de 2025, la pobreza laboral a nivel nacional se redujo 1.6 puntos porcentuales (pp), al pasar del 32.3 al 30.7 por ciento de la poblaci\u00f3n. Respecto al primer trimestre de 2025, la pobreza laboral disminuy\u00f3 3.2 pp, desde el 33.9 por ciento.<\/p>\n\n\n\n<p class=\"wp-block-paragraph\">Al respecto, analistas de la instituci\u00f3n crediticia, nos se\u00f1alan que para que la pobreza laboral contin\u00fae reduci\u00e9ndose, debe mantenerse una tendencia en la que el crecimiento del ingreso laboral per c\u00e1pita se ubique por encima del aumento en el costo de la canasta alimentaria. Para ello, es indispensable impulsar la inversi\u00f3n en el pa\u00eds, que se encuentra en contracci\u00f3n, de manera que se traduzca en mayores niveles de productividad y en la generaci\u00f3n de empleos formales de mayor calidad.<\/p>\n\n\n\n<p class=\"wp-block-paragraph\">Al primer trimestre de 2026, se estima que en M\u00e9xico el 30.7 por ciento de la poblaci\u00f3n reside en un hogar en condici\u00f3n de pobreza laboral. Es decir, 3 de cada 10 personas no cuentan con ingresos laborales suficientes, sumando los de todos los miembros del hogar, para adquirir la canasta alimentaria. Este indicador es el m\u00e1s bajo reportado en los 21 a\u00f1os de esta medici\u00f3n, iniciada en 2005. En comparaci\u00f3n con el \u00faltimo trimestre de 2025, la pobreza laboral a nivel nacional se redujo 1.6 puntos porcentuales (pp), al pasar del 32.3 al 30.7 por ciento de la poblaci\u00f3n. Respecto al primer trimestre de 2025, la pobreza laboral disminuy\u00f3 3.2 pp, desde el 33.9 por ciento.<\/p>\n\n\n\n<p class=\"wp-block-paragraph\">Tanto en el \u00e1mbito urbano como en el rural, la pobreza laboral tambi\u00e9n se redujo a sus niveles m\u00ednimos desde 2005. En el \u00e1mbito urbano, que comprende localidades de 2,500 o m\u00e1s habitantes, la pobreza laboral disminuy\u00f3 al 26.9 por ciento en el primer trimestre de 2026, 1.2 pp menos que lo reportado en el cuarto trimestre de 2025 (28.1%) y 2.8 pp por debajo del primer trimestre de 2025 (29.7%). Por su parte, en el \u00e1mbito rural, integrado por localidades de menos de 2,500 habitantes, la poblaci\u00f3n en condici\u00f3n de pobreza laboral fue del 44.2 por ciento, lo que signific\u00f3 una contracci\u00f3n de 2.4 pp en comparaci\u00f3n con el cuarto trimestre de 2025 (46.6%) y una reducci\u00f3n de 3.8 pp respecto al primer trimestre de 2025 (48.0%).<\/p>\n\n\n\n<p class=\"wp-block-paragraph\">Pese a que el porcentaje de personas en pobreza laboral es mucho mayor en las zonas rurales, las zonas urbanas concentran a la mayor parte de la poblaci\u00f3n en esta condici\u00f3n, debido a que gran parte de la poblaci\u00f3n en M\u00e9xico reside en \u00e1reas urbanas. Al primer trimestre de 2026, el 68 por ciento de la poblaci\u00f3n en condici\u00f3n de pobreza laboral resid\u00eda en el \u00e1mbito urbano y el restante 32 por ciento en zonas rurales.<\/p>\n\n\n\n<p class=\"wp-block-paragraph\">En fin, la reducci\u00f3n de la pobreza laboral durante los \u00faltimos cuatro trimestres se explica principalmente por la mejora del ingreso laboral per c\u00e1pita real de los hogares en M\u00e9xico. Entre el primer trimestre de 2026 y el primer trimestre de 2025, el ingreso laboral per c\u00e1pita, descontando el efecto inflacionario, creci\u00f3 en promedio 7.4 por ciento a nivel nacional. En el \u00e1mbito rural, el aumento fue, en promedio, de la misma magnitud, mientras que en el \u00e1mbito urbano el crecimiento fue del 6.8 por ciento anual.<\/p>\n\n\n\n<p class=\"wp-block-paragraph\"><a href=\"mailto:loscapitales@yahoo.com.mx\" target=\"_blank\" rel=\"noreferrer noopener\">loscapitales@yahoo.com.mx<\/a><\/p>\n\n\n\n<p class=\"wp-block-paragraph\">Twiter: @Edgar4712<\/p>\n","protected":false},"excerpt":{"rendered":"<p>Edgar Gonz\u00e1lez Mart\u00ednez SemM\u00e9xico, Ciudad de M\u00e9xico, 29 de mayo, 2026.- Ayer, el Instituto Nacional de Estad\u00edstica y Geograf\u00eda (INEGI) dio a conocer los indicadores de la pobreza laboral en M\u00e9xico para el primer trimestre de 2026. Estos indicadores miden el porcentaje de la poblaci\u00f3n con un ingreso laboral per c\u00e1pita en el hogar menor [&hellip;]<\/p>\n","protected":false},"author":3,"featured_media":76011,"comment_status":"open","ping_status":"open","sticky":false,"template":"","format":"standard","meta":{"_monsterinsights_skip_tracking":false,"footnotes":""},"categories":[750,110,35],"tags":[],"class_list":["post-105961","post","type-post","status-publish","format-standard","has-post-thumbnail","category-edgar-gonzalez-martinez","category-la-opinion-columnas","category-opinion"],"_links":{"self":[{"href":"https:\/\/redsemlac.com\/semmexico\/wp-json\/wp\/v2\/posts\/105961","targetHints":{"allow":["GET"]}}],"collection":[{"href":"https:\/\/redsemlac.com\/semmexico\/wp-json\/wp\/v2\/posts"}],"about":[{"href":"https:\/\/redsemlac.com\/semmexico\/wp-json\/wp\/v2\/types\/post"}],"author":[{"embeddable":true,"href":"https:\/\/redsemlac.com\/semmexico\/wp-json\/wp\/v2\/users\/3"}],"replies":[{"embeddable":true,"href":"https:\/\/redsemlac.com\/semmexico\/wp-json\/wp\/v2\/comments?post=105961"}],"version-history":[{"count":1,"href":"https:\/\/redsemlac.com\/semmexico\/wp-json\/wp\/v2\/posts\/105961\/revisions"}],"predecessor-version":[{"id":105962,"href":"https:\/\/redsemlac.com\/semmexico\/wp-json\/wp\/v2\/posts\/105961\/revisions\/105962"}],"wp:featuredmedia":[{"embeddable":true,"href":"https:\/\/redsemlac.com\/semmexico\/wp-json\/wp\/v2\/media\/76011"}],"wp:attachment":[{"href":"https:\/\/redsemlac.com\/semmexico\/wp-json\/wp\/v2\/media?parent=105961"}],"wp:term":[{"taxonomy":"category","embeddable":true,"href":"https:\/\/redsemlac.com\/semmexico\/wp-json\/wp\/v2\/categories?post=105961"},{"taxonomy":"post_tag","embeddable":true,"href":"https:\/\/redsemlac.com\/semmexico\/wp-json\/wp\/v2\/tags?post=105961"}],"curies":[{"name":"wp","href":"https:\/\/api.w.org\/{rel}","templated":true}]}}