{"id":105926,"date":"2026-05-27T13:59:13","date_gmt":"2026-05-27T19:59:13","guid":{"rendered":"https:\/\/redsemlac.com\/semmexico\/?p=105926"},"modified":"2026-05-27T13:59:42","modified_gmt":"2026-05-27T19:59:42","slug":"estancadas-las-investigaciones-de-los-43-normalistas-desaparecidos","status":"publish","type":"post","link":"https:\/\/redsemlac.com\/semmexico\/estancadas-las-investigaciones-de-los-43-normalistas-desaparecidos\/","title":{"rendered":"Estancadas las investigaciones de los 43 normalistas desaparecidos"},"content":{"rendered":"\n<ul class=\"wp-block-list\">\n<li>Madres y padres reclaman y exigen nueva reuni\u00f3n con la presidenta Sheinbaum<\/li>\n\n\n\n<li>Se cumplieron 140 meses de aquel 27 de septiembre de 2014<\/li>\n<\/ul>\n\n\n\n<p class=\"wp-block-paragraph\">Salvador Alejandro<\/p>\n\n\n\n<p class=\"wp-block-paragraph\">SemM\u00e9xico\/Ceprovysa, Chilpancingo, 27 de mayo, 2026 -. El caso Iguala- Ayotzinapa \u201cpermanece estancado y sin avances sustanciales\u201d, se\u00f1alan madres y padres de los 43 normalistas desaparecidos en el a\u00f1o 2014, por lo que al cumplirse 140 meses de la desaparici\u00f3n de los normalistas, exigieron una nueva reuni\u00f3n con la presidenta Claudia Sheinbabum.<br><\/p>\n\n\n\n<p class=\"wp-block-paragraph\">La desaparici\u00f3n de 140 estudiantes el 27 en septiembre de 2014, las madres y padres de los estudiantes hicieron varios reproches al gobierno federal, como el que el Ej\u00e9rcito Mexicano no tenga apertura a toda la informaci\u00f3n del ataque de esa noche y la posterior desaparici\u00f3n de los 43 alumnos de la Normal Rural \u201cRa\u00fal Isidro Burgos\u201d, de Ayotzinapa.<\/p>\n\n\n\n<p class=\"wp-block-paragraph\"><br>Citaron tambi\u00e9n varios nombres: el de Tom\u00e1s Zer\u00f3n de Lucio, ex Director de la Agencia de Investigaci\u00f3n Criminal, refugiado en Israel sin que concrete a\u00fan su deportaci\u00f3n a este pa\u00eds de M\u00e9xico.<\/p>\n\n\n\n<p class=\"wp-block-paragraph\"><br>Tambi\u00e9n citaron a \u00c1ngel Aguirre Rivero, ex gobernador de Guerrero sobre las l\u00edneas de investigaci\u00f3n que permita saber su responsabilidad pol\u00edtica y la presunta omisi\u00f3n durante el desarrollo de estos hechos.<\/p>\n\n\n\n<p class=\"wp-block-paragraph\"><br>A la presidente de M\u00e9xico, Claudia Sheinbaum Pardo le pidieron otra reuni\u00f3n de trabajo, con quien buscan, dijeron, no solo acompa\u00f1amiento, sino tambi\u00e9n justicia.<\/p>\n\n\n\n<p class=\"wp-block-paragraph\">SEM-Ceprovysa\/sa<\/p>\n","protected":false},"excerpt":{"rendered":"<p>Salvador Alejandro SemM\u00e9xico\/Ceprovysa, Chilpancingo, 27 de mayo, 2026 -. El caso Iguala- Ayotzinapa \u201cpermanece estancado y sin avances sustanciales\u201d, se\u00f1alan madres y padres de los 43 normalistas desaparecidos en el a\u00f1o 2014, por lo que al cumplirse 140 meses de la desaparici\u00f3n de los normalistas, exigieron una nueva reuni\u00f3n con la presidenta Claudia Sheinbabum. La [&hellip;]<\/p>\n","protected":false},"author":3,"featured_media":105927,"comment_status":"open","ping_status":"open","sticky":false,"template":"","format":"standard","meta":{"_monsterinsights_skip_tracking":false,"footnotes":""},"categories":[682],"tags":[],"class_list":["post-105926","post","type-post","status-publish","format-standard","has-post-thumbnail","category-noticias"],"_links":{"self":[{"href":"https:\/\/redsemlac.com\/semmexico\/wp-json\/wp\/v2\/posts\/105926","targetHints":{"allow":["GET"]}}],"collection":[{"href":"https:\/\/redsemlac.com\/semmexico\/wp-json\/wp\/v2\/posts"}],"about":[{"href":"https:\/\/redsemlac.com\/semmexico\/wp-json\/wp\/v2\/types\/post"}],"author":[{"embeddable":true,"href":"https:\/\/redsemlac.com\/semmexico\/wp-json\/wp\/v2\/users\/3"}],"replies":[{"embeddable":true,"href":"https:\/\/redsemlac.com\/semmexico\/wp-json\/wp\/v2\/comments?post=105926"}],"version-history":[{"count":1,"href":"https:\/\/redsemlac.com\/semmexico\/wp-json\/wp\/v2\/posts\/105926\/revisions"}],"predecessor-version":[{"id":105928,"href":"https:\/\/redsemlac.com\/semmexico\/wp-json\/wp\/v2\/posts\/105926\/revisions\/105928"}],"wp:featuredmedia":[{"embeddable":true,"href":"https:\/\/redsemlac.com\/semmexico\/wp-json\/wp\/v2\/media\/105927"}],"wp:attachment":[{"href":"https:\/\/redsemlac.com\/semmexico\/wp-json\/wp\/v2\/media?parent=105926"}],"wp:term":[{"taxonomy":"category","embeddable":true,"href":"https:\/\/redsemlac.com\/semmexico\/wp-json\/wp\/v2\/categories?post=105926"},{"taxonomy":"post_tag","embeddable":true,"href":"https:\/\/redsemlac.com\/semmexico\/wp-json\/wp\/v2\/tags?post=105926"}],"curies":[{"name":"wp","href":"https:\/\/api.w.org\/{rel}","templated":true}]}}