{"id":10588,"date":"2019-08-08T16:14:13","date_gmt":"2019-08-08T16:14:13","guid":{"rendered":"https:\/\/redsemlac.com\/semmexico\/?p=10588"},"modified":"2023-07-21T14:51:53","modified_gmt":"2023-07-21T19:51:53","slug":"opinion-29","status":"publish","type":"post","link":"https:\/\/redsemlac.com\/semmexico\/opinion-29\/","title":{"rendered":"Entresemana"},"content":{"rendered":"\n<h2 class=\"wp-block-heading\"><strong>Arrebatos del poder<\/strong><\/h2>\n\n\n\n<blockquote style=\"text-align:right\" class=\"wp-block-quote is-style-default is-layout-flow wp-block-quote-is-layout-flow\"><p> <br><strong><em>En memoria de mi amigo Juan Manuel Pineda<\/em><\/strong> <\/p><\/blockquote>\n\n\n\n<p class=\"wp-block-paragraph\"><strong>Mois\u00e9s S\u00e1nchez Lim\u00f3n<\/strong><\/p>\n\n\n\n<p class=\"wp-block-paragraph\">SemM\u00e9xico. 08 de agosto 2019.- El PRI en dos tiempos. El martes pasado en Pachuca, Hidalgo, en una singular c\u00f3nclave de los que se fueron despose\u00eddos a la oposici\u00f3n y volvieron en color diferente pero con el poder que avasalla y marca tiempos y formas.<\/p>\n\n\n\n<p class=\"wp-block-paragraph\">Ayer mi\u00e9rcoles, el debate que fue rosario de descalificaciones insultantes entre personajes del priismo que se convulsiona en busca de la identidad perdida y sujeto a las ambiciones poco y nada confiables por el poder, por administrar la orfandad pol\u00edtica.<\/p>\n\n\n\n<p class=\"wp-block-paragraph\">El martes pasado en el auditorio Gota de Plata, en la capital hidalguense la parafernalia de Morena con elementos de aquellos tiempos del partido hegem\u00f3nico.<\/p>\n\n\n\n<p class=\"wp-block-paragraph\">No hay duda, en el ADN de la hoy mayor\u00eda partidista que hasta tiempos recientes fue minor\u00eda beligerante y radical, hoy en el m\u00e1ximo cargo de elecci\u00f3n popular que es la Presidencia de la Rep\u00fablica y en n\u00fameros fr\u00edos con el poder en el Congreso de la Uni\u00f3n.<\/p>\n\n\n\n<p class=\"wp-block-paragraph\">El martes pasado en el acto del primer informe legislativo de los senadores Julio Menchaca Salazar y Mar\u00eda Merced Gonz\u00e1lez, que se distingui\u00f3 por ese despliegue de mensajes pol\u00edticos, del destape de Menchaca como favorito de Morena al gobierno del estado de Hidalgo; Menchaca quien fuera estrat\u00e9gico colaborador del entonces gobernador priista Manuel \u00c1ngel N\u00fa\u00f1ez Soto.<\/p>\n\n\n\n<p class=\"wp-block-paragraph\">Y tambi\u00e9n de la convicci\u00f3n de que Mart\u00ed Batres est\u00e1 en condiciones de reelegirse en la presidencia senatorial; y Mario Delgado Carrillo que no oculta la firme decisi\u00f3n de ganar la presidencia nacional de Morena, y Yeidckol Polevsnky que no desdibuj\u00f3 su sonrisa cuando el auditorio aplaudi\u00f3 a Delgado e hizo lo propio con Ricardo Monreal, de quien se ha distanciado sin ocultar su desencuentro poco amable.<\/p>\n\n\n\n<p class=\"wp-block-paragraph\">Pero, como en aquellos d\u00edas del PRI que se alzaba con todo el poder de decidir vida y obra de sus hijos pr\u00f3digos y, v\u00eda uno de sus prohombres, ensalzaba carreras y ponderaba famas para catapultar al elegido a un cargo de elecci\u00f3n popular.<\/p>\n\n\n\n<p class=\"wp-block-paragraph\">As\u00ed, este c\u00f3nclave para acompa\u00f1ar a Menchaca Salazar y Mar\u00eda Merced Gonz\u00e1lez no fue cualquier informe de actividad legislativa. Ah\u00ed todos los simbolismos de lo bien aprendido, del ceremonial que muestra el m\u00fasculo de las fuerzas vivas que, llegadas incluso desde rincones hidalguenses a cuatro horas de distancia, colmaron este auditorio.<\/p>\n\n\n\n<p class=\"wp-block-paragraph\">El Gota de Plata retumbaba con el volumen de la m\u00fasica que recreaba momentos similares a los de tiempos idos, del priismo exultante, colmado de pol\u00edticos y ciudadanos llegados de todas partes de la geograf\u00eda hidalguense, y fue escenario de una reuni\u00f3n plural.<\/p>\n\n\n\n<p class=\"wp-block-paragraph\">Y mire usted, fue un acto demostrativo de que entre pol\u00edticos no hay pleitos casados ni los desencuentros son para siempre. Convocados por el senador Mechaca y la senadora Mar\u00eda Merced Gonz\u00e1lez fue uno de esos ejemplos que los simples mortales, alejados del Olimpo pol\u00edtico, no entienden y, ellos s\u00ed, compran pleitos ajenos y se instalan en el bando del que odia al de enfrente.<\/p>\n\n\n\n<p class=\"wp-block-paragraph\">Omar Fayad, gobernador priista que enfrenta con sutileza firme a quienes lo abuchean y rechiflan y que se ensa\u00f1an con la senadora panista X\u00f3chitl G\u00e1lvez, ex contendiente por el gobierno hidalguense.<\/p>\n\n\n\n<p class=\"wp-block-paragraph\">Y la secretaria de Gobernaci\u00f3n, Olga S\u00e1nchez Cordero, arropada por todo el mundo, centro y destino de reconocimientos que ella agradece e incluso luego es flanqueada por Mart\u00ed Batres y Ricardo Monreal, en esta fiesta que record\u00f3 a los mejores tiempos del PRI con todo y maestro de ceremonias y m\u00fasica de desfile escolar y gritos de esa porra que apoya al senador Menchaca.<\/p>\n\n\n\n<p class=\"wp-block-paragraph\">Son los arrebatos de poder y evidencia de que el dinosaurio est\u00e1 ah\u00ed, presente con quienes fueron distinguidos priistas y se fueron a la oposici\u00f3n porque en el tricolor se agotaron sus sue\u00f1os.<\/p>\n\n\n\n<p class=\"wp-block-paragraph\">Son senadores, m\u00e1s de una treintena, y diputados federales y locales, convidados a una ceremonia que sin querer queriendo fue escenario de lo que poco se ve a extramuros del Congreso de la Uni\u00f3n. Priistas y ex priistas, morenos y tricolores en la evidencia de que si se ponen de acuerdo y se sacuden diferencias, algo positivo resultar\u00e1 en las leyes que rigen al pa\u00eds.<\/p>\n\n\n\n<p class=\"wp-block-paragraph\">Y nadie aludi\u00f3 a ese anteproyecto del financiamiento p\u00fablico a los partidos pol\u00edticos para el a\u00f1o pr\u00f3ximo, por 5 mil 239 millones de pesos, que va a contracorriente de la austeridad republicana y que ayer provoc\u00f3 que el L\u00f3pez Obrador los llamara reducir sus gastos y devolver el dinero a la hacienda p\u00fablica, \u201cun llamado respetoso \u2013dijo&#8211; no es una orden, no es por la fuerza, (pero) ya no estamos en los tiempos del derroche y quiero escuchar que sean los partidos progresista y escuchar a los dirigentes y reducir cuando menos, es una sugerencia, no se vaya a malinterpretar, cuando menos en un 50 por ciento\u201d.<\/p>\n\n\n\n<p class=\"wp-block-paragraph\">\u00bfQui\u00e9n ser\u00e1 el primero en atender la convocatoria presidencial? A nadie gusta el recorte y menos de 50 por ciento; nadie ni Yeidckol Polevnsky quien se asumi\u00f3 a favor de reducir las prerrogativas, pero cuando el petista \u00d3scar Gonz\u00e1lez Y\u00e1\u00f1ez le dijo que el PT le entraba si lo hac\u00eda Morena, la se\u00f1ora Citlalli guard\u00f3 silencio.<\/p>\n\n\n\n<p class=\"wp-block-paragraph\">Pero, bueno, ayer fue el PRI en un segundo tiempo. El debate entre Lorena Pi\u00f1\u00f3n Rivera, Ivonne Ortega Pacheco y Alejandro Moreno C\u00e1rdenas, aspirantes a la presidencia nacional del Revolucionario Institucional.<\/p>\n\n\n\n<p class=\"wp-block-paragraph\">\u00bfQui\u00e9n gan\u00f3? Triunf\u00f3 la descalificaci\u00f3n, fue vencido el sentido com\u00fan que se requiere en el rescate del partidazo; las candidatas y el candidato se desenvolvieron en espacios que conocen bien, seg\u00fan lo mostraron: descalificar y auto descalificarse, mandar el mensaje a la menguada militancia que el pr\u00f3ximo domingo elegir\u00e1 entre alguno de los tres, de que cualquiera que sea es un pillo, mentiroso, ma\u00f1oso y demagogo.<\/p>\n\n\n\n<p class=\"wp-block-paragraph\">El PRI en dos tiempos, el de los ex priistas que forman parte de un ex priista, ex perredistas que fueron en la segunda etapa, como oposici\u00f3n para llegar al poder. La ortodoxia pol\u00edtica de quienes pueden hacerse pedazos mas nunca hacerse da\u00f1o. Conste.<\/p>\n\n\n\n<p class=\"wp-block-paragraph\"><strong>APUNTES. \u00a1Pero qu\u00e9 necesidad!<\/strong>&nbsp;Cuando el licenciado L\u00f3pez Obrador rechaza los sue\u00f1os reeleccionistas, la diputada Dolores Padierna cumpli\u00f3 el anuncio de presentar ante la Comisi\u00f3n Permanente del Congreso de la Uni\u00f3n la iniciativa para reformar a la Ley Org\u00e1nica del Congreso General con el \u00fanico fin de que, la mayor\u00eda legislativa, o sea Morena, se reelija en la Presidencia de la Mesa Directiva de la C\u00e1mara baja. El asunto se fue a comisiones, pero no cuenta con el apoyo de la bancada morenista.<\/p>\n\n\n\n<p class=\"wp-block-paragraph\"><strong>\u00a1Que alguien despierte al gobernador de Veracruz!&nbsp;<\/strong>Ayer la Comisi\u00f3n Permanente del Congreso de la Uni\u00f3n pidi\u00f3 proteger a periodistas de Veracruz; conden\u00f3 homicidios perpetrados contra comunicadores. Senadores y diputados&nbsp;guardaron&nbsp;un minuto de silencio y solicitaron informe pormenorizado a la Comisi\u00f3n Estatal para la Atenci\u00f3n y Protecci\u00f3n de los Periodistas de Veracruz de acciones realizadas para proteger al gremio y respecto del asesinato del periodista Jorge Celestino Ruiz V\u00e1zquez.&nbsp;Solicitaron&nbsp;al Congreso veracruzano cite a comparecer a la titular de dicha Comisi\u00f3n para explicar las acciones aplicadas previo al asesinato de Ruiz V\u00e1zquez.<\/p>\n\n\n\n<p class=\"wp-block-paragraph\">Exhortaron a la Fiscal\u00eda Especial para Atenci\u00f3n de Delitos Cometidos contra la Libertad de Expresi\u00f3n y al titular del Mecanismo para la Protecci\u00f3n de Personas Defensoras de Derechos Humanos y Periodistas coadyuvar con la Fiscal\u00eda General de Veracruz para garantizar la eficiencia la investigaci\u00f3n y resolver con&nbsp;&nbsp;prontitud el homicidio del periodista.&nbsp;<strong>Ojala y no quede en la impronta discursiva. Los periodistas requerimos garant\u00edas no discursos.<\/strong><\/p>\n\n\n\n<p class=\"wp-block-paragraph\"><strong>Adem\u00e1s, la Permanente se pronunci\u00f3 respecto del ataque a balazos contra mexicanos en El Paso, Texas,<\/strong>&nbsp;considerado crimen de odio y xenofobia. Senadores y diputados demandaron del gobierno de Estados Unidos asumir \u201cel peso de sus palabras y la responsabilidad inherente a sus mandatos\u201d.<\/p>\n\n\n\n<p class=\"wp-block-paragraph\">En un documento impulsado por Ricardo Monreal \u00c1vila, todas los grupos parlamentarios externaron su preocupaci\u00f3n, porque Estados Unidos es el pa\u00eds con el mayor n\u00famero de tiroteos masivos y la irreparable p\u00e9rdida de vidas.&nbsp;Digo.<\/p>\n\n\n\n<p class=\"wp-block-paragraph\"><a rel=\"noreferrer noopener\" href=\"mailto:sanchezlimon@gmail.com\" target=\"_blank\">sanchezlimon@gmail.com<\/a><\/p>\n\n\n\n<p class=\"wp-block-paragraph\"><a rel=\"noreferrer noopener\" href=\"http:\/\/www.entresemana.mx\/\" target=\"_blank\">www.entresemana.mx<\/a><\/p>\n\n\n\n<p class=\"wp-block-paragraph\"><strong>@msanchezlimon<\/strong><\/p>\n","protected":false},"excerpt":{"rendered":"<p>Arrebatos del poder\ufeff<\/p>\n","protected":false},"author":3,"featured_media":8470,"comment_status":"open","ping_status":"open","sticky":false,"template":"","format":"standard","meta":{"_monsterinsights_skip_tracking":false,"footnotes":""},"categories":[690,105,83],"tags":[],"class_list":["post-10588","post","type-post","status-publish","format-standard","has-post-thumbnail","category-690","category-entresemana","category-moises-sanchez-limon"],"_links":{"self":[{"href":"https:\/\/redsemlac.com\/semmexico\/wp-json\/wp\/v2\/posts\/10588","targetHints":{"allow":["GET"]}}],"collection":[{"href":"https:\/\/redsemlac.com\/semmexico\/wp-json\/wp\/v2\/posts"}],"about":[{"href":"https:\/\/redsemlac.com\/semmexico\/wp-json\/wp\/v2\/types\/post"}],"author":[{"embeddable":true,"href":"https:\/\/redsemlac.com\/semmexico\/wp-json\/wp\/v2\/users\/3"}],"replies":[{"embeddable":true,"href":"https:\/\/redsemlac.com\/semmexico\/wp-json\/wp\/v2\/comments?post=10588"}],"version-history":[{"count":0,"href":"https:\/\/redsemlac.com\/semmexico\/wp-json\/wp\/v2\/posts\/10588\/revisions"}],"wp:featuredmedia":[{"embeddable":true,"href":"https:\/\/redsemlac.com\/semmexico\/wp-json\/wp\/v2\/media\/8470"}],"wp:attachment":[{"href":"https:\/\/redsemlac.com\/semmexico\/wp-json\/wp\/v2\/media?parent=10588"}],"wp:term":[{"taxonomy":"category","embeddable":true,"href":"https:\/\/redsemlac.com\/semmexico\/wp-json\/wp\/v2\/categories?post=10588"},{"taxonomy":"post_tag","embeddable":true,"href":"https:\/\/redsemlac.com\/semmexico\/wp-json\/wp\/v2\/tags?post=10588"}],"curies":[{"name":"wp","href":"https:\/\/api.w.org\/{rel}","templated":true}]}}