{"id":105847,"date":"2026-05-25T20:24:59","date_gmt":"2026-05-26T02:24:59","guid":{"rendered":"https:\/\/redsemlac.com\/semmexico\/?p=105847"},"modified":"2026-05-25T20:25:00","modified_gmt":"2026-05-26T02:25:00","slug":"en-la-pelicula-mexico-86-karla-souza-interpreta-a-una-mujer-fuerte-en-un-mundo-de-hombres","status":"publish","type":"post","link":"https:\/\/redsemlac.com\/semmexico\/en-la-pelicula-mexico-86-karla-souza-interpreta-a-una-mujer-fuerte-en-un-mundo-de-hombres\/","title":{"rendered":"En la pel\u00edcula \u201cM\u00e9xico 86\u201d, Karla Souza interpreta a una mujer fuerte en un mundo de hombres"},"content":{"rendered":"\n<p class=\"wp-block-paragraph\">La pel\u00edcula que dirigi\u00f3 Gabriel Ripstein y produjo Diego Luna, se estrena el 5 de junio en Netflix&nbsp;\/&nbsp;Foto: Cortes\u00eda Netflix<\/p>\n\n\n\n<p class=\"wp-block-paragraph\">La actriz revela que la personalidad de su madre ayud\u00f3 a construir su personaje en la cinta, la cual narra c\u00f3mo el pa\u00eds pudo organizar su segundo mundial entre ma\u00f1as y corrupci\u00f3n<\/p>\n\n\n\n<p class=\"wp-block-paragraph\">Kevin Arag\u00f3n<\/p>\n\n\n\n<p class=\"wp-block-paragraph\">En medio de los circuitos&nbsp;futboleros&nbsp;y&nbsp;televisivos&nbsp;que retrata la pel\u00edcula \u201c<em>M\u00e9xico 86\u201d<\/em>, donde la expresi\u00f3n \u201ctener huevos\u201d parece ser un sin\u00f3nimo de alcanzar el \u00e9xito, tambi\u00e9n hay mujeres fuertes que buscan sobrevivir y hasta conseguir su propia tajada.<\/p>\n\n\n\n<p class=\"wp-block-paragraph\">De ellas, la que m\u00e1s profundidad tiene es \u201cSusana G\u00f3mez-Mont\u201d (Karla Souza), una mujer independiente, adelantada a su tiempo, que se transforma en una especie de consejera del contador \u201cMart\u00edn de la Torre\u201d (Diego Luna), protagonista de la historia y responsable de que \u2014entre ma\u00f1as y mucha picard\u00eda\u2014 M\u00e9xico se convirtiera en el primer pa\u00eds en ser sede de la&nbsp;Copa del Mundo&nbsp;en dos ocasiones.<\/p>\n\n\n\n<p class=\"wp-block-paragraph\">En entrevista con&nbsp;El Sol de M\u00e9xico,&nbsp;Karla Souza revela que la creaci\u00f3n de su personaje fue una decisi\u00f3n conjunta,&nbsp;en la que trabaj\u00f3 de la mano del director&nbsp;Gabriel Ripstein, el guionista&nbsp;Daniel Krauze&nbsp;y&nbsp;Diego Luna.<\/p>\n\n\n\n<p class=\"wp-block-paragraph\">\u201cDiego fue muy contundente con el equipo creativo en decir: \u2018Quiero que, si va a existir una mujer en este mundo y en esta \u00e9poca (1986), vamos a presentarla con dignidad. Entonces&nbsp;nos sentamos en un cuarto de escritura Gabriel, Daniel, Diego y yo&nbsp;durante tres d\u00edas enteros para darle lo m\u00e1s posible porque ya se acercaba el d\u00eda de filmaci\u00f3n\u201d, cuenta la actriz.<\/p>\n\n\n\n<p class=\"wp-block-paragraph\">Durante ese tiempo, relata Souza que coment\u00f3 un poco de la historia de su propia madre, quien en se divorci\u00f3 en la d\u00e9cada de los ochenta, generando una \u201cpol\u00e9mica enorme\u201d&nbsp;dentro de su red familiar. &nbsp;<\/p>\n\n\n\n<p class=\"wp-block-paragraph\">\u201cElla era una&nbsp;mujer independiente&nbsp;y le dec\u00edan que era una&nbsp;rebelde. As\u00ed decidimos que ella (<em>Susana<\/em>)&nbsp;reci\u00e9n se hab\u00eda divorciado, que ya hab\u00eda estado en un mundo de poder, pero que de alguna forma hab\u00eda tomado su individualidad y su camino\u201d.<\/p>\n\n\n\n<p class=\"wp-block-paragraph\">\u201cFue una oportunidad tener una mujer dentro de esta historia&nbsp;y no masculinizarla,&nbsp;ni hacerla s\u00faper fan del futbol y que supiera todo sobre ello.&nbsp;Nos preguntamos: \u00bfC\u00f3mo podemos tener una mujer que sea parte del juego, pero que tambi\u00e9n tiene sus reglas y l\u00edmites, adem\u00e1s de una cierta independencia y una voz que usa?\u201d, dice la actriz.<\/p>\n\n\n\n<p class=\"wp-block-paragraph\">A todos nos salpica la corrupci\u00f3n<\/p>\n\n\n\n<p class=\"wp-block-paragraph\">A pesar de que la pel\u00edcula provoca varias risas, llenas de humor negro y picard\u00eda mexicana \u2014con partes de verdad y tintes de ficci\u00f3n\u2014,&nbsp;Souza reconoce que es duro pensar que logros como fue aquel Mundial de 1986, pudiera haberse visto manchado por la corrupci\u00f3n, como la que propicia en la pel\u00edcula \u201cMart\u00edn de la Torre\u201d.<\/p>\n\n\n\n<p class=\"wp-block-paragraph\">\u201cEs que es justo lo que vivimos en M\u00e9xico, que&nbsp;hay quien puede ser padre de familia y ser tu amigo, pero resulta que te enteras que ha hecho ciertas cosas. De alguna manera, es una pel\u00edcula basada en una an\u00e9cdota real.<\/p>\n\n\n\n<p class=\"wp-block-paragraph\">\u201cObviamente&nbsp;Diego (Luna) le da alma a este personaje&nbsp;que, aunque le quieres dar unos zapes, acabas yendo con \u00e9l a trav\u00e9s de toda esta aventura. Se me hace m\u00e1s realista eso que estar interpretar a alguien perfecto, porque no ser\u00eda mexicano. Desgraciadamente (la corrupci\u00f3n) a todos nos salpica de alguna manera u otra por c\u00f3mo es el sistema y por c\u00f3mo est\u00e1 el pa\u00eds\u201d, opina Karla Souza.<\/p>\n\n\n\n<p class=\"wp-block-paragraph\">Sin embargo, no todo est\u00e1 perdido, pues&nbsp;en la misma pel\u00edcula se evocan los trabajos de rescate y reconstrucci\u00f3n de la Ciudad de M\u00e9xico tras el terremoto de 1985, labores en que la fuerza civil mostr\u00f3 una gran fortaleza frente a un estado incapaz de resolver la crisis.<\/p>\n\n\n\n<p class=\"wp-block-paragraph\">\u201c(En la pel\u00edcula) se ve el coraz\u00f3n que tenemos como mexicanos para ayudarnos, apoyarnos, aunque no exista la infraestructura. Nosotros siempre estamos ah\u00ed ayudando. Creo que esa alma de M\u00e9xico tambi\u00e9n&nbsp;es algo que se quer\u00eda capturar\u201d, finaliza.<\/p>\n\n\n\n<p class=\"wp-block-paragraph\">\u201cM\u00e9xico 86\u201d\u00a0se estrena el 5 de junio en la plataforma se streaming Netflix.<\/p>\n\n\n\n<figure class=\"wp-block-image size-full\"><a href=\"https:\/\/redsemlac.com\/semmexico\/wp-content\/uploads\/2025\/11\/kevin-aragon.png\"><img loading=\"lazy\" decoding=\"async\" width=\"294\" height=\"294\" src=\"https:\/\/redsemlac.com\/semmexico\/wp-content\/uploads\/2025\/11\/kevin-aragon.png\" alt=\"\" class=\"wp-image-100626\" srcset=\"https:\/\/redsemlac.com\/semmexico\/wp-content\/uploads\/2025\/11\/kevin-aragon.png 294w, https:\/\/redsemlac.com\/semmexico\/wp-content\/uploads\/2025\/11\/kevin-aragon-150x150.png 150w\" sizes=\"auto, (max-width: 294px) 100vw, 294px\" \/><\/a><\/figure>\n\n\n\n<p class=\"wp-block-paragraph\"><a href=\"https:\/\/oem.com.mx\/elsoldemexico\/analisis\/autor\/kevin-aragon-3612\/app.json\"><\/a><a href=\"https:\/\/oem.com.mx\/elsoldemexico\/analisis\/autor\/kevin-aragon-3612\/app.json\">Kevin\u00a0Arag\u00f3n <\/a>:Soy reportero especializado en temas culturales con 7 a\u00f1os de experiencia. Estudi\u00e9 Letras en la FFy L de la UNAM.<\/p>\n\n\n\n<p class=\"wp-block-paragraph\"><\/p>\n","protected":false},"excerpt":{"rendered":"<p>La pel\u00edcula que dirigi\u00f3 Gabriel Ripstein y produjo Diego Luna, se estrena el 5 de junio en Netflix&nbsp;\/&nbsp;Foto: Cortes\u00eda Netflix La actriz revela que la personalidad de su madre ayud\u00f3 a construir su personaje en la cinta, la cual narra c\u00f3mo el pa\u00eds pudo organizar su segundo mundial entre ma\u00f1as y corrupci\u00f3n Kevin Arag\u00f3n En [&hellip;]<\/p>\n","protected":false},"author":3,"featured_media":105848,"comment_status":"open","ping_status":"open","sticky":false,"template":"","format":"standard","meta":{"_monsterinsights_skip_tracking":false,"footnotes":""},"categories":[748],"tags":[],"class_list":["post-105847","post","type-post","status-publish","format-standard","has-post-thumbnail","category-cultura-feminista"],"_links":{"self":[{"href":"https:\/\/redsemlac.com\/semmexico\/wp-json\/wp\/v2\/posts\/105847","targetHints":{"allow":["GET"]}}],"collection":[{"href":"https:\/\/redsemlac.com\/semmexico\/wp-json\/wp\/v2\/posts"}],"about":[{"href":"https:\/\/redsemlac.com\/semmexico\/wp-json\/wp\/v2\/types\/post"}],"author":[{"embeddable":true,"href":"https:\/\/redsemlac.com\/semmexico\/wp-json\/wp\/v2\/users\/3"}],"replies":[{"embeddable":true,"href":"https:\/\/redsemlac.com\/semmexico\/wp-json\/wp\/v2\/comments?post=105847"}],"version-history":[{"count":1,"href":"https:\/\/redsemlac.com\/semmexico\/wp-json\/wp\/v2\/posts\/105847\/revisions"}],"predecessor-version":[{"id":105849,"href":"https:\/\/redsemlac.com\/semmexico\/wp-json\/wp\/v2\/posts\/105847\/revisions\/105849"}],"wp:featuredmedia":[{"embeddable":true,"href":"https:\/\/redsemlac.com\/semmexico\/wp-json\/wp\/v2\/media\/105848"}],"wp:attachment":[{"href":"https:\/\/redsemlac.com\/semmexico\/wp-json\/wp\/v2\/media?parent=105847"}],"wp:term":[{"taxonomy":"category","embeddable":true,"href":"https:\/\/redsemlac.com\/semmexico\/wp-json\/wp\/v2\/categories?post=105847"},{"taxonomy":"post_tag","embeddable":true,"href":"https:\/\/redsemlac.com\/semmexico\/wp-json\/wp\/v2\/tags?post=105847"}],"curies":[{"name":"wp","href":"https:\/\/api.w.org\/{rel}","templated":true}]}}