{"id":10584,"date":"2019-08-08T00:02:15","date_gmt":"2019-08-08T00:02:15","guid":{"rendered":"https:\/\/redsemlac.com\/semmexico\/?p=10584"},"modified":"2023-07-21T14:51:53","modified_gmt":"2023-07-21T19:51:53","slug":"guerrero-10","status":"publish","type":"post","link":"https:\/\/redsemlac.com\/semmexico\/guerrero-10\/","title":{"rendered":"En Guerrero, activistas exigen que la Comisi\u00f3n de Igualdad, dictamine a favor de la Ley Olimpia"},"content":{"rendered":"\n<ul class=\"wp-block-list\"><li> Exigen que la Comisi\u00f3n para la Igualdad de G\u00e9nero, sesione y dictamine a favor de la reforma a la ley 553, para tipificar como delito, la violencia digital. <\/li><\/ul>\n\n\n\n<p class=\"wp-block-paragraph\"><strong>Josefina\nAguilar Pastor <\/strong><\/p>\n\n\n\n<p class=\"wp-block-paragraph\">SemM\u00e9xico. Chilpancingo, Guerrero, &nbsp;7 de agosto de 2019.- Feministas y activistas,\nexigieron a las diputadas que integran la Comisi\u00f3n para la Igualdad de G\u00e9nero, que\nsesionen y dictaminen a favor de la reforma a la ley 553, para tipificar como\ndelito, la violencia digital y se pueda aprobar el paquete de reformas que\nconforman la Ley Olimpia. <\/p>\n\n\n\n<p class=\"wp-block-paragraph\">Y es que, en conferencia de prensa, convocada por los\ndiputados, Omar Jalil Flores Majul, y Guadalupe Gonz\u00e1lez Su\u00e1stegui, integrantes\nde la Comisi\u00f3n de Justicia del Congreso del Estado, la representante de la\ncooperativa feminista \u201cLas Revueltas\u201d, Yolitzin Jaimes Rend\u00f3n, &nbsp;extern\u00f3 su molestia por la mediatizaci\u00f3n y\npolitizaci\u00f3n que diputadas y diputados dieron al tema de la violencia digital. Y\nmencion\u00f3, hasta \u00e9ste mi\u00e9rcoles, como organizaci\u00f3n, tienen el registro de 99\ncasos atendidos, y m\u00e1s de mil 200 identificados, siendo en Acapulco, el\nmunicipio con mayor incidencias. <\/p>\n\n\n\n<p class=\"wp-block-paragraph\">\u201cPor ello la urgencia de la tipificaci\u00f3n de la difusi\u00f3n\nde contenido \u00edntimo sin consentimiento, del ciber acoso y del reconocimiento de\nla violencia digital como una modalidad m\u00e1s de la violencia de g\u00e9nero contra\nmujeres&nbsp; ni\u00f1as\u201d, subray\u00f3 la activista.<\/p>\n\n\n\n<p class=\"wp-block-paragraph\">Asimismo, agradeci\u00f3 la dictaminaci\u00f3n a favor por parte de\nlos miembros de la Comisi\u00f3n de Justicia, para reformar el c\u00f3digo penal &nbsp;e incluir y penalizar la difusi\u00f3n de contenido\n\u00edntimo sin consentimiento, al haber en el Estado de Guerrero, ni\u00f1as de 9 y 12\na\u00f1os que est\u00e1n siendo objeto sexual para el placer de los agresores, y quienes\nest\u00e1n llevando el acoso virtual al espacio f\u00edsico de las v\u00edctimas, siendo\nagredidas en sus domicilios, escuelas y centros de trabajo.<\/p>\n\n\n\n<p class=\"wp-block-paragraph\">Este tipo de violencia subray\u00f3, se da en todos los estratos,\nde todas las clases sociales pol\u00edticas o no, ni\u00f1as y mujeres, todas son\nimportantes. Tambi\u00e9n se\u00f1al\u00f3 que del paquete presentado de tres iniciativas,\nfalta por dictaminar la reforma de la ley 553 para reconocer la violencia\ndigital como una modalidad m\u00e1s de la violencia en contra de las mujeres, y que actualmente\nse encuentra en la Comisi\u00f3n para la Igualdad de G\u00e9nero.<\/p>\n\n\n\n<p class=\"wp-block-paragraph\">Sin este reconocimiento, indic\u00f3 Jaimes Rend\u00f3n, la ley 553,\nno podr\u00e1n exigir al ejecutivo estatal y los gobiernos municipales que trabajen\nen la prevenci\u00f3n y atenci\u00f3n de la violencia digital y sus v\u00edctimas.<\/p>\n\n\n\n<p class=\"wp-block-paragraph\">Por su parte, mencion\u00f3 que la Comisi\u00f3n para la Igualdad\nde G\u00e9nero no ha sesionado, debido a que no ha sido sustituida la diputada Saida\nReyes Iruegas, quien desde hace meses solicit\u00f3 licencia, por lo que llam\u00f3 a la\nlegisladora Erika Valencia Cardona, a convocar a sesi\u00f3n urgente al resto de las\nparlamentarias Ver\u00f3nica Mu\u00f1oz Parra, Norma Otilia Hern\u00e1ndez Mart\u00ednez y Dimna\nGuadalupe Salgado Apatiga, y dictaminen la propuesta.<\/p>\n\n\n\n<p class=\"wp-block-paragraph\">\u201cNo pedimos que voten estas tres reformas, cuatro\nmujeres, exigimos que toda la legislatura vote a favor de todo este paquete y que\nla Comisi\u00f3n para la Igualdad de g\u00e9nero, dictamine urgentemente la adici\u00f3n a la\nley 553, que nos den certeza y reconocimiento,&nbsp;\na la violencia digital\u201d, exigi\u00f3 Yolitzin Jaimes.<\/p>\n\n\n\n<p class=\"wp-block-paragraph\">Tambi\u00e9n pidi\u00f3 un reconocimiento al trabajo que desde hace\ntiempo, viene realizando la colectiva \u201cLas Revueltas\u201d, que visibiliz\u00f3 a\u00f1os\natr\u00e1s esta problem\u00e1tica, y ahora con Olimpia Coral Melo Cruz, impulsadora de la\nllamada \u201cLey Olimpia\u201d, presentaron estas iniciativas.<\/p>\n\n\n\n<p class=\"wp-block-paragraph\">Por su parte, el diputado priista y presidente de la Comisi\u00f3n\nde Justicia, Omar Jalil Flores Majul, refiri\u00f3 que a dicho \u00f3rgano, fueron\nturnadas dos iniciativas, la primera impulsada por las diputadas Erika Valencia\nCardona y Norma Otilia Hern\u00e1ndez Mart\u00ednez, y la segunda, por Celeste Mora\nEguiluz y Mariana Itallitzin Garc\u00eda Guill\u00e9n, al realizar el estudio,\nencontraron similitud plena en la intenci\u00f3n, fundamentaci\u00f3n y motivaci\u00f3n de las\ncuatro legisladoras, aunque con propia singularidad al establecer la misma\nmateria del acoso sexual con la utilizaci\u00f3n de las tecnolog\u00edas de la\ninformaci\u00f3n y su mal uso en la realizaci\u00f3n de conductas.<\/p>\n\n\n\n<p class=\"wp-block-paragraph\">Los integrantes de la Comisi\u00f3n de Justicia, coincidieron\nen la necesidad de tipificar como antisociales estas conductas, que asinti\u00f3,\natentan en contra de la integridad y dignidad humanas, de ah\u00ed, el dictamen a\nfavor aprobado este martes, con el que crean un nuevo cap\u00edtulo en el c\u00f3digo\npenal, llamado la divulgaci\u00f3n no consentida de im\u00e1genes o videos \u00edntimos de\ncar\u00e1cter sexual, resolutivo que ser\u00e1 presentado en el periodo ordinario de\nsesiones en el pr\u00f3ximo mes de septiembre.<\/p>\n\n\n\n<p class=\"wp-block-paragraph\">Finalmente, Flores Majul, hizo un reconocimiento por esa\nlucha que viene haciendo desde hace tiempo la cooperativa de \u201cLas Revueltas\u201d, y\nel Frente Nacional para la Sororidad y que con esta aprobaci\u00f3n, llega a buen\nt\u00e9rmino.<\/p>\n\n\n\n<p class=\"wp-block-paragraph\">Las activistas se manifestaron durante la sesi\u00f3n de la\ncomisi\u00f3n permanente del Congreso Local. <\/p>\n","protected":false},"excerpt":{"rendered":"<p>La Comisi\u00f3n de Igualdad de G\u00e9nero, no ha sesionado por ausencia de una diputada que est\u00e1 en licencia.<\/p>\n","protected":false},"author":3,"featured_media":10585,"comment_status":"open","ping_status":"open","sticky":false,"template":"","format":"standard","meta":{"_monsterinsights_skip_tracking":false,"footnotes":""},"categories":[690,54],"tags":[],"class_list":["post-10584","post","type-post","status-publish","format-standard","has-post-thumbnail","category-690","category-mujeres"],"_links":{"self":[{"href":"https:\/\/redsemlac.com\/semmexico\/wp-json\/wp\/v2\/posts\/10584","targetHints":{"allow":["GET"]}}],"collection":[{"href":"https:\/\/redsemlac.com\/semmexico\/wp-json\/wp\/v2\/posts"}],"about":[{"href":"https:\/\/redsemlac.com\/semmexico\/wp-json\/wp\/v2\/types\/post"}],"author":[{"embeddable":true,"href":"https:\/\/redsemlac.com\/semmexico\/wp-json\/wp\/v2\/users\/3"}],"replies":[{"embeddable":true,"href":"https:\/\/redsemlac.com\/semmexico\/wp-json\/wp\/v2\/comments?post=10584"}],"version-history":[{"count":0,"href":"https:\/\/redsemlac.com\/semmexico\/wp-json\/wp\/v2\/posts\/10584\/revisions"}],"wp:featuredmedia":[{"embeddable":true,"href":"https:\/\/redsemlac.com\/semmexico\/wp-json\/wp\/v2\/media\/10585"}],"wp:attachment":[{"href":"https:\/\/redsemlac.com\/semmexico\/wp-json\/wp\/v2\/media?parent=10584"}],"wp:term":[{"taxonomy":"category","embeddable":true,"href":"https:\/\/redsemlac.com\/semmexico\/wp-json\/wp\/v2\/categories?post=10584"},{"taxonomy":"post_tag","embeddable":true,"href":"https:\/\/redsemlac.com\/semmexico\/wp-json\/wp\/v2\/tags?post=10584"}],"curies":[{"name":"wp","href":"https:\/\/api.w.org\/{rel}","templated":true}]}}