{"id":105836,"date":"2026-05-25T19:40:36","date_gmt":"2026-05-26T01:40:36","guid":{"rendered":"https:\/\/redsemlac.com\/semmexico\/?p=105836"},"modified":"2026-05-25T19:43:37","modified_gmt":"2026-05-26T01:43:37","slug":"los-capitales-mexico-con-superavit-comercial-de-926-4-millones-de-dolares-en-abril","status":"publish","type":"post","link":"https:\/\/redsemlac.com\/semmexico\/los-capitales-mexico-con-superavit-comercial-de-926-4-millones-de-dolares-en-abril\/","title":{"rendered":"LOS CAPITALES| M\u00e9xico con super\u00e1vit comercial de $926.4 millones de d\u00f3lares, en abril"},"content":{"rendered":"\n<p class=\"wp-block-paragraph\">Edgar Gonz\u00e1lez Mart\u00ednez<\/p>\n\n\n\n<p class=\"wp-block-paragraph\">SemM\u00e9xico, Cd. de M\u00e9xico, 25 de mayo, 2026.- La noticia es sumamente importante porque dicho super\u00e1vit se dar\u00eda a pesar del d\u00e9ficit en la balanza petrolera. Es m\u00e1s, habr\u00eda que destacar que abril,-especialmente ese periodo- estuvo caracterizado por persistentes presiones geopol\u00edticas, con disrupciones en ciertas rutas mar\u00edtimas y en el sector energ\u00e9tico. Aun as\u00ed, el impacto regional fue limitado, con los fletes mar\u00edtimos de nuestro pa\u00eds con Asia mostrando estabilidad. En este contexto -precisan especialistas de Banorte-, esperamos que el componente petrolero muestre un d\u00e9ficit m\u00e1s amplio vs marzo, con precios m\u00e1s presionados y se\u00f1ales de aceleraci\u00f3n en las compras realizadas en el exterior. En los no petroleros anticipamos que la tendencia de expansi\u00f3n de \u2018otras manufacturas\u2019 continuar\u00e1, con los autos tambi\u00e9n positivos en esta ocasi\u00f3n.<\/p>\n\n\n\n<p class=\"wp-block-paragraph\">En las importaciones vemos una aceleraci\u00f3n en los bienes intermedios, consistente con el mayor dinamismo manufacturero debido a la necesidad de insumos. En este sentido, esperamos un avance de 27.2% en las exportaciones totales y de 25.4% en las importaciones. Con ello, la balanza comercial acumular\u00eda un super\u00e1vit de US$997.8 millones en los \u00faltimos doce meses. Por cierto, bajo esta \u00faltima m\u00e9trica, no se hab\u00eda observado un saldo positivo desde diciembre.<\/p>\n\n\n\n<p class=\"wp-block-paragraph\">Respecto al futuro inmediato de la relaci\u00f3n comercial con EU, creemos que M\u00e9xico seguir\u00e1 siendo un proveedor clave de insumos de IA para EU. Al respecto, en el art\u00edculo Trade in AI-related Products del National Bureau of Economic Research (NBER), de las 18,364 fracciones arancelarias, 645 est\u00e1n vinculadas a la IA. A marzo de 2026 representan cerca de 30.2% del total de las importaciones de EU (con respecto al total en los \u00faltimos doce meses), con m\u00e1s del 50% del total provenientes de Taiw\u00e1n y M\u00e9xico. En un an\u00e1lisis m\u00e1s detallado, dos terceras partes de las fracciones se concentran en: (1) Maquinaria y equipo (Cap\u00edtulo 84 del Sistema Armonizado); y (2) equipo el\u00e9ctrico y electr\u00f3nico (Cap\u00edtulo 85). Ambos han presentado una clara tendencia positiva. El dinamismo de la maquinaria y equipo ha sido tan notable que ya supera a las exportaciones de autos y autopartes.<\/p>\n\n\n\n<p class=\"wp-block-paragraph\">loscapitales@yahoo.com.mx<\/p>\n\n\n\n<p class=\"wp-block-paragraph\">Twiter: @Edgar4712<\/p>\n\n\n\n<p class=\"wp-block-paragraph\"><\/p>\n","protected":false},"excerpt":{"rendered":"<p>Edgar Gonz\u00e1lez Mart\u00ednez SemM\u00e9xico, Cd. de M\u00e9xico, 25 de mayo, 2026.- La noticia es sumamente importante porque dicho super\u00e1vit se dar\u00eda a pesar del d\u00e9ficit en la balanza petrolera. Es m\u00e1s, habr\u00eda que destacar que abril,-especialmente ese periodo- estuvo caracterizado por persistentes presiones geopol\u00edticas, con disrupciones en ciertas rutas mar\u00edtimas y en el sector energ\u00e9tico. [&hellip;]<\/p>\n","protected":false},"author":3,"featured_media":76011,"comment_status":"open","ping_status":"open","sticky":false,"template":"","format":"standard","meta":{"_monsterinsights_skip_tracking":false,"footnotes":""},"categories":[750,110,35],"tags":[],"class_list":["post-105836","post","type-post","status-publish","format-standard","has-post-thumbnail","category-edgar-gonzalez-martinez","category-la-opinion-columnas","category-opinion"],"_links":{"self":[{"href":"https:\/\/redsemlac.com\/semmexico\/wp-json\/wp\/v2\/posts\/105836","targetHints":{"allow":["GET"]}}],"collection":[{"href":"https:\/\/redsemlac.com\/semmexico\/wp-json\/wp\/v2\/posts"}],"about":[{"href":"https:\/\/redsemlac.com\/semmexico\/wp-json\/wp\/v2\/types\/post"}],"author":[{"embeddable":true,"href":"https:\/\/redsemlac.com\/semmexico\/wp-json\/wp\/v2\/users\/3"}],"replies":[{"embeddable":true,"href":"https:\/\/redsemlac.com\/semmexico\/wp-json\/wp\/v2\/comments?post=105836"}],"version-history":[{"count":2,"href":"https:\/\/redsemlac.com\/semmexico\/wp-json\/wp\/v2\/posts\/105836\/revisions"}],"predecessor-version":[{"id":105839,"href":"https:\/\/redsemlac.com\/semmexico\/wp-json\/wp\/v2\/posts\/105836\/revisions\/105839"}],"wp:featuredmedia":[{"embeddable":true,"href":"https:\/\/redsemlac.com\/semmexico\/wp-json\/wp\/v2\/media\/76011"}],"wp:attachment":[{"href":"https:\/\/redsemlac.com\/semmexico\/wp-json\/wp\/v2\/media?parent=105836"}],"wp:term":[{"taxonomy":"category","embeddable":true,"href":"https:\/\/redsemlac.com\/semmexico\/wp-json\/wp\/v2\/categories?post=105836"},{"taxonomy":"post_tag","embeddable":true,"href":"https:\/\/redsemlac.com\/semmexico\/wp-json\/wp\/v2\/tags?post=105836"}],"curies":[{"name":"wp","href":"https:\/\/api.w.org\/{rel}","templated":true}]}}