{"id":105716,"date":"2026-05-20T11:07:15","date_gmt":"2026-05-20T17:07:15","guid":{"rendered":"https:\/\/redsemlac.com\/semmexico\/?p=105716"},"modified":"2026-05-20T11:07:15","modified_gmt":"2026-05-20T17:07:15","slug":"opinion-manuel-buendia-en-las-sombras-la-cia-y-la-ultraderecha-en-mexico","status":"publish","type":"post","link":"https:\/\/redsemlac.com\/semmexico\/opinion-manuel-buendia-en-las-sombras-la-cia-y-la-ultraderecha-en-mexico\/","title":{"rendered":"Opini\u00f3n | Manuel Buend\u00eda en las sombras: la CIA y la ultraderecha en M\u00e9xico"},"content":{"rendered":"\n<p class=\"wp-block-paragraph\">En el centenario de su nacimiento (24 de mayo) conviene valorar sus lecciones de periodismo.<\/p>\n\n\n\n<p class=\"wp-block-paragraph\">Luis Castro Obreg\u00f3n<\/p>\n\n\n\n<p class=\"wp-block-paragraph\">SemM\u00e9xico, Cd. de M\u00e9xico, 20 de mayo, 2026.- El periodismo de investigaci\u00f3n de Manuel Buend\u00eda (1926-1984) devel\u00f3 durante a\u00f1os la constelaci\u00f3n de fuerzas que operaban en las sombras del Estado mexicano.<\/p>\n\n\n\n<p class=\"wp-block-paragraph\">A diferencia de otros periodistas de su tiempo, no se conform\u00f3 con registrar esc\u00e1ndalos aislados ni con describir la superficie del poder; su trabajo consisti\u00f3 en identificar las conexiones profundas entre actores que, en apariencia, pertenec\u00edan a esferas distintas: agencias de inteligencia extranjeras, organizaciones ideol\u00f3gicas clandestinas, \u00e9lites pol\u00edticas y estructuras criminales emergentes.<\/p>\n\n\n\n<p class=\"wp-block-paragraph\">En el centenario de su nacimiento (24 de mayo) conviene valorar sus lecciones de periodismo.<\/p>\n\n\n\n<p class=\"wp-block-paragraph\">Uno de los ejes m\u00e1s audaces de su investigaci\u00f3n fue la presencia de la Agencia Central de Inteligencia en M\u00e9xico. Buend\u00eda desmont\u00f3 la idea de una relaci\u00f3n bilateral limitada a la diplomacia formal.<\/p>\n\n\n\n<p class=\"wp-block-paragraph\">Document\u00f3 un entramado de operaciones encubiertas que utilizaban el territorio mexicano como plataforma de vigilancia y control sobre Am\u00e9rica Latina.<\/p>\n\n\n\n<p class=\"wp-block-paragraph\">Sus hallazgos apuntaban a una doble dimensi\u00f3n: por un lado, la observaci\u00f3n de movimientos de izquierda en la regi\u00f3n; por otro, la capacidad de influir, directa o indirectamente, en decisiones del aparato estatal mexicano.<\/p>\n\n\n\n<p class=\"wp-block-paragraph\">Buend\u00eda no hablaba en abstracto. Nombraba agentes, describ\u00eda mecanismos, reconstru\u00eda rutas de operaci\u00f3n. Se\u00f1alaba c\u00f3mo ciertas investigaciones acad\u00e9micas o proyectos de cooperaci\u00f3n pod\u00edan funcionar como fachadas para actividades de inteligencia, y advert\u00eda sobre la vulnerabilidad de la soberan\u00eda nacional frente a estas din\u00e1micas.<\/p>\n\n\n\n<p class=\"wp-block-paragraph\">Ese cuestionamiento se entrelazaba con otro de sus frentes de investigaci\u00f3n: el resurgimiento de organizaciones de ultraderecha con v\u00ednculos internacionales.<\/p>\n\n\n\n<p class=\"wp-block-paragraph\">Su trabajo sobre \u201cLos Tecos\u201d, en la Universidad Aut\u00f3noma de Guadalajara, mostr\u00f3 una estructura que operaba bajo l\u00f3gicas de sociedad secreta, con ritos de iniciaci\u00f3n y conexiones con la Liga Mundial Anticomunista. Buend\u00eda describi\u00f3 c\u00f3mo la educaci\u00f3n, la religi\u00f3n y la pol\u00edtica se convert\u00edan en trincheras de una guerra ideol\u00f3gica que se libraba en redes cerradas y disciplinadas.<\/p>\n\n\n\n<p class=\"wp-block-paragraph\">Las investigaciones revelaban una realidad inquietante: la cercan\u00eda de estos grupos a sectores formales del poder. Buend\u00eda document\u00f3 flujos de financiamiento, afinidades pol\u00edticas y puntos de contacto con actores del Partido Acci\u00f3n Nacional y con jerarqu\u00edas de la Iglesia cat\u00f3lica.<\/p>\n\n\n\n<p class=\"wp-block-paragraph\">No se trataba de acusaciones ligeras, sino de una advertencia sobre la posibilidad de que proyectos profundamente antidemocr\u00e1ticos encontraran cauces de influencia en instituciones leg\u00edtimas.<\/p>\n\n\n\n<p class=\"wp-block-paragraph\">Esa capacidad de sostener sus revelaciones descansaba en un elemento fundamental: el archivo. En su oficina, Buend\u00eda construy\u00f3 uno de los sistemas de documentaci\u00f3n privada m\u00e1s sofisticados de su tiempo. Lejos de la intuici\u00f3n, de la filtraci\u00f3n o del golpe de suerte, su trabajo se apoyaba en la recolecci\u00f3n sistem\u00e1tica de datos, en la elaboraci\u00f3n de fichas, en el seguimiento de trayectorias personales y en la identificaci\u00f3n de redes de poder.<\/p>\n\n\n\n<p class=\"wp-block-paragraph\">Cada nombre, v\u00ednculo o antecedente era registrado y cruzado con otras fuentes, en una l\u00f3gica que hoy reconocer\u00edamos como&nbsp;<strong>inteligencia de datos aplicada al periodismo.<\/strong><\/p>\n\n\n\n<p class=\"wp-block-paragraph\">Este \u201cperiodismo de archivo\u201d no solo elev\u00f3 el est\u00e1ndar de la investigaci\u00f3n en M\u00e9xico; lo blind\u00f3. Frente a un entorno donde el desmentido oficial era una herramienta recurrente de control, Buend\u00eda construy\u00f3 textos pr\u00e1cticamente inexpugnables, sostenidos por capas de verificaci\u00f3n y corroboraci\u00f3n m\u00faltiple.<\/p>\n\n\n\n<p class=\"wp-block-paragraph\">La \u201c\u00e9tica de la s\u00edntesis\u201d fue otra de sus aportaciones clave: la capacidad de traducir tramas densas en piezas breves, legibles y contundentes, capaces de impactar tanto a especialistas como a lectores comunes. Todo sin perder complejidad ni rigor period\u00edstico.<\/p>\n\n\n\n<p class=\"wp-block-paragraph\">Sus \u00faltimas investigaciones apuntaban hacia la consolidaci\u00f3n de estructuras del narcotr\u00e1fico con protecci\u00f3n pol\u00edtica. El 30 de mayo de 1984, esa l\u00ednea de indagaci\u00f3n se interrumpi\u00f3 con su asesinato en pleno centro de Ciudad de M\u00e9xico. La implicaci\u00f3n de Jos\u00e9 Antonio Zorrilla P\u00e9rez, entonces titular de la Direcci\u00f3n Federal de Seguridad, evidenci\u00f3 el grado de descomposici\u00f3n de una instituci\u00f3n encargada de proteger al pa\u00eds.<\/p>\n\n\n\n<p class=\"wp-block-paragraph\">El impacto de su homicidio fue inmediato. En el gremio period\u00edstico se rompi\u00f3 la idea de que la notoriedad ofrec\u00eda alg\u00fan tipo de resguardo.<\/p>\n\n\n\n<p class=\"wp-block-paragraph\">A la distancia, el centenario de Buend\u00eda obliga a releerlo. La discusi\u00f3n sobre la injerencia extranjera, la persistencia de grupos ideol\u00f3gicos radicales y la corrupci\u00f3n no pertenece al pasado.<\/p>\n\n\n\n<p class=\"wp-block-paragraph\">Buend\u00eda fue un cart\u00f3grafo de las zonas oscuras del poder. Recordarlo hoy&nbsp;<strong>exige al periodismo verificar sin concesiones, documentar con rigor las interconexiones entre instituciones y actores, cruzar fuentes oficiales y no oficiales hasta construir una verdad que perdure frente a la desinformaci\u00f3n.<\/strong><\/p>\n\n\n\n<p class=\"wp-block-paragraph\">Lecturas sugeridas: \u201c<em>La CIA en M\u00e9xico<\/em>\u201d y \u201c<em>Ejercicio Period\u00edstico<\/em>\u201d de Manuel Buend\u00eda (FMB).<\/p>\n\n\n\n<p class=\"wp-block-paragraph\"><img loading=\"lazy\" decoding=\"async\" alt=\"Author photo\" src=\"blob:https:\/\/redsemlac.com\/semmexico\/5cc087c4-088d-472c-90c2-fc76a5439ac5\" width=\"178\" height=\"178\">Escritor y periodista. Originalmente publicado en El Financiero, 19 de mayo 2026<\/p>\n","protected":false},"excerpt":{"rendered":"<p>En el centenario de su nacimiento (24 de mayo) conviene valorar sus lecciones de periodismo. Luis Castro Obreg\u00f3n SemM\u00e9xico, Cd. de M\u00e9xico, 20 de mayo, 2026.- El periodismo de investigaci\u00f3n de Manuel Buend\u00eda (1926-1984) devel\u00f3 durante a\u00f1os la constelaci\u00f3n de fuerzas que operaban en las sombras del Estado mexicano. A diferencia de otros periodistas de [&hellip;]<\/p>\n","protected":false},"author":3,"featured_media":105717,"comment_status":"open","ping_status":"open","sticky":false,"template":"","format":"standard","meta":{"_monsterinsights_skip_tracking":false,"footnotes":""},"categories":[35],"tags":[],"class_list":["post-105716","post","type-post","status-publish","format-standard","has-post-thumbnail","category-opinion"],"_links":{"self":[{"href":"https:\/\/redsemlac.com\/semmexico\/wp-json\/wp\/v2\/posts\/105716","targetHints":{"allow":["GET"]}}],"collection":[{"href":"https:\/\/redsemlac.com\/semmexico\/wp-json\/wp\/v2\/posts"}],"about":[{"href":"https:\/\/redsemlac.com\/semmexico\/wp-json\/wp\/v2\/types\/post"}],"author":[{"embeddable":true,"href":"https:\/\/redsemlac.com\/semmexico\/wp-json\/wp\/v2\/users\/3"}],"replies":[{"embeddable":true,"href":"https:\/\/redsemlac.com\/semmexico\/wp-json\/wp\/v2\/comments?post=105716"}],"version-history":[{"count":1,"href":"https:\/\/redsemlac.com\/semmexico\/wp-json\/wp\/v2\/posts\/105716\/revisions"}],"predecessor-version":[{"id":105718,"href":"https:\/\/redsemlac.com\/semmexico\/wp-json\/wp\/v2\/posts\/105716\/revisions\/105718"}],"wp:featuredmedia":[{"embeddable":true,"href":"https:\/\/redsemlac.com\/semmexico\/wp-json\/wp\/v2\/media\/105717"}],"wp:attachment":[{"href":"https:\/\/redsemlac.com\/semmexico\/wp-json\/wp\/v2\/media?parent=105716"}],"wp:term":[{"taxonomy":"category","embeddable":true,"href":"https:\/\/redsemlac.com\/semmexico\/wp-json\/wp\/v2\/categories?post=105716"},{"taxonomy":"post_tag","embeddable":true,"href":"https:\/\/redsemlac.com\/semmexico\/wp-json\/wp\/v2\/tags?post=105716"}],"curies":[{"name":"wp","href":"https:\/\/api.w.org\/{rel}","templated":true}]}}