{"id":105675,"date":"2026-05-18T15:51:16","date_gmt":"2026-05-18T21:51:16","guid":{"rendered":"https:\/\/redsemlac.com\/semmexico\/?p=105675"},"modified":"2026-05-18T15:51:17","modified_gmt":"2026-05-18T21:51:17","slug":"tras-la-puerta-del-poder-sheinbaum-ningun-gobierno-extranjero-le-va-a-arrebatar-la-transformacion-al-pueblo-de-mexico","status":"publish","type":"post","link":"https:\/\/redsemlac.com\/semmexico\/tras-la-puerta-del-poder-sheinbaum-ningun-gobierno-extranjero-le-va-a-arrebatar-la-transformacion-al-pueblo-de-mexico\/","title":{"rendered":"TRAS LA PUERTA DEL PODER| Sheinbaum:\u00a0ning\u00fan gobierno extranjero le va a arrebatar la transformaci\u00f3n al pueblo de M\u00e9xico"},"content":{"rendered":"\n<p class=\"wp-block-paragraph\"><strong><em>Roberto Vizca\u00edno<\/em><\/strong><\/p>\n\n\n\n<p class=\"wp-block-paragraph\">SemM\u00e9xico, Cd. de M\u00e9xico, 18 de mayo, 2026.- Ante la fuga -y auto entrega a EU- de los dos m\u00e1s cercanos y vitales colaboradores del gobernador con licencia de Sinaloa&nbsp;<strong>Rub\u00e9n Rocha Moya<\/strong>, y frente el cierre del cerco de EU contra los narcopoliticos de la 4T, la presidenta&nbsp;<strong>Claudia Sheinbaum<\/strong>&nbsp;siente que, desde fuera, podr\u00edan intentar arrebatarle el proyecto de la transformaci\u00f3n.<\/p>\n\n\n\n<p class=\"wp-block-paragraph\">Es decir, venir por un cambio de r\u00e9gimen. O a poner fin al de la llamada 4T, proyecto ideado y lanzado por Andr\u00e9s&nbsp;<strong>Manuel L\u00f3pez Obrador<\/strong>&nbsp;a partir de 2018. Y que ella continua.<\/p>\n\n\n\n<p class=\"wp-block-paragraph\">Obvio, no lo dijo, pero es evidente que ese&nbsp;<em>alguien&nbsp;<\/em>que amenaza a la 4T es sin duda el Gobierno de&nbsp;<strong>Donald Trump\u2026<\/strong>&nbsp;apoyado por su secretario de Estado el cubano-americano&nbsp;<strong>Marco Rubio<\/strong>.<\/p>\n\n\n\n<p class=\"wp-block-paragraph\">No puede leerse de otra forma lo que la mandataria mexicana -hoy arrinconada por el caso de las acusaciones hechas por el Departamento de Justicia y el tribunal del sur de Nueva York contra el gobernador de Sinaloa el morenista&nbsp;<strong>Rub\u00e9n Rocha Moya<\/strong>&nbsp;y 9 c\u00f3mplices m\u00e1s por narcotr\u00e1fico- dijo sin m\u00e1s el s\u00e1bado en&nbsp;Kanasin, Yucat\u00e1n, en una gira finsemanal.<\/p>\n\n\n\n<p class=\"wp-block-paragraph\">\u201cNadie&nbsp;<strong>le va a arrebatar la transformaci\u00f3n<\/strong>&nbsp;al pueblo de M\u00e9xico\u2026 le pertenece al pueblo\u2026&nbsp;<strong>no, ning\u00fan gobierno extranjero le va a arrebatar la transformaci\u00f3n al pueblo de M\u00e9xico<\/strong>\u201d.<\/p>\n\n\n\n<p class=\"wp-block-paragraph\"><strong>Sheinbaum<\/strong>&nbsp;lanz\u00f3 su advertencia luego de inaugurar un plantel de la Universidad&nbsp;<strong>Rosario Castellanos<\/strong>&nbsp;y al hablar a j\u00f3venes estudiantes que no sab\u00edan a que se refer\u00eda. Agreg\u00f3:<\/p>\n\n\n\n<p class=\"wp-block-paragraph\">\u201cLos corruptos de antes&nbsp;<strong>no le van a robar la transformaci\u00f3n al pueblo de M\u00e9xico<\/strong>\u2026\u201d<\/p>\n\n\n\n<p class=\"wp-block-paragraph\">Y les pidi\u00f3 estar atentos.<\/p>\n\n\n\n<p class=\"wp-block-paragraph\">\u201cNo se les olvide nunca, porque&nbsp;<strong><em>los derechos conquistados del pueblo se pueden perder si no somos conscientes de lo que tenemos<\/em><\/strong>\u2026\u201d<\/p>\n\n\n\n<p class=\"wp-block-paragraph\"><strong>SE ENTREGAN 2 SOCIOS&nbsp;<em>VITALES<\/em>&nbsp;DE ROCHA MOYA<\/strong><\/p>\n\n\n\n<p class=\"wp-block-paragraph\">Hacia fines de la semana trascendi\u00f3 la sorpresiva, obviamente inesperada fuga y auto entrega, casi simult\u00e1nea, del general en retiro&nbsp;<strong>Gerardo M\u00e9rida S\u00e1nchez<\/strong>&nbsp;-exsecretario de Seguridad- y de&nbsp;<strong>Enrique D\u00edaz Vega,&nbsp;<\/strong>exsecretario de Finanzas en el Gobierno de&nbsp;<strong>Rocha Moya<\/strong>.<\/p>\n\n\n\n<p class=\"wp-block-paragraph\">Ambos se encuentran hoy ya en el tribunal del sur de Nueva York donde se seguir\u00e1 el juicio contra ellos, el exgobernador de Sinaloa&nbsp;<strong>Ruben Rocha Moya<\/strong>,&nbsp;<strong>el senador Enrique Inzunza C\u00e1zarez&nbsp;<\/strong>y otros 5 acusados por ser parte del Cartel de Sinaloa y operar bajo el mando de&nbsp;<em>Los Chapitos<\/em>.<\/p>\n\n\n\n<p class=\"wp-block-paragraph\">Por los cargos que ocuparon en el momento en que lo hicieron,&nbsp;<strong>Merida S\u00e1nchez y Diaz Vega<\/strong>&nbsp;podr\u00edan implicar gravemente al gobierno del entonces presidente&nbsp;<strong>Andr\u00e9s Manuel L\u00f3pez Obrador<\/strong>&nbsp;y a Morena.<\/p>\n\n\n\n<p class=\"wp-block-paragraph\">En esos hechos, afirman en EU, se utiliz\u00f3 al Cartel de Sinaloa y&nbsp;<em>Los Chapitos<\/em>&nbsp;para amedrentar, secuestrar e incluso ejecutar opositores y as\u00ed ganar para los candidatos de Morena la gubernatura, las alcald\u00edas y las diputaciones en la elecci\u00f3n de Sinaloa en 2021 y en otras entidades m\u00e1s: BC, Sonora, Nayarit, Colima y Guerrero.<\/p>\n\n\n\n<p class=\"wp-block-paragraph\"><strong>TRUMP ESTRECHA SU ASEDIO VS CLAUDIA<\/strong><\/p>\n\n\n\n<p class=\"wp-block-paragraph\">Todo eso se da mientras el presidente&nbsp;<strong>Donald Trump<\/strong>&nbsp;estrecha su cerco contra el gobierno de&nbsp;<strong>Claudia Sheinbaum<\/strong>.<\/p>\n\n\n\n<p class=\"wp-block-paragraph\">El fin de semana el reconocido periodista&nbsp;<strong>Jack Nicklaus<\/strong>&nbsp;de The New York Times inform\u00f3 que el Departamento de Justicia de&nbsp;<strong>Trump<\/strong>&nbsp;presiona a sus fiscales federales a que investiguen y utilicen leyes de terrorismo en los expedientes sobre corrupci\u00f3n y narcotr\u00e1fico que involucran a funcionarios mexicanos\u2026<\/p>\n\n\n\n<p class=\"wp-block-paragraph\">Esta instrucci\u00f3n se da luego de que el jefe de la DEA,&nbsp;<strong>Terry Cole<\/strong>&nbsp;asegur\u00f3 que los pol\u00edticos mexicanos aliados a los carteles son igualmente culpables de envenenar y asesinar estadounidenses.<\/p>\n\n\n\n<p class=\"wp-block-paragraph\">\u201cNo hay duda de que los narcotraficantes y los altos funcionarios del gobierno en M\u00e9xico han estado en la cama durante a\u00f1os\u2026 son igual de responsables por la muerte y la destrucci\u00f3n de cantidades r\u00e9cord de estadounidenses al cooperar, conspirar, al ayudar a producir este veneno para que cruce la frontera y, senador (dijo al republicano&nbsp;<strong>Kennedy<\/strong>), le puedo asegurar que esto es solo el comienzo de lo que est\u00e1 por venir en M\u00e9xico\u2026\u201d<\/p>\n\n\n\n<p class=\"wp-block-paragraph\"><strong>PANISTAS ZARANDEAN A DIRIGENTES DE MORENA EN CHIHUAHUA<\/strong><\/p>\n\n\n\n<p class=\"wp-block-paragraph\">Dentro del principio popular de que&nbsp;<strong><em>el que se r\u00ede se lleva<\/em><\/strong>, el panismo que apoya a la gobernadora de Chihuahua&nbsp;<strong>Maru Campos<\/strong>, le peg\u00f3 una fuerte zarandeada a&nbsp;<strong>Ariadna Montiel<\/strong>&nbsp;y a&nbsp;<strong>Andr\u00e9s&nbsp;<em>Andy<\/em>&nbsp;L\u00f3pez Beltr\u00e1n<\/strong>, l\u00edder nacional y secretario de Organizaci\u00f3n de Morena a su llegada a Chihuahua para encabezar una marcha de protesta contra la mandataria estatal panista.<\/p>\n\n\n\n<p class=\"wp-block-paragraph\">Los contingentes de aguerridos blanquiazules los recibieron con silbatos, mantas en favor de la gobernadora y de repudio a los dirigentes de Morena y los rodearon y asediaron por todo el aeropuerto hasta que subieron a sus camionetas.<\/p>\n\n\n\n<p class=\"wp-block-paragraph\">Al parejo otros contingentes de panistas apoyados por transportistas y agricultores del estado, cerraron carreteras convergentes a la capital del estado, para impedir la llegada de autobuses con acarreados de Morena desde otras entidades.<\/p>\n\n\n\n<p class=\"wp-block-paragraph\">La estrategia fue simple: les pidieron su credencial de elector y quienes no eran de Chihuahua simplemente no pasaban.<\/p>\n\n\n\n<p class=\"wp-block-paragraph\">Una de su propio chocolate.<\/p>\n\n\n\n<p class=\"wp-block-paragraph\">Al final la marcha de protesta morenista encabezada por&nbsp;<strong>Montiel y&nbsp;<em>Andy<\/em><\/strong>, junto con la senadora&nbsp;<strong>Andrea Chavez<\/strong>&nbsp;y el alcalde&nbsp;<strong>Cruz P\u00e9rez<\/strong>, no pas\u00f3 de ser una m\u00e1s en este M\u00e9xico convulso.<\/p>\n\n\n\n<p class=\"wp-block-paragraph\">Twitter: @_Vizcaino \/ Facebook<\/p>\n\n\n\n<p class=\"wp-block-paragraph\">\/&nbsp;<a href=\"https:\/\/www.facebook.com\/rvizcainoa\" target=\"_blank\" rel=\"noreferrer noopener\">https:\/\/www.facebook.com\/rvizcainoa<\/a>&nbsp;\/<\/p>\n\n\n\n<p class=\"wp-block-paragraph\">e-mail:&nbsp;<a href=\"mailto:rvizcainoa@gmail.com\" target=\"_blank\" rel=\"noreferrer noopener\">rvizcainoa@gmail.com<\/a><\/p>\n","protected":false},"excerpt":{"rendered":"<p>Roberto Vizca\u00edno SemM\u00e9xico, Cd. de M\u00e9xico, 18 de mayo, 2026.- Ante la fuga -y auto entrega a EU- de los dos m\u00e1s cercanos y vitales colaboradores del gobernador con licencia de Sinaloa&nbsp;Rub\u00e9n Rocha Moya, y frente el cierre del cerco de EU contra los narcopoliticos de la 4T, la presidenta&nbsp;Claudia Sheinbaum&nbsp;siente que, desde fuera, podr\u00edan [&hellip;]<\/p>\n","protected":false},"author":3,"featured_media":39589,"comment_status":"open","ping_status":"open","sticky":false,"template":"","format":"standard","meta":{"_monsterinsights_skip_tracking":false,"footnotes":""},"categories":[35,623,622],"tags":[],"class_list":["post-105675","post","type-post","status-publish","format-standard","has-post-thumbnail","category-opinion","category-roberto-vizcaino","category-tras-la-puerta-del-poder"],"_links":{"self":[{"href":"https:\/\/redsemlac.com\/semmexico\/wp-json\/wp\/v2\/posts\/105675","targetHints":{"allow":["GET"]}}],"collection":[{"href":"https:\/\/redsemlac.com\/semmexico\/wp-json\/wp\/v2\/posts"}],"about":[{"href":"https:\/\/redsemlac.com\/semmexico\/wp-json\/wp\/v2\/types\/post"}],"author":[{"embeddable":true,"href":"https:\/\/redsemlac.com\/semmexico\/wp-json\/wp\/v2\/users\/3"}],"replies":[{"embeddable":true,"href":"https:\/\/redsemlac.com\/semmexico\/wp-json\/wp\/v2\/comments?post=105675"}],"version-history":[{"count":1,"href":"https:\/\/redsemlac.com\/semmexico\/wp-json\/wp\/v2\/posts\/105675\/revisions"}],"predecessor-version":[{"id":105676,"href":"https:\/\/redsemlac.com\/semmexico\/wp-json\/wp\/v2\/posts\/105675\/revisions\/105676"}],"wp:featuredmedia":[{"embeddable":true,"href":"https:\/\/redsemlac.com\/semmexico\/wp-json\/wp\/v2\/media\/39589"}],"wp:attachment":[{"href":"https:\/\/redsemlac.com\/semmexico\/wp-json\/wp\/v2\/media?parent=105675"}],"wp:term":[{"taxonomy":"category","embeddable":true,"href":"https:\/\/redsemlac.com\/semmexico\/wp-json\/wp\/v2\/categories?post=105675"},{"taxonomy":"post_tag","embeddable":true,"href":"https:\/\/redsemlac.com\/semmexico\/wp-json\/wp\/v2\/tags?post=105675"}],"curies":[{"name":"wp","href":"https:\/\/api.w.org\/{rel}","templated":true}]}}