{"id":105663,"date":"2026-05-15T22:16:05","date_gmt":"2026-05-16T04:16:05","guid":{"rendered":"https:\/\/redsemlac.com\/semmexico\/?p=105663"},"modified":"2026-05-15T22:16:06","modified_gmt":"2026-05-16T04:16:06","slug":"pretendian-liberar-a-sentenciado-por-el-feminicidio-de-karla-en-puebla","status":"publish","type":"post","link":"https:\/\/redsemlac.com\/semmexico\/pretendian-liberar-a-sentenciado-por-el-feminicidio-de-karla-en-puebla\/","title":{"rendered":"Pretend\u00edan liberar a sentenciado por el feminicidio de Karla en Puebla"},"content":{"rendered":"\n<p class=\"wp-block-paragraph\">+ Familia y organizaciones pidieron al poder judicial garantizar el proceso con perspectiva de g\u00e9nero e investigar al juez<\/p>\n\n\n\n<p class=\"wp-block-paragraph\">+ La autoridad dice que no iban a liberarlo y mandan foto del inculpado en prisi\u00f3n<\/p>\n\n\n\n<p class=\"wp-block-paragraph\">Redacci\u00f3n<\/p>\n\n\n\n<p class=\"wp-block-paragraph\">SemM\u00e9xico, Puebla, 15 de mayo, 2026.- Familiares y activistas de esta entidad solicitaron al poder Judicial y a la Comisi\u00f3n de Derechos Humanos del Estado de Puebla, que Manuel Forcelledo Nader, feminicida sentenciado a 76 a\u00f1os de prisi\u00f3n cumpla su sentencia y no se le otorgue la medida cautelar para que lleve el proceso en libertad, como trascendi\u00f3 en d\u00edas pasados.<\/p>\n\n\n\n<p class=\"wp-block-paragraph\">El victimario cometi\u00f3 el delito de feminicidio en contra de Karla L\u00f3pez Albert, ocurri\u00f3 en 2014, cuando ella se encontraba embarazada, sin embargo, hubo alarma entre la familia y las activistas luego de que este jueves se inform\u00f3 que el juez Enrique Romero Razo, trat\u00f3 de modificar el proceso legal, para favorecer al victimario con el cambio de la medida cautelar.<\/p>\n\n\n\n<p class=\"wp-block-paragraph\">De ah\u00ed el llamado el llamado a la presidenta del Poder Judicial, Mar\u00eda Belinda Aguilar D\u00edaz a garantizar una justicia con perspectiva de g\u00e9nero, el cumplimiento de la sentencia, en el que NO se otorgue la medida cautelar.<\/p>\n\n\n\n<p class=\"wp-block-paragraph\">Tambi\u00e9n piden al Consejo de la Judicatura del Poder Judicial del Estado, a investigar las actuaciones del juez Enrique Romero Razo, y los posibles actos de corrupci\u00f3n y de impunidad en el proceso y, que den a conocer a la opini\u00f3n p\u00fablica el resultado de la investigaci\u00f3n.<\/p>\n\n\n\n<p class=\"wp-block-paragraph\">Solicitan a la Fiscal\u00eda del Estado, a investigar los hechos y garantizar una investigaci\u00f3n con debida diligencia y la no revictimizaci\u00f3n y que la Comisi\u00f3n de Derechos Humanos en Puebla, emita una recomendaci\u00f3n al Poder Judicial, para que los feminicidios en el Estado garanticen la justicia con perspectiva de g\u00e9nero y en especial para Karla L\u00f3pez Albert.<\/p>\n\n\n\n<p class=\"wp-block-paragraph\">El feminicidio de Karla L\u00f3pez Albert ocurri\u00f3 en 2014, ella se encontraba embarazada, la sentencia contra Forcelledo Nader fue de 76 a\u00f1os de prisi\u00f3n fue emitida el 13 de mayo de 2021.<\/p>\n\n\n\n<p class=\"wp-block-paragraph\">En la carta, mencionan que Amnist\u00eda Internacional y ONU Mujeres sostienen que en M\u00e9xico son asesinadas todos los d\u00edas entre 10 y 14 mujeres v\u00edctimas de feminicidio, destacando la persistencia de la impunidad y la corrupci\u00f3n en la actuaci\u00f3n de las fiscal\u00edas y el poder judicial, reflejando las fallas estructurales del sistema judicial, por la falta de la perspectiva de g\u00e9nero en las investigaciones y en la impartici\u00f3n de justicia.<\/p>\n\n\n\n<p class=\"wp-block-paragraph\">Vivimos en una \u00abJusticia Fallida\u00bb, pese a la aprobaci\u00f3n de la Reforma Constitucional en materia de Feminicidio, que reforma el art\u00edculo 73, para emitir la nueva Ley General del Feminicidio, anunciado reci\u00e9n por la presidenta Claudia Sheinbaum Pardo.<\/p>\n\n\n\n<p class=\"wp-block-paragraph\">La pol\u00e9mica por esta iniciativa del juez Enrique Romero Razo, inici\u00f3 el pasado martes, al final fue revocada y las autoridades tuvieron que enviar una fotograf\u00eda a algunos medios donde se ve al sentenciado dentro de la prisi\u00f3n y se ocuparon en negar los hechos.<\/p>\n\n\n\n<p class=\"wp-block-paragraph\">SEM\/sj<\/p>\n","protected":false},"excerpt":{"rendered":"<p>+ Familia y organizaciones pidieron al poder judicial garantizar el proceso con perspectiva de g\u00e9nero e investigar al juez + La autoridad dice que no iban a liberarlo y mandan foto del inculpado en prisi\u00f3n Redacci\u00f3n SemM\u00e9xico, Puebla, 15 de mayo, 2026.- Familiares y activistas de esta entidad solicitaron al poder Judicial y a la [&hellip;]<\/p>\n","protected":false},"author":3,"featured_media":105664,"comment_status":"open","ping_status":"open","sticky":false,"template":"","format":"standard","meta":{"_monsterinsights_skip_tracking":false,"footnotes":""},"categories":[48],"tags":[],"class_list":["post-105663","post","type-post","status-publish","format-standard","has-post-thumbnail","category-no-mas-impunidad-no-mas-impunidad"],"_links":{"self":[{"href":"https:\/\/redsemlac.com\/semmexico\/wp-json\/wp\/v2\/posts\/105663","targetHints":{"allow":["GET"]}}],"collection":[{"href":"https:\/\/redsemlac.com\/semmexico\/wp-json\/wp\/v2\/posts"}],"about":[{"href":"https:\/\/redsemlac.com\/semmexico\/wp-json\/wp\/v2\/types\/post"}],"author":[{"embeddable":true,"href":"https:\/\/redsemlac.com\/semmexico\/wp-json\/wp\/v2\/users\/3"}],"replies":[{"embeddable":true,"href":"https:\/\/redsemlac.com\/semmexico\/wp-json\/wp\/v2\/comments?post=105663"}],"version-history":[{"count":1,"href":"https:\/\/redsemlac.com\/semmexico\/wp-json\/wp\/v2\/posts\/105663\/revisions"}],"predecessor-version":[{"id":105665,"href":"https:\/\/redsemlac.com\/semmexico\/wp-json\/wp\/v2\/posts\/105663\/revisions\/105665"}],"wp:featuredmedia":[{"embeddable":true,"href":"https:\/\/redsemlac.com\/semmexico\/wp-json\/wp\/v2\/media\/105664"}],"wp:attachment":[{"href":"https:\/\/redsemlac.com\/semmexico\/wp-json\/wp\/v2\/media?parent=105663"}],"wp:term":[{"taxonomy":"category","embeddable":true,"href":"https:\/\/redsemlac.com\/semmexico\/wp-json\/wp\/v2\/categories?post=105663"},{"taxonomy":"post_tag","embeddable":true,"href":"https:\/\/redsemlac.com\/semmexico\/wp-json\/wp\/v2\/tags?post=105663"}],"curies":[{"name":"wp","href":"https:\/\/api.w.org\/{rel}","templated":true}]}}