{"id":105466,"date":"2026-05-11T20:31:40","date_gmt":"2026-05-12T02:31:40","guid":{"rendered":"https:\/\/redsemlac.com\/semmexico\/?p=105466"},"modified":"2026-05-11T20:31:41","modified_gmt":"2026-05-12T02:31:41","slug":"cuba-iniciativa-logra-mas-visibilidad-y-conexion-entre-emprendedoras","status":"publish","type":"post","link":"https:\/\/redsemlac.com\/semmexico\/cuba-iniciativa-logra-mas-visibilidad-y-conexion-entre-emprendedoras\/","title":{"rendered":"Cuba: Iniciativa logra m\u00e1s visibilidad y conexi\u00f3n entre emprendedoras"},"content":{"rendered":"\n<ul class=\"wp-block-list\">\n<li>Las 30 beneficiarias tienen en su mayor\u00eda entre 31 y 50 a\u00f1os<\/li>\n\n\n\n<li>Si no s\u00e9 comunicar mi propuesta de valor, c\u00f3mo la puedo transmitir a mis colaboradoras<\/li>\n<\/ul>\n\n\n\n<p class=\"wp-block-paragraph\">Lisandra Fari\u00f1as<\/p>\n\n\n\n<p class=\"wp-block-paragraph\">SemM\u00e9xico\/SEMlac, La Habana, 11 de mayo 2026.- Emprender no es s\u00f3lo pensar en las ventas o el crecimiento econ\u00f3mico de un negocio. Es tambi\u00e9n visibilizar lo que se hace, conectar proyectos y construir alianzas entre mujeres que apuestan por emprendimientos m\u00e1s sostenibles, innovadores y socialmente responsables.<br>Fue esa convicci\u00f3n la que defendi\u00f3&nbsp;<a href=\"https:\/\/www.redsemlac-cuba.net\/redsemlac\/economia\/mujeres-reciben-formacion-para-emprender-con-derechos\/\" target=\"_blank\" rel=\"noreferrer noopener\">el proyecto \u00abApoyo en la formaci\u00f3n y promoci\u00f3n del emprendimiento femenino y las pol\u00edticas inclusivas en el sector privado cubano\u00bb<\/a>, coordinado por la Red Cubana de Mujeres Emprendedoras (RCME), con el apoyo de la Embajada del Reino Unido en Cuba.<\/p>\n\n\n\n<p class=\"wp-block-paragraph\"><br>Tres talleres presenciales, cinco sesiones de mentor\u00edas personalizadas y una campa\u00f1a de comunicaci\u00f3n transversal conformaron la columna vertebral de un proyecto que se extendi\u00f3 en La Habana durante tres meses y que deja, entre sus resultados, cinco procesos de formalizaci\u00f3n completados, tres m\u00e1s en curso, registros de marcas en desarrollo, perfiles digitales optimizados y modelos de negocio redise\u00f1ados.<\/p>\n\n\n\n<p class=\"wp-block-paragraph\"><br><a href=\"https:\/\/www.redsemlac-cuba.net\/redsemlac\/sociedad-y-cultura\/cubanas-yadira-rachel-vargas-la-libertad-empieza-en-las-infancias-video\/\" target=\"_blank\" rel=\"noreferrer noopener\">Yadira Rachel Vargas, fundadora de Rizo Libre<\/a>&nbsp;y una de las coordinadoras del proyecto, present\u00f3 los resultados con la convicci\u00f3n de quien sabe que las cifras solo cuentan una parte de la historia.<\/p>\n\n\n\n<p class=\"wp-block-paragraph\"><br>Record\u00f3 que la iniciativa alcanz\u00f3 a mujeres de municipios perif\u00e9ricos de la ciudad, como Habana del Este, Marianao, La Lisa, Diez de Octubre y Arroyo Naranjo, con la apuesta de cerrar las brechas territoriales que concentran recursos y oportunidades en zonas como el Vedado y la Habana Vieja.<\/p>\n\n\n\n<p class=\"wp-block-paragraph\"><br>Las 30 beneficiarias tienen en su mayor\u00eda entre 31 y 50 a\u00f1os, aunque tambi\u00e9n participaron emprendedoras menores de 30 y mayores de 60. El 36 por ciento son mujeres negras y el 20 por ciento, mulatas, una desagregaci\u00f3n intencional que reconoce los ejes interseccionales de discriminaci\u00f3n que el proyecto busc\u00f3 atender.<\/p>\n\n\n\n<p class=\"wp-block-paragraph\"><br>La campa\u00f1a de comunicaci\u00f3n logr\u00f3 extender el alcance del proyecto m\u00e1s all\u00e1 de La Habana, conectar con mujeres de Villa Clara, Santiago de Cuba y otras provincias, destac\u00f3 Vargas. La iniciativa recibi\u00f3 adem\u00e1s el reconocimiento del Instituto Nacional de Investigaciones Econ\u00f3micas, una de las instituciones acad\u00e9micas que acompa\u00f1\u00f3 el proceso.<\/p>\n\n\n\n<p class=\"wp-block-paragraph\"><br>Katia P\u00e9rez, jurista y coordinadora general de la RCME, reconoci\u00f3 la importancia para la red de haber gestionado, por primera vez, un proyecto de esta envergadura, aun en medio de las m\u00faltiples dificultades que atraviesa la naci\u00f3n caribe\u00f1a, marcada por una profunda crisis econ\u00f3mica y energ\u00e9tica.<\/p>\n\n\n\n<p class=\"wp-block-paragraph\"><br>\u00abEstamos satisfechas de los resultados que, adem\u00e1s, vamos a seguir cosechando, porque algunos de los objetivos no se ven inmediatamente, sino a mediano y largo plazo\u00bb, expres\u00f3.<\/p>\n\n\n\n<p class=\"wp-block-paragraph\"><br><strong>Herramientas que cambian vidas<\/strong><br><br><\/p>\n\n\n\n<p class=\"wp-block-paragraph\">El testimonio de las propias emprendedoras mostr\u00f3 la relevancia de poder contar con espacios de formaci\u00f3n y transferencia de herramientas y conocimientos.<br>Para Aynedri Alba D\u00edaz, estilista y fundadora de Ay Mam\u00e1 In\u00e9s, la mentor\u00eda sobre modelos de negocio que recibi\u00f3 como parte del proyecto signific\u00f3 un punto de inflexi\u00f3n.<br><br><\/p>\n\n\n\n<p class=\"wp-block-paragraph\">\u00abSi no s\u00e9 comunicar mi propuesta de valor, c\u00f3mo la puedo transmitir a mis colaboradoras, c\u00f3mo van a trabajar en funci\u00f3n de ella\u00bb, reflexion\u00f3. A partir de ese aprendizaje, convoc\u00f3 a su equipo, defini\u00f3 la identidad de su emprendimiento y comenz\u00f3 a ver resultados.<br><br><\/p>\n\n\n\n<p class=\"wp-block-paragraph\">\u00abSent\u00ed m\u00e1s compromiso de parte de ellas, m\u00e1s sentido de pertenencia\u00bb, dijo. En las alianzas identific\u00f3 adem\u00e1s un camino que antes no se hab\u00eda permitido explorar, por estar siempre concentrada en atender la agenda del sal\u00f3n. \u00abLas alianzas abren otras puertas y pueden llevarte a otro nivel\u00bb, sostuvo.<br><br><\/p>\n\n\n\n<p class=\"wp-block-paragraph\">Leanne Rizo Gonz\u00e1lez, cuyo emprendimiento de moda sostenible lleva apenas ocho meses de vida, lleg\u00f3 al proyecto sin experiencia formal y se va con una estrategia. \u00abHe decidido cambiar mi forma de comunicar: dejar\u00e9 de presentar solo productos y empezar\u00e9 a conectar desde la emoci\u00f3n, contando historias reales detr\u00e1s de cada prenda\u00bb, explic\u00f3.<br><br><\/p>\n\n\n\n<p class=\"wp-block-paragraph\">Su objetivo es diferenciarse en un mercado habanero saturado de tiendas de ropa de segunda mano. \u00abNo quiero ser una tienda m\u00e1s, sino la que marque ese diferenciador\u00bb, dijo.<br><br><\/p>\n\n\n\n<p class=\"wp-block-paragraph\">Para Yamil\u00e9 del Carmen Luguera, fundadora de La Rocalla -un proyecto que ella define como \u00abuna forma de vida\u00bb-, los talleres aclararon muchas dudas. \u00abHab\u00eda temas que no sab\u00eda c\u00f3mo manejar y aqu\u00ed encontr\u00e9 el camino\u00bb, cont\u00f3.<br><br><\/p>\n\n\n\n<p class=\"wp-block-paragraph\">Luguera es especialista del Centro Nacional de \u00c1reas Protegidas, trabajo al que dedica la mayor parte de su tiempo, mientras que en el patio familiar preserva flora y fauna local, realiza educaci\u00f3n ambiental y produce para el autoconsumo. Lo que vende es el excedente. \u00abLa comercializaci\u00f3n es un plus, no el centro de La Rocalla\u00bb, aclar\u00f3.<br><br><\/p>\n\n\n\n<p class=\"wp-block-paragraph\">Con esa identidad bien definida, lleg\u00f3 al proyecto y, con m\u00e1s herramientas para sostenerla, se va. Uno de sus logros concretos fue la creaci\u00f3n de un canal de WhatsApp donde comparte no solo los productos de La Rocalla, sino tambi\u00e9n las fotos y videos de sus expediciones por el pa\u00eds y abre espacio a otras emprendedoras que quieran sumarse.<br><br><\/p>\n\n\n\n<p class=\"wp-block-paragraph\">\u00abNo me preocupa la competencia. Si ese grupo le sirve a las dem\u00e1s tambi\u00e9n para visibilizarse, felicidades\u00bb, afirm\u00f3.<br><br><\/p>\n\n\n\n<p class=\"wp-block-paragraph\"><a href=\"https:\/\/www.redsemlac-cuba.net\/redsemlac\/sociedad-y-cultura\/emprender-para-incluir-una-apuesta-desde-la-comunidad\/\" target=\"_blank\" rel=\"noreferrer noopener\">Raquel Hern\u00e1ndez, creadora y coordinadora nacional del proyecto sociocultural Necesitamos de tu sonrisa<\/a>, que trabaja con personas con capacidades especiales, subray\u00f3 el impacto de los aprendizajes sobre comunicaci\u00f3n digital.<br><br><\/p>\n\n\n\n<p class=\"wp-block-paragraph\">\u00abLa comunicaci\u00f3n es muy importante en el trabajo de concientizaci\u00f3n e inclusi\u00f3n que hacemos. Mientras mejor lo comuniquemos, este mensaje llegar\u00e1 a m\u00e1s personas\u00bb, asegur\u00f3.<br><br><\/p>\n\n\n\n<p class=\"wp-block-paragraph\">Tambi\u00e9n descubri\u00f3 el valor de documentar los procesos, no solo los resultados; mostrar \u00abel trabajo invisible que antecede a la alegr\u00eda visible\u00bb, dijo.<br>Raima Justiz N\u00e1poles, estilista especializada en cabello afro rizado, recibi\u00f3 su mentor\u00eda de marca de la mano de Petra Consultor\u00eda. El trabajo le permiti\u00f3 unificar su comunicaci\u00f3n y visualidad, y llegar a una conclusi\u00f3n que hoy gu\u00eda sus decisiones.<br><br><\/p>\n\n\n\n<p class=\"wp-block-paragraph\">\u00abMe llevo una visi\u00f3n m\u00e1s clara y estructurada de hacia d\u00f3nde quiero ir, y a partir de ah\u00ed poder tomar acciones m\u00e1s conscientes y enfocadas\u00bb, sostuvo.<br><br><\/p>\n\n\n\n<p class=\"wp-block-paragraph\"><strong>No somos competencia, somos competentes<\/strong><br><br><\/p>\n\n\n\n<p class=\"wp-block-paragraph\">Detr\u00e1s de cada emprendimiento hay siempre una historia que lo antecede y le da sentido, record\u00f3 Deyni Terry Abreu, fundadora de&nbsp;<a href=\"https:\/\/www.redsemlac-cuba.net\/redsemlac\/economia\/barbaras-reivindicar-desde-la-moda-la-cultura-afrocubana\/\" target=\"_blank\" rel=\"noreferrer noopener\">Barbara&#8217;s Power, la primera marca de ropa afro de Cuba<\/a>, con una d\u00e9cada como marca y cerca de 15 a\u00f1os como proceso creativo.<br><br><\/p>\n\n\n\n<p class=\"wp-block-paragraph\">A veces esa historia tiene d\u00e9cadas, comienza en las manos de una madre que cos\u00eda de manera emp\u00edrica en un pueblo de Camag\u00fcey y nunca supo monetizar lo que hac\u00eda, comparti\u00f3 la emprendedora.<br><br><\/p>\n\n\n\n<p class=\"wp-block-paragraph\">\u00abCon mi mam\u00e1 aprend\u00ed lo que era el trabajo comunitario, aunque todav\u00eda no sab\u00eda que se llamaba as\u00ed\u00bb, record\u00f3 Terry Abreu, quien, tras la muerte de su madre en 2014, decidi\u00f3 abrir la marca con su nombre, B\u00e1rbara, como acto de memoria y reparaci\u00f3n.<br><br><\/p>\n\n\n\n<p class=\"wp-block-paragraph\">Desde entonces, Barbara&#8217;s Power ha participado en ocho pasarelas internacionales y cre\u00f3 desde Cuba la Semana Hispana de la Moda, un evento de alcance internacional. Terry comparti\u00f3 su historia no como relato de \u00e9xito individual, sino como llamado a la acci\u00f3n colectiva.<br><br><\/p>\n\n\n\n<p class=\"wp-block-paragraph\">\u00abNo piensen que tienen poco tiempo o que no saben suficiente. Yo aprend\u00ed mirando c\u00f3mo lo hac\u00edan los dem\u00e1s. Nosotras no somos competencia, somos competentes. Si piensas en que la otra es la competencia, tampoco lo logras\u00bb, afirm\u00f3.<br><br><\/p>\n\n\n\n<p class=\"wp-block-paragraph\">Esa certeza es, quiz\u00e1s, el resultado m\u00e1s dif\u00edcil de medir y el m\u00e1s duradero de un proyecto que apuesta por multiplicarse en cada emprendedora que sale con herramientas, redes y la convicci\u00f3n de que no emprende sola.<br><br><\/p>\n\n\n\n<p class=\"wp-block-paragraph\">Como parte de los resultados de la iniciativa, la RCME pondr\u00e1 a disposici\u00f3n de emprendedoras el manual \u00abConecta, crece, cuida: kit pr\u00e1ctico para emprendedoras cubanas\u00bb, que re\u00fane nueve herramientas distribuidas en tres m\u00f3dulos: comunicaci\u00f3n con enfoque de g\u00e9nero y derechos; alianzas y redes para el desarrollo; y prevenci\u00f3n de violencias de g\u00e9nero en el emprendimiento, con orientaciones sobre c\u00f3mo identificarlas, prevenirlas y actuar cuando una clienta o colaboradora las enfrenta.<br><br><\/p>\n\n\n\n<p class=\"wp-block-paragraph\">El encuentro de cierre tuvo lugar el 6 de mayo en la emblem\u00e1tica Quinta de los Molinos de La Habana, donde las emprendedoras beneficiarias de la iniciativa se reunieron para compartir resultados, aprendizajes y emociones vividas en un proceso que, para muchas, signific\u00f3 un antes y un despu\u00e9s.<br><br><\/p>\n\n\n\n<p class=\"wp-block-paragraph\">Estuvieron presentes en la jornada Claire Caruth, Segunda Secretaria de Temas Pol\u00edticos, Econ\u00f3micos y de proyectos de la sede consular brit\u00e1nica, y Massiel Matos, Oficial de Econom\u00eda, Becas Chevening y Proyectos de esa misma embajada.<\/p>\n","protected":false},"excerpt":{"rendered":"<p>Lisandra Fari\u00f1as SemM\u00e9xico\/SEMlac, La Habana, 11 de mayo 2026.- Emprender no es s\u00f3lo pensar en las ventas o el crecimiento econ\u00f3mico de un negocio. Es tambi\u00e9n visibilizar lo que se hace, conectar proyectos y construir alianzas entre mujeres que apuestan por emprendimientos m\u00e1s sostenibles, innovadores y socialmente responsables.Fue esa convicci\u00f3n la que defendi\u00f3&nbsp;el proyecto \u00abApoyo [&hellip;]<\/p>\n","protected":false},"author":3,"featured_media":105467,"comment_status":"open","ping_status":"open","sticky":false,"template":"","format":"standard","meta":{"_monsterinsights_skip_tracking":false,"footnotes":""},"categories":[53],"tags":[],"class_list":["post-105466","post","type-post","status-publish","format-standard","has-post-thumbnail","category-internacional"],"_links":{"self":[{"href":"https:\/\/redsemlac.com\/semmexico\/wp-json\/wp\/v2\/posts\/105466","targetHints":{"allow":["GET"]}}],"collection":[{"href":"https:\/\/redsemlac.com\/semmexico\/wp-json\/wp\/v2\/posts"}],"about":[{"href":"https:\/\/redsemlac.com\/semmexico\/wp-json\/wp\/v2\/types\/post"}],"author":[{"embeddable":true,"href":"https:\/\/redsemlac.com\/semmexico\/wp-json\/wp\/v2\/users\/3"}],"replies":[{"embeddable":true,"href":"https:\/\/redsemlac.com\/semmexico\/wp-json\/wp\/v2\/comments?post=105466"}],"version-history":[{"count":1,"href":"https:\/\/redsemlac.com\/semmexico\/wp-json\/wp\/v2\/posts\/105466\/revisions"}],"predecessor-version":[{"id":105468,"href":"https:\/\/redsemlac.com\/semmexico\/wp-json\/wp\/v2\/posts\/105466\/revisions\/105468"}],"wp:featuredmedia":[{"embeddable":true,"href":"https:\/\/redsemlac.com\/semmexico\/wp-json\/wp\/v2\/media\/105467"}],"wp:attachment":[{"href":"https:\/\/redsemlac.com\/semmexico\/wp-json\/wp\/v2\/media?parent=105466"}],"wp:term":[{"taxonomy":"category","embeddable":true,"href":"https:\/\/redsemlac.com\/semmexico\/wp-json\/wp\/v2\/categories?post=105466"},{"taxonomy":"post_tag","embeddable":true,"href":"https:\/\/redsemlac.com\/semmexico\/wp-json\/wp\/v2\/tags?post=105466"}],"curies":[{"name":"wp","href":"https:\/\/api.w.org\/{rel}","templated":true}]}}