{"id":105390,"date":"2026-05-10T13:00:28","date_gmt":"2026-05-10T19:00:28","guid":{"rendered":"https:\/\/redsemlac.com\/semmexico\/?p=105390"},"modified":"2026-05-10T13:00:29","modified_gmt":"2026-05-10T19:00:29","slug":"tres-madres-de-cdmx-enfrentan-solas-la-busqueda-de-sus-hijos-desaparecidos","status":"publish","type":"post","link":"https:\/\/redsemlac.com\/semmexico\/tres-madres-de-cdmx-enfrentan-solas-la-busqueda-de-sus-hijos-desaparecidos\/","title":{"rendered":"Tres madres de CDMX enfrentan solas la b\u00fasqueda de sus hijos desaparecidos"},"content":{"rendered":"\n<p class=\"wp-block-paragraph\">Natalia Rodr\u00edguez y Angelina Castillo se acompa\u00f1an durante las jornadas de pega de fichas para buscar a sus hijos desaparecidos.&nbsp;\/&nbsp;Foto: Ivonne Rodr\u00edguez\/El Sol de M\u00e9xico<\/p>\n\n\n\n<p class=\"wp-block-paragraph\">Natalia, Angelina y Vanessa comparten c\u00f3mo se transform\u00f3 su vida ante la falta de apoyo familiar e institucional<\/p>\n\n\n\n<p class=\"wp-block-paragraph\">Iv\u00e1n Ortiz<\/p>\n\n\n\n<p class=\"wp-block-paragraph\">SemM\u00e9xico\/El Sol de M\u00e9xico, Cd. de M\u00e9xico, 10 de mayo, 2026.-Tres madres buscan a sus hijos desaparecidos desde hace varios a\u00f1os;&nbsp;Natalia Rodr\u00edguez,&nbsp;Angelina Castillo&nbsp;y&nbsp;Vanessa G\u00e1mez&nbsp;narran su lucha constante para encontrar indicios sobre su paradero, pese a la falta de apoyo familiar y dificultades con las autoridades.<\/p>\n\n\n\n<p class=\"wp-block-paragraph\">Lo primero que hace&nbsp;Natalia Rodr\u00edguez&nbsp;al despertar es hablar con su hijo&nbsp;Francisco Tinoco Ram\u00edrez, desaparecido hace casi cinco a\u00f1os. Mientras ella le da los buenos d\u00edas, \u00e9l solo sonr\u00ede en la foto del bur\u00f3, junto a la cama.<\/p>\n\n\n\n<p class=\"wp-block-paragraph\">La sonrisa del joven de 16 a\u00f1os cierra sus ojos y marca hoyuelos en sus mejillas. Esa fue la se\u00f1a que le dijo&nbsp;<strong>Natalia<\/strong>&nbsp;a las autoridades: \u201cSe le hacen hoyuelos al re\u00edr\u201d, dice la ficha, con la misma foto.<\/p>\n\n\n\n<p class=\"wp-block-paragraph\">\u201cVeo su foto y hablo con \u00e9l como si estuviera aqu\u00ed: \u2018No te r\u00edas de m\u00ed. Ya me viste que ya me cans\u00e9; pero ahorita ya me levanto y sigo con mi d\u00eda\u201d, cont\u00f3.&nbsp;<strong>Natalia<\/strong>&nbsp;lleva el retrato por toda la casa: junto a la tele o en un mueble de la cocina. La imagen es ahora su confidente.<\/p>\n\n\n\n<p class=\"wp-block-paragraph\"><strong>Francisco desapareci\u00f3 el 21 de diciembre de 2021 en Jalalpa El Grande, \u00c1lvaro Obreg\u00f3n.<\/strong>&nbsp;Sali\u00f3 a la tienda y no volvi\u00f3. Meses antes hab\u00eda dejado la prepa tras recibir amenazas de unos j\u00f3venes que lo molestaban afuera de la escuela.<\/p>\n\n\n\n<p class=\"wp-block-paragraph\">PUBLICIDAD<\/p>\n\n\n\n<p class=\"wp-block-paragraph\">Un amigo,&nbsp;<strong>Ulises<\/strong>, confes\u00f3 despu\u00e9s a&nbsp;<strong>Natalia<\/strong>&nbsp;que \u201centreg\u00f3 a su carnal\u201d y que \u201chab\u00edan enterrado su cuerpo en las barrancas\u201d.&nbsp;<strong>Ulises<\/strong>&nbsp;y los agresores huyeron y no han sido localizados.<\/p>\n\n\n\n<p class=\"wp-block-paragraph\"><strong>Puede interesarte:&nbsp;<\/strong><a href=\"https:\/\/oem.com.mx\/elsoldemexico\/metropoli\/colectivos-realizan-vigilia-en-el-monumento-a-la-madre-por-los-seis-mil-desaparecidos-en-la-ciudad-29900062\" target=\"_blank\" rel=\"noreferrer noopener\"><strong>Previo al D\u00eda de las Madres, colectivos de b\u00fasqueda de desaparecidos exigen a Sheinbaum que los reciba<\/strong><\/a><\/p>\n\n\n\n<p class=\"wp-block-paragraph\"><strong>Natalia<\/strong>&nbsp;es la \u00fanica persona que busca a&nbsp;<strong>Francisco<\/strong>. Denuncia que las autoridades y su familia dejaron de hacerlo hace a\u00f1os.<br>Los otros cuatro hermanos y el padre del joven ya no la apoyan econ\u00f3micamente, ni para comer. \u201cEl pap\u00e1 de mis hijos me dio a escoger: \u2018Tu hijo o nosotros\u2019\u201d, expres\u00f3. Le doli\u00f3 perder su apoyo; pero sigue buscando a&nbsp;<strong>Francisco<\/strong>.<\/p>\n\n\n\n<p class=\"wp-block-paragraph\">Sin m\u00e1s cuidados de su familia y con la incertidumbre sobre el paradero de su hijo,&nbsp;<strong>Natalia<\/strong>&nbsp;s\u00ed ha pensado en darse una pausa. Pero su intuici\u00f3n de madre le muestra la imagen de&nbsp;<strong>Francisco<\/strong>&nbsp;en recuerdos o sue\u00f1os.<\/p>\n\n\n\n<p class=\"wp-block-paragraph\">\u201cSiento que mi hijo ya no vive y al ratito digo, \u2018No, s\u00ed vive. So\u00f1\u00e9 que est\u00e1 aqu\u00ed en mi casa\u201d, dijo.<\/p>\n\n\n\n<p class=\"wp-block-paragraph\">El dolor de la ausencia y la b\u00fasqueda constante<\/p>\n\n\n\n<p class=\"wp-block-paragraph\">\u201cMi dolor de muelas\u201d, as\u00ed llama&nbsp;<strong>Angelina Castillo<\/strong>&nbsp;a su hijo&nbsp;<strong>Joshua Daniel<\/strong>, desaparecido en 2021. El apodo le recuerda c\u00f3mo \u00e9l la molestaba con besos en la frente, chistes agrios, o todo tipo de maldades.<\/p>\n\n\n\n<figure class=\"wp-block-image size-large\"><a href=\"https:\/\/redsemlac.com\/semmexico\/wp-content\/uploads\/2026\/05\/madres-cdmx-busqueda-02.jpg\"><img loading=\"lazy\" decoding=\"async\" width=\"1024\" height=\"575\" src=\"https:\/\/redsemlac.com\/semmexico\/wp-content\/uploads\/2026\/05\/madres-cdmx-busqueda-02-1024x575.jpg\" alt=\"\" class=\"wp-image-105392\" srcset=\"https:\/\/redsemlac.com\/semmexico\/wp-content\/uploads\/2026\/05\/madres-cdmx-busqueda-02-1024x575.jpg 1024w, https:\/\/redsemlac.com\/semmexico\/wp-content\/uploads\/2026\/05\/madres-cdmx-busqueda-02-300x169.jpg 300w, https:\/\/redsemlac.com\/semmexico\/wp-content\/uploads\/2026\/05\/madres-cdmx-busqueda-02-768x431.jpg 768w, https:\/\/redsemlac.com\/semmexico\/wp-content\/uploads\/2026\/05\/madres-cdmx-busqueda-02-150x84.jpg 150w, https:\/\/redsemlac.com\/semmexico\/wp-content\/uploads\/2026\/05\/madres-cdmx-busqueda-02-696x391.jpg 696w, https:\/\/redsemlac.com\/semmexico\/wp-content\/uploads\/2026\/05\/madres-cdmx-busqueda-02-1068x600.jpg 1068w, https:\/\/redsemlac.com\/semmexico\/wp-content\/uploads\/2026\/05\/madres-cdmx-busqueda-02.jpg 1200w\" sizes=\"auto, (max-width: 1024px) 100vw, 1024px\" \/><\/a><\/figure>\n\n\n\n<p class=\"wp-block-paragraph\">Las jornadas de colocaci\u00f3n de fichas nunca terminan ya que constantemente son retiradas por autoridades o particulares&nbsp;\/&nbsp;Foto: Ivonne Rodr\u00edguez\/El Sol de M\u00e9xico<\/p>\n\n\n\n<p class=\"wp-block-paragraph\">El dolor de muelas es de los m\u00e1s intensos, pero no se compara con la ausencia de un hijo, explica. Cada b\u00fasqueda la cansa y enferma m\u00e1s. No ha re\u00eddo en cinco a\u00f1os.<\/p>\n\n\n\n<p class=\"wp-block-paragraph\">\u201cLa vida contin\u00faa para todos. Tengo m\u00e1s hijos, nietos y amigos. Lo tengo todo, pero mi vida est\u00e1 detenida. Siempre estar\u00e1 esa ausencia y ya no eres la misma.<\/p>\n\n\n\n<p class=\"wp-block-paragraph\">Me considero fuerte y trato de no llorar, porque me gana la debilidad. Pero hay d\u00edas que voy en el transporte y sin saberlo lloro. No es un llanto, solo me salen l\u00e1grimas\u201d, comparti\u00f3&nbsp;<strong>Angelina<\/strong>.<\/p>\n\n\n\n<p class=\"wp-block-paragraph\">Los pocos momentos en que llora son en marchas, como la del 10 de mayo, cuando no puede asistir y no se oye el nombre de su hijo.<\/p>\n\n\n\n<figure class=\"wp-block-image size-large\"><a href=\"https:\/\/redsemlac.com\/semmexico\/wp-content\/uploads\/2026\/05\/madres-cdmx-busqueda-03.jpg\"><img loading=\"lazy\" decoding=\"async\" width=\"1024\" height=\"575\" src=\"https:\/\/redsemlac.com\/semmexico\/wp-content\/uploads\/2026\/05\/madres-cdmx-busqueda-03-1024x575.jpg\" alt=\"\" class=\"wp-image-105393\" srcset=\"https:\/\/redsemlac.com\/semmexico\/wp-content\/uploads\/2026\/05\/madres-cdmx-busqueda-03-1024x575.jpg 1024w, https:\/\/redsemlac.com\/semmexico\/wp-content\/uploads\/2026\/05\/madres-cdmx-busqueda-03-300x169.jpg 300w, https:\/\/redsemlac.com\/semmexico\/wp-content\/uploads\/2026\/05\/madres-cdmx-busqueda-03-768x431.jpg 768w, https:\/\/redsemlac.com\/semmexico\/wp-content\/uploads\/2026\/05\/madres-cdmx-busqueda-03-150x84.jpg 150w, https:\/\/redsemlac.com\/semmexico\/wp-content\/uploads\/2026\/05\/madres-cdmx-busqueda-03-696x391.jpg 696w, https:\/\/redsemlac.com\/semmexico\/wp-content\/uploads\/2026\/05\/madres-cdmx-busqueda-03-1068x600.jpg 1068w, https:\/\/redsemlac.com\/semmexico\/wp-content\/uploads\/2026\/05\/madres-cdmx-busqueda-03.jpg 1200w\" sizes=\"auto, (max-width: 1024px) 100vw, 1024px\" \/><\/a><\/figure>\n\n\n\n<p class=\"wp-block-paragraph\">Angelina le habla al retrato de su hijo Francisco Tinoco Ram\u00edrez, desaparecido hace cinco a\u00f1os.&nbsp;\/&nbsp;Foto: Ivonne Rodr\u00edguez\/El Sol de M\u00e9xico<\/p>\n\n\n\n<p class=\"wp-block-paragraph\"><strong>Joshua Daniel Arriaga Castillo desapareci\u00f3 el 9 de agosto de 2021 en Tepito, Cuauht\u00e9moc.<\/strong>&nbsp;Hab\u00eda muerto la madre de&nbsp;<strong>Angelina<\/strong>&nbsp;y pidi\u00f3 a&nbsp;<strong>Daniel<\/strong>&nbsp;venir, pero nunca lleg\u00f3 y ella fue internada por COVID-19.<\/p>\n\n\n\n<p class=\"wp-block-paragraph\">Al salir del hospital&nbsp;<strong>Daniel<\/strong>&nbsp;segu\u00eda sin aparecer.&nbsp;<strong>Angelina<\/strong>&nbsp;denunci\u00f3, pero fue revictimizada. \u201cLos polic\u00edas me dijeron que una perra quiere m\u00e1s a sus hijos y que yo lo hab\u00eda abandonado\u201d, relat\u00f3.<\/p>\n\n\n\n<p class=\"wp-block-paragraph\">Ahora contin\u00faa buscando informaci\u00f3n que la ayude a dar con el paradero del joven. En su ficha&nbsp;<strong>Daniel<\/strong>&nbsp;aparece con gorra y sacando la lengua.<\/p>\n\n\n\n<p class=\"wp-block-paragraph\">\u201cEs muy barbero y sociable. Medio Tepito lo conoc\u00eda. Hasta el perro le mov\u00eda la cola. Cuando desaparece ya nadie lo conoce, como si se lo hubiera tragado la calle. No te dir\u00e9 que es muy buena gente, era mula; si lo buscan, lo encuentran y \u00e9l pelea\u201d, refiri\u00f3.<\/p>\n\n\n\n<p class=\"wp-block-paragraph\"><a href=\"https:\/\/oem.com.mx\/elsoldemexico\/mexico\/mexico-descarta-reconocer-el-termino-madre-buscadora-en-la-ley-para-la-proteccion-de-personas-defensoras-de-derechos-hum-29863419\"><\/a><\/p>\n\n\n\n<p class=\"wp-block-paragraph\"><strong><a href=\"https:\/\/oem.com.mx\/elsoldemexico\/mexico\/mexico-descarta-reconocer-el-termino-madre-buscadora-en-la-ley-para-la-proteccion-de-personas-defensoras-de-derechos-hum-29863419\">M\u00e9xico descarta incluir el t\u00e9rmino \u201cmadre buscadora\u201d en Ley que protege a defensores de derechos humanos<\/a><\/strong><\/p>\n\n\n\n<p class=\"wp-block-paragraph\">Al desaparecer en este barrio bravo controlado por c\u00e1rteles,&nbsp;<strong>Angelina<\/strong>&nbsp;ha puesto en riesgo su vida. Sus otros hijos le piden que deje la b\u00fasqueda, pero la impulsa su \u201cdolor de muelas\u201d.<\/p>\n\n\n\n<p class=\"wp-block-paragraph\">B\u00fasqueda y sacrificios en la monta\u00f1a<\/p>\n\n\n\n<p class=\"wp-block-paragraph\"><strong>Vanessa G\u00e1mez<\/strong>, madre de&nbsp;<strong>Ana Amel\u00ed Garc\u00eda G\u00e1mez<\/strong>, desaparecida el 12 de julio de 2025, dej\u00f3 su trabajo como visitadora m\u00e9dica y el cuidado de su otro hijo para ser madre buscadora de tiempo completo. De las 5:00&nbsp;a las 21:00&nbsp;horas est\u00e1 en reuniones y jornadas de b\u00fasqueda.<\/p>\n\n\n\n<figure class=\"wp-block-image size-large\"><a href=\"https:\/\/redsemlac.com\/semmexico\/wp-content\/uploads\/2026\/05\/madres-cdmx-busqueda-04.jpg\"><img loading=\"lazy\" decoding=\"async\" width=\"1024\" height=\"575\" src=\"https:\/\/redsemlac.com\/semmexico\/wp-content\/uploads\/2026\/05\/madres-cdmx-busqueda-04-1024x575.jpg\" alt=\"\" class=\"wp-image-105394\" srcset=\"https:\/\/redsemlac.com\/semmexico\/wp-content\/uploads\/2026\/05\/madres-cdmx-busqueda-04-1024x575.jpg 1024w, https:\/\/redsemlac.com\/semmexico\/wp-content\/uploads\/2026\/05\/madres-cdmx-busqueda-04-300x169.jpg 300w, https:\/\/redsemlac.com\/semmexico\/wp-content\/uploads\/2026\/05\/madres-cdmx-busqueda-04-768x431.jpg 768w, https:\/\/redsemlac.com\/semmexico\/wp-content\/uploads\/2026\/05\/madres-cdmx-busqueda-04-150x84.jpg 150w, https:\/\/redsemlac.com\/semmexico\/wp-content\/uploads\/2026\/05\/madres-cdmx-busqueda-04-696x391.jpg 696w, https:\/\/redsemlac.com\/semmexico\/wp-content\/uploads\/2026\/05\/madres-cdmx-busqueda-04-1068x600.jpg 1068w, https:\/\/redsemlac.com\/semmexico\/wp-content\/uploads\/2026\/05\/madres-cdmx-busqueda-04.jpg 1200w\" sizes=\"auto, (max-width: 1024px) 100vw, 1024px\" \/><\/a><\/figure>\n\n\n\n<p class=\"wp-block-paragraph\">Vanessa G\u00e1mez, madre de Ana Amel\u00ed Garc\u00eda apoya tambi\u00e9n a colocar fichas de b\u00fasqueda de otras familias que buscan a sus hijos desaparecidos.&nbsp;\/&nbsp;Foto: Reuters<\/p>\n\n\n\n<p class=\"wp-block-paragraph\">\u201cNo hay trabajo que te permita salir a las b\u00fasquedas. Muchas madres no van a marchas porque est\u00e1n trabajando. Ha sido muy dif\u00edcil, no s\u00e9 c\u00f3mo sobrevivir\u201d, asegur\u00f3.<\/p>\n\n\n\n<p class=\"wp-block-paragraph\"><strong>Ana Amel\u00ed desapareci\u00f3 mientras escalaba el Pico del \u00c1guila, en el Ajusco<\/strong>, zona boscosa y punto rojo de desapariciones. A 300 d\u00edas no hay indicios de su paradero.<\/p>\n\n\n\n<p class=\"wp-block-paragraph\">En su ficha la joven de 19 a\u00f1os se ve calmada y feliz. Estudia Biolog\u00eda y es artista;&nbsp;<strong>Vanessa<\/strong>&nbsp;la describe como amorosa, inteligente y sensible. \u201cEs la persona que m\u00e1s me ha amado en la vida, adem\u00e1s de mi madre. Conf\u00eda en la gente; la sociedad no la merece\u201d, se\u00f1al\u00f3&nbsp;<strong>Vanessa<\/strong>.<\/p>\n\n\n\n<p class=\"wp-block-paragraph\"><a href=\"https:\/\/www.whatsapp.com\/channel\/0029Va7IpF5Id7nJvkxFt02Q\" target=\"_blank\" rel=\"noreferrer noopener\"><strong>\u27a1\ufe0f<\/strong><strong> \u00danete al canal de El Sol de M\u00e9xico en WhatsApp para no perderte la informaci\u00f3n m\u00e1s importan<\/strong><\/a><a href=\"https:\/\/www.whatsapp.com\/channel\/0029Va7IpF5Id7nJvkxFt02Q\" target=\"_blank\" rel=\"noreferrer noopener\"><strong>t<\/strong><\/a>e<\/p>\n\n\n\n<p class=\"wp-block-paragraph\">Mientras busca acercarse al paradero de su hija, reconoce que se ha alejado de su otro hijo,&nbsp;<strong>Leonardo<\/strong>, tambi\u00e9n de 19 a\u00f1os.<\/p>\n\n\n\n<p class=\"wp-block-paragraph\">\u201cCasi no nos apoya porque est\u00e1 enfocado en salir adelante emocionalmente. He perdido una hija que no encuentro, pero tambi\u00e9n estoy perdiendo a mi hijo. Quisiera ayudar en su dolor, pero a veces nos alejamos y yo debo dedicarme a encontrar a la que no est\u00e1\u201d, confes\u00f3.<\/p>\n\n\n\n<p class=\"wp-block-paragraph\">Por eso ha pensado pausar su labor para concentrarse en ser madre de su otro hijo. \u201cPero significar\u00eda perder la gran oportunidad de visibilizar la crisis de desaparecidos en el Mundial. No puedo descansar si no hay un resultado\u201d, explic\u00f3&nbsp;<strong>Vanessa<\/strong>.<\/p>\n\n\n\n<figure class=\"wp-block-image size-large\"><a href=\"https:\/\/redsemlac.com\/semmexico\/wp-content\/uploads\/2026\/05\/madres-cdmx-busqueda-05.jpg\"><img loading=\"lazy\" decoding=\"async\" width=\"1024\" height=\"575\" src=\"https:\/\/redsemlac.com\/semmexico\/wp-content\/uploads\/2026\/05\/madres-cdmx-busqueda-05-1024x575.jpg\" alt=\"\" class=\"wp-image-105395\" srcset=\"https:\/\/redsemlac.com\/semmexico\/wp-content\/uploads\/2026\/05\/madres-cdmx-busqueda-05-1024x575.jpg 1024w, https:\/\/redsemlac.com\/semmexico\/wp-content\/uploads\/2026\/05\/madres-cdmx-busqueda-05-300x169.jpg 300w, https:\/\/redsemlac.com\/semmexico\/wp-content\/uploads\/2026\/05\/madres-cdmx-busqueda-05-768x431.jpg 768w, https:\/\/redsemlac.com\/semmexico\/wp-content\/uploads\/2026\/05\/madres-cdmx-busqueda-05-150x84.jpg 150w, https:\/\/redsemlac.com\/semmexico\/wp-content\/uploads\/2026\/05\/madres-cdmx-busqueda-05-696x391.jpg 696w, https:\/\/redsemlac.com\/semmexico\/wp-content\/uploads\/2026\/05\/madres-cdmx-busqueda-05-1068x600.jpg 1068w, https:\/\/redsemlac.com\/semmexico\/wp-content\/uploads\/2026\/05\/madres-cdmx-busqueda-05.jpg 1200w\" sizes=\"auto, (max-width: 1024px) 100vw, 1024px\" \/><\/a><\/figure>\n\n\n\n<p class=\"wp-block-paragraph\">Adem\u00e1s de las fichas de sus hijos, Natalia y Angelina pegan fichas de b\u00fasqueda de otras personas.&nbsp;\/&nbsp;Foto: Ivonne Rodr\u00edguez\/El Sol de M\u00e9xico<\/p>\n","protected":false},"excerpt":{"rendered":"<p>Natalia Rodr\u00edguez y Angelina Castillo se acompa\u00f1an durante las jornadas de pega de fichas para buscar a sus hijos desaparecidos.&nbsp;\/&nbsp;Foto: Ivonne Rodr\u00edguez\/El Sol de M\u00e9xico Natalia, Angelina y Vanessa comparten c\u00f3mo se transform\u00f3 su vida ante la falta de apoyo familiar e institucional Iv\u00e1n Ortiz SemM\u00e9xico\/El Sol de M\u00e9xico, Cd. de M\u00e9xico, 10 de mayo, [&hellip;]<\/p>\n","protected":false},"author":3,"featured_media":105391,"comment_status":"open","ping_status":"open","sticky":false,"template":"","format":"standard","meta":{"_monsterinsights_skip_tracking":false,"footnotes":""},"categories":[897],"tags":[],"class_list":["post-105390","post","type-post","status-publish","format-standard","has-post-thumbnail","category-especial"],"_links":{"self":[{"href":"https:\/\/redsemlac.com\/semmexico\/wp-json\/wp\/v2\/posts\/105390","targetHints":{"allow":["GET"]}}],"collection":[{"href":"https:\/\/redsemlac.com\/semmexico\/wp-json\/wp\/v2\/posts"}],"about":[{"href":"https:\/\/redsemlac.com\/semmexico\/wp-json\/wp\/v2\/types\/post"}],"author":[{"embeddable":true,"href":"https:\/\/redsemlac.com\/semmexico\/wp-json\/wp\/v2\/users\/3"}],"replies":[{"embeddable":true,"href":"https:\/\/redsemlac.com\/semmexico\/wp-json\/wp\/v2\/comments?post=105390"}],"version-history":[{"count":1,"href":"https:\/\/redsemlac.com\/semmexico\/wp-json\/wp\/v2\/posts\/105390\/revisions"}],"predecessor-version":[{"id":105396,"href":"https:\/\/redsemlac.com\/semmexico\/wp-json\/wp\/v2\/posts\/105390\/revisions\/105396"}],"wp:featuredmedia":[{"embeddable":true,"href":"https:\/\/redsemlac.com\/semmexico\/wp-json\/wp\/v2\/media\/105391"}],"wp:attachment":[{"href":"https:\/\/redsemlac.com\/semmexico\/wp-json\/wp\/v2\/media?parent=105390"}],"wp:term":[{"taxonomy":"category","embeddable":true,"href":"https:\/\/redsemlac.com\/semmexico\/wp-json\/wp\/v2\/categories?post=105390"},{"taxonomy":"post_tag","embeddable":true,"href":"https:\/\/redsemlac.com\/semmexico\/wp-json\/wp\/v2\/tags?post=105390"}],"curies":[{"name":"wp","href":"https:\/\/api.w.org\/{rel}","templated":true}]}}