{"id":10538,"date":"2019-08-06T18:43:41","date_gmt":"2019-08-06T18:43:41","guid":{"rendered":"https:\/\/redsemlac.com\/semmexico\/?p=10538"},"modified":"2023-07-21T14:51:54","modified_gmt":"2023-07-21T19:51:54","slug":"iv-concurso-de-fotografia-generosidad-de-la-fundacion-cermi-mujeres","status":"publish","type":"post","link":"https:\/\/redsemlac.com\/semmexico\/iv-concurso-de-fotografia-generosidad-de-la-fundacion-cermi-mujeres\/","title":{"rendered":"IV Concurso de fotograf\u00eda \u201cGenerosidad\u201d de la Fundaci\u00f3n CERMI Mujeres"},"content":{"rendered":"\n<ul class=\"wp-block-list\"><li><strong>En esta\nedici\u00f3n se desarrollar\u00e1 con el t\u00edtulo \u2018Empoderando a las ni\u00f1as con discapacidad\npara el disfrute de una vida libre de violencia\u2019. <\/strong><\/li><\/ul>\n\n\n\n<p class=\"wp-block-paragraph\"><strong>Ana De Luis Otero <\/strong><\/p>\n\n\n\n<p class=\"wp-block-paragraph\">SemM\u00e9xico\/Periodistas en Espa\u00f1ol. Madrid. 06 de agosto\n2019.- La Fundaci\u00f3n CERMI Mujeres (FCM) ha publicado las bases del IV concurso\nde fotograf\u00eda \u2018Generosidad\u2019, que en esta edici\u00f3n se desarrollar\u00e1 con el t\u00edtulo\n\u2018Empoderando a las ni\u00f1as con discapacidad para el disfrute de una vida libre de\nviolencia\u2019. <\/p>\n\n\n\n<p class=\"wp-block-paragraph\">Esta iniciativa se lleva a cabo gracias a un convenio\nfirmado entre la FCM y el Real Patronato sobre Discapacidad, con el fin de\nvisibilizar cada a\u00f1o un \u00e1mbito concreto en el que se sigue ejerciendo violencia\ny discriminaci\u00f3n contra las mujeres y ni\u00f1as con discapacidad. Las tres\nediciones anteriores sirvieron para fomentar la toma de conciencia sobre las\nesterilizaciones forzadas por raz\u00f3n de discapacidad, las institucionalizaciones\ny el derecho a la maternidad.<\/p>\n\n\n\n<p class=\"wp-block-paragraph\">Adem\u00e1s, las obras que se presenten al concurso deber\u00e1n ser\noriginales, in\u00e9ditas, es decir, no publicadas en ning\u00fan soporte, incluido digital,\ny no estar pendientes de votaci\u00f3n o haber sido premiadas en otro concurso.<\/p>\n\n\n\n<p class=\"wp-block-paragraph\">El jurado valorar\u00e1 especialmente la originalidad, est\u00e9tica,\nsensibilidad social, capacidad cr\u00edtica y comunicativa y adecuaci\u00f3n al tema\npropuesto. Asimismo, se valorar\u00e1 el cumplimiento de criterios de accesibilidad\nen la obra y no se tendr\u00e1n en cuenta aquellas instant\u00e1neas que vulneren el\nderecho al honor o a la intimidad.<\/p>\n\n\n\n<p class=\"wp-block-paragraph\">Se otorgar\u00e1n tres premios, de modo que el primero estar\u00e1\ndotado con 3.000 euros, el segundo con 2.000 \u20ac y el tercero con 1.000 \u20ac.\nAsimismo, se establece la categor\u00eda de Menci\u00f3n especial, que recaer\u00e1 sobre\naquellas obras que el jurado considere de especial inter\u00e9s. Esta categor\u00eda\ncarece de dotaci\u00f3n econ\u00f3mica.<\/p>\n\n\n\n<p class=\"wp-block-paragraph\">Los premios se entregar\u00e1n en un acto p\u00fablico y la FCM pondr\u00e1\na disposici\u00f3n de toda la ciudadan\u00eda una exposici\u00f3n con las fotograf\u00edas\npremiadas y con las que hayan recibido una menci\u00f3n especial.<\/p>\n\n\n\n<p class=\"wp-block-paragraph\">El jurado estar\u00e1 formado por miembros del Patronato de la\nFundaci\u00f3n CERMI Mujeres; una persona representante de la Delegaci\u00f3n del\nGobierno para la Violencia de G\u00e9nero; una persona representante del\nObservatorio contra la Violencia Dom\u00e9stica y de G\u00e9nero del Consejo General del\nPoder Judicial; una representante de las organizaciones de mujeres\nespecializadas en violencia; una representante del Comit\u00e9 de Mujeres del Foro\nEuropeo de la Discapacidad; una persona representante del Real Patronato sobre\nDiscapacidad, y dos profesionales de la fotograf\u00eda de reconocido prestigio.<\/p>\n\n\n\n<p class=\"wp-block-paragraph\">El plazo para enviar las fotograf\u00edas permanecer\u00e1 abierto\nhasta el pr\u00f3ximo 30 de septiembre y deber\u00e1n ser remitidas al correo electr\u00f3nico\ncoordinacion@fundacioncermimujeres.es.<\/p>\n\n\n\n<p class=\"has-text-color has-vivid-red-color wp-block-paragraph\"><a href=\"http:\/\/www.fundacioncermimujeres.es\/es\/noticias\/la-fundacion-cermi-mujeres-y-el-real-patronato-sobre-discapacidad-abren-la-iv-convocatoria\"><strong>Se puede acceder a las bases en este enlace<\/strong><\/a>. <\/p>\n","protected":false},"excerpt":{"rendered":"<p>En esta edici\u00f3n se desarrollar\u00e1 con el t\u00edtulo \u2018Empoderando a las ni\u00f1as con discapacidad para el disfrute de una vida libre de violencia\u2019. <\/p>\n","protected":false},"author":3,"featured_media":10539,"comment_status":"open","ping_status":"open","sticky":false,"template":"","format":"standard","meta":{"_monsterinsights_skip_tracking":false,"footnotes":""},"categories":[690,53],"tags":[],"class_list":["post-10538","post","type-post","status-publish","format-standard","has-post-thumbnail","category-690","category-internacional"],"_links":{"self":[{"href":"https:\/\/redsemlac.com\/semmexico\/wp-json\/wp\/v2\/posts\/10538","targetHints":{"allow":["GET"]}}],"collection":[{"href":"https:\/\/redsemlac.com\/semmexico\/wp-json\/wp\/v2\/posts"}],"about":[{"href":"https:\/\/redsemlac.com\/semmexico\/wp-json\/wp\/v2\/types\/post"}],"author":[{"embeddable":true,"href":"https:\/\/redsemlac.com\/semmexico\/wp-json\/wp\/v2\/users\/3"}],"replies":[{"embeddable":true,"href":"https:\/\/redsemlac.com\/semmexico\/wp-json\/wp\/v2\/comments?post=10538"}],"version-history":[{"count":0,"href":"https:\/\/redsemlac.com\/semmexico\/wp-json\/wp\/v2\/posts\/10538\/revisions"}],"wp:featuredmedia":[{"embeddable":true,"href":"https:\/\/redsemlac.com\/semmexico\/wp-json\/wp\/v2\/media\/10539"}],"wp:attachment":[{"href":"https:\/\/redsemlac.com\/semmexico\/wp-json\/wp\/v2\/media?parent=10538"}],"wp:term":[{"taxonomy":"category","embeddable":true,"href":"https:\/\/redsemlac.com\/semmexico\/wp-json\/wp\/v2\/categories?post=10538"},{"taxonomy":"post_tag","embeddable":true,"href":"https:\/\/redsemlac.com\/semmexico\/wp-json\/wp\/v2\/tags?post=10538"}],"curies":[{"name":"wp","href":"https:\/\/api.w.org\/{rel}","templated":true}]}}