{"id":105334,"date":"2026-05-08T20:28:20","date_gmt":"2026-05-09T02:28:20","guid":{"rendered":"https:\/\/redsemlac.com\/semmexico\/?p=105334"},"modified":"2026-05-09T19:23:33","modified_gmt":"2026-05-10T01:23:33","slug":"en-2025-71-5-de-mujeres-de-15-y-mas-anos-habian-sido-madres-alguna-vez","status":"publish","type":"post","link":"https:\/\/redsemlac.com\/semmexico\/en-2025-71-5-de-mujeres-de-15-y-mas-anos-habian-sido-madres-alguna-vez\/","title":{"rendered":"En 2025, 71.5 % de mujeres de 15 y m\u00e1s a\u00f1os hab\u00edan sido madres alguna vez"},"content":{"rendered":"\n<ul class=\"wp-block-list\">\n<li>En 2025, 45.7\u2009% se encontraban casadas<\/li>\n\n\n\n<li>45.6 % trabaj\u00f3 de 35 a 48 horas durante la semana<\/li>\n<\/ul>\n\n\n\n<p class=\"wp-block-paragraph\">Redacci\u00f3n<\/p>\n\n\n\n<p class=\"wp-block-paragraph\">SemM\u00e9xico, Aguascalientes, 8 de mayo, 2026.- Al cuarto trimestre de 2025, resid\u00edan en M\u00e9xico 54.9 millones de mujeres de 15 a\u00f1os y m\u00e1s; 71.5 por ciento de ellas hab\u00eda tenido al menos una hija o hijo nacido vivo a lo largo de su vida, se\u00f1ala el Instituto Nacional de Estad\u00edstica y Geograf\u00eda (INEGI), con datos de la Encuesta Nacional de Ocupaci\u00f3n y Empleo (ENOE), a prop\u00f3sito del D\u00eda de la Madre que se celebra este pr\u00f3ximo domingo.<\/p>\n\n\n\n<p class=\"wp-block-paragraph\">Seg\u00fan grupo de edad, 5.2\u2009por ciento de las adolescentes de 15 a 19 a\u00f1os hab\u00eda sido madres, y este porcentaje fue creciendo para cada grupo de edad hasta alcanzar 93.7\u2009% para el grupo de 60 a\u00f1os y m\u00e1s.<\/p>\n\n\n\n<figure class=\"wp-block-image size-large\"><a href=\"https:\/\/redsemlac.com\/semmexico\/wp-content\/uploads\/2026\/05\/grafica-1-.jpg.png\"><img loading=\"lazy\" decoding=\"async\" width=\"1024\" height=\"507\" src=\"https:\/\/redsemlac.com\/semmexico\/wp-content\/uploads\/2026\/05\/grafica-1-.jpg-1024x507.png\" alt=\"\" class=\"wp-image-105335\" srcset=\"https:\/\/redsemlac.com\/semmexico\/wp-content\/uploads\/2026\/05\/grafica-1-.jpg-1024x507.png 1024w, https:\/\/redsemlac.com\/semmexico\/wp-content\/uploads\/2026\/05\/grafica-1-.jpg-300x149.png 300w, https:\/\/redsemlac.com\/semmexico\/wp-content\/uploads\/2026\/05\/grafica-1-.jpg-768x381.png 768w, https:\/\/redsemlac.com\/semmexico\/wp-content\/uploads\/2026\/05\/grafica-1-.jpg-150x74.png 150w, https:\/\/redsemlac.com\/semmexico\/wp-content\/uploads\/2026\/05\/grafica-1-.jpg-696x345.png 696w, https:\/\/redsemlac.com\/semmexico\/wp-content\/uploads\/2026\/05\/grafica-1-.jpg-1068x529.png 1068w, https:\/\/redsemlac.com\/semmexico\/wp-content\/uploads\/2026\/05\/grafica-1-.jpg.png 1126w\" sizes=\"auto, (max-width: 1024px) 100vw, 1024px\" \/><\/a><\/figure>\n\n\n\n<p class=\"wp-block-paragraph\">De acuerdo con el promedio de hijas e hijos nacidos vivos entre las madres de 15 a\u00f1os y m\u00e1s, el valor m\u00e1s bajo se observ\u00f3 en las adolescentes de 15 a 19 a\u00f1os, con 0.1, y el m\u00e1s alto, en las madres de 60 a\u00f1os y m\u00e1s, con un promedio de cuatro hijas o hijos nacidos vivos por mujer.<\/p>\n\n\n\n<figure class=\"wp-block-image size-full\"><a href=\"https:\/\/redsemlac.com\/semmexico\/wp-content\/uploads\/2026\/05\/grafica-2-.jpg.png\"><img loading=\"lazy\" decoding=\"async\" width=\"990\" height=\"508\" src=\"https:\/\/redsemlac.com\/semmexico\/wp-content\/uploads\/2026\/05\/grafica-2-.jpg.png\" alt=\"\" class=\"wp-image-105336\" srcset=\"https:\/\/redsemlac.com\/semmexico\/wp-content\/uploads\/2026\/05\/grafica-2-.jpg.png 990w, https:\/\/redsemlac.com\/semmexico\/wp-content\/uploads\/2026\/05\/grafica-2-.jpg-300x154.png 300w, https:\/\/redsemlac.com\/semmexico\/wp-content\/uploads\/2026\/05\/grafica-2-.jpg-768x394.png 768w, https:\/\/redsemlac.com\/semmexico\/wp-content\/uploads\/2026\/05\/grafica-2-.jpg-150x77.png 150w, https:\/\/redsemlac.com\/semmexico\/wp-content\/uploads\/2026\/05\/grafica-2-.jpg-696x357.png 696w\" sizes=\"auto, (max-width: 990px) 100vw, 990px\" \/><\/a><\/figure>\n\n\n\n<p class=\"wp-block-paragraph\">La Encuesta tambi\u00e9n se\u00f1ala que, seg\u00fan situaci\u00f3n conyugal, en 2025, 45.7\u2009por ciento de las madres de 15 a\u00f1os y m\u00e1s se encontraban casadas y 23.6 por ciento estuvieron alguna vez unidas (separadas, divorciadas o viudas). Le siguieron las madres que declararon estar en uni\u00f3n libre y las solteras (20.1 y 10.6 por ciento, respectivamente).<\/p>\n\n\n\n<figure class=\"wp-block-image size-full\"><a href=\"https:\/\/redsemlac.com\/semmexico\/wp-content\/uploads\/2026\/05\/grafica-3-.jpg.png\"><img loading=\"lazy\" decoding=\"async\" width=\"887\" height=\"493\" src=\"https:\/\/redsemlac.com\/semmexico\/wp-content\/uploads\/2026\/05\/grafica-3-.jpg.png\" alt=\"\" class=\"wp-image-105337\" srcset=\"https:\/\/redsemlac.com\/semmexico\/wp-content\/uploads\/2026\/05\/grafica-3-.jpg.png 887w, https:\/\/redsemlac.com\/semmexico\/wp-content\/uploads\/2026\/05\/grafica-3-.jpg-300x167.png 300w, https:\/\/redsemlac.com\/semmexico\/wp-content\/uploads\/2026\/05\/grafica-3-.jpg-768x427.png 768w, https:\/\/redsemlac.com\/semmexico\/wp-content\/uploads\/2026\/05\/grafica-3-.jpg-150x83.png 150w, https:\/\/redsemlac.com\/semmexico\/wp-content\/uploads\/2026\/05\/grafica-3-.jpg-696x387.png 696w\" sizes=\"auto, (max-width: 887px) 100vw, 887px\" \/><\/a><\/figure>\n\n\n\n<p class=\"wp-block-paragraph\">La mayor\u00eda de las madres de 25 a\u00f1os y m\u00e1s reportaron alg\u00fan grado aprobado a nivel de secundaria (33.8\u2009%), seguido de media superior y superior (31.9 %). Seg\u00fan grupo de edad, los porcentajes m\u00e1s altos para el nivel medio superior y superior se ubicaron en el de 30 a 34 a\u00f1os, donde casi la mitad de las madres (49.5\u2009%) ten\u00eda ese nivel educativo. Para las de 60 a\u00f1os y m\u00e1s, la tercera parte de ellas (34.6\u2009%) declar\u00f3 primaria incompleta, y se redujo el porcentaje conforme se increment\u00f3 el nivel educativo.<\/p>\n\n\n\n<figure class=\"wp-block-image size-large\"><a href=\"https:\/\/redsemlac.com\/semmexico\/wp-content\/uploads\/2026\/05\/cuadro-1-.jpg.png\"><img loading=\"lazy\" decoding=\"async\" width=\"1024\" height=\"482\" src=\"https:\/\/redsemlac.com\/semmexico\/wp-content\/uploads\/2026\/05\/cuadro-1-.jpg-1024x482.png\" alt=\"\" class=\"wp-image-105373\" srcset=\"https:\/\/redsemlac.com\/semmexico\/wp-content\/uploads\/2026\/05\/cuadro-1-.jpg-1024x482.png 1024w, https:\/\/redsemlac.com\/semmexico\/wp-content\/uploads\/2026\/05\/cuadro-1-.jpg-300x141.png 300w, https:\/\/redsemlac.com\/semmexico\/wp-content\/uploads\/2026\/05\/cuadro-1-.jpg-768x361.png 768w, https:\/\/redsemlac.com\/semmexico\/wp-content\/uploads\/2026\/05\/cuadro-1-.jpg-150x71.png 150w, https:\/\/redsemlac.com\/semmexico\/wp-content\/uploads\/2026\/05\/cuadro-1-.jpg-696x328.png 696w, https:\/\/redsemlac.com\/semmexico\/wp-content\/uploads\/2026\/05\/cuadro-1-.jpg-1068x503.png 1068w, https:\/\/redsemlac.com\/semmexico\/wp-content\/uploads\/2026\/05\/cuadro-1-.jpg.png 1279w\" sizes=\"auto, (max-width: 1024px) 100vw, 1024px\" \/><\/a><\/figure>\n\n\n\n<p class=\"wp-block-paragraph\">Por su participaci\u00f3n en el mercado laboral y el uso del tiempo, en el cuarto trimestre de 2025, las tasas de participaci\u00f3n econ\u00f3mica m\u00e1s altas se ubicaron entre las madres de 35 a 39 a\u00f1os (61.8 %) y las de 40 a 44 a\u00f1os (61.4 %), mientras que las m\u00e1s bajas se observaron en las madres de 60 a\u00f1os y m\u00e1s y en las de 15 a 19 a\u00f1os (19.8\u2009% y 28.7, respectivamente).<\/p>\n\n\n\n<figure class=\"wp-block-image size-full\"><a href=\"https:\/\/redsemlac.com\/semmexico\/wp-content\/uploads\/2026\/05\/Grafica-4-.jpg.png\"><img loading=\"lazy\" decoding=\"async\" width=\"1048\" height=\"454\" src=\"https:\/\/redsemlac.com\/semmexico\/wp-content\/uploads\/2026\/05\/Grafica-4-.jpg.png\" alt=\"\" class=\"wp-image-105338\" srcset=\"https:\/\/redsemlac.com\/semmexico\/wp-content\/uploads\/2026\/05\/Grafica-4-.jpg.png 1048w, https:\/\/redsemlac.com\/semmexico\/wp-content\/uploads\/2026\/05\/Grafica-4-.jpg-300x130.png 300w, https:\/\/redsemlac.com\/semmexico\/wp-content\/uploads\/2026\/05\/Grafica-4-.jpg-1024x444.png 1024w, https:\/\/redsemlac.com\/semmexico\/wp-content\/uploads\/2026\/05\/Grafica-4-.jpg-768x333.png 768w, https:\/\/redsemlac.com\/semmexico\/wp-content\/uploads\/2026\/05\/Grafica-4-.jpg-150x65.png 150w, https:\/\/redsemlac.com\/semmexico\/wp-content\/uploads\/2026\/05\/Grafica-4-.jpg-696x302.png 696w\" sizes=\"auto, (max-width: 1048px) 100vw, 1048px\" \/><\/a><\/figure>\n\n\n\n<p class=\"wp-block-paragraph\">De las madres de 15 a\u00f1os y m\u00e1s ocupadas, 45.6 por ciento trabaj\u00f3 de 35 a 48 horas durante la semana. Le siguieron aquellas que laboraron de 15 a 34 horas (22.8\u2009%), las que lo hicieron por m\u00e1s de 48 horas (17.4\u2009%) y las que se ocuparon por menos de 15 horas (11.5 %) a la semana.<\/p>\n\n\n\n<figure class=\"wp-block-image size-full\"><a href=\"https:\/\/redsemlac.com\/semmexico\/wp-content\/uploads\/2026\/05\/grafica-5-.jpg.png\"><img loading=\"lazy\" decoding=\"async\" width=\"897\" height=\"669\" src=\"https:\/\/redsemlac.com\/semmexico\/wp-content\/uploads\/2026\/05\/grafica-5-.jpg.png\" alt=\"\" class=\"wp-image-105339\" srcset=\"https:\/\/redsemlac.com\/semmexico\/wp-content\/uploads\/2026\/05\/grafica-5-.jpg.png 897w, https:\/\/redsemlac.com\/semmexico\/wp-content\/uploads\/2026\/05\/grafica-5-.jpg-300x224.png 300w, https:\/\/redsemlac.com\/semmexico\/wp-content\/uploads\/2026\/05\/grafica-5-.jpg-768x573.png 768w, https:\/\/redsemlac.com\/semmexico\/wp-content\/uploads\/2026\/05\/grafica-5-.jpg-150x112.png 150w, https:\/\/redsemlac.com\/semmexico\/wp-content\/uploads\/2026\/05\/grafica-5-.jpg-696x519.png 696w\" sizes=\"auto, (max-width: 897px) 100vw, 897px\" \/><\/a><\/figure>\n\n\n\n<p class=\"wp-block-paragraph\">En cuanto a la actividad que m\u00e1s tiempo dedicaron las madres de 15 a\u00f1os y m\u00e1s fue la realizaci\u00f3n de quehaceres de su hogar, con un promedio de 20.5 horas semanales. Le siguieron la atenci\u00f3n o cuidado sin pago de manera exclusiva a ni\u00f1os, ancianos, personas enfermas o con discapacidad (17.3 horas) y el estudio o cursos de capacitaci\u00f3n (10.3 horas).&nbsp;<\/p>\n\n\n\n<p class=\"wp-block-paragraph\">Cabe destacar que las actividades a las que se le dedic\u00f3 menor tiempo fueron: realizar compras, llevar cuentas o realizar tr\u00e1mites para el hogar o encargarse de la seguridad (3.3 horas); llevar a alg\u00fan miembro del hogar a la escuela, cita m\u00e9dica u otra actividad (3.9 horas) y reparar o dar mantenimiento a su vivienda, muebles, aparatos electrodom\u00e9sticos o veh\u00edculos (4.4 horas).<\/p>\n\n\n\n<figure class=\"wp-block-image size-large\"><a href=\"https:\/\/redsemlac.com\/semmexico\/wp-content\/uploads\/2026\/05\/grafica-7-.jpg.png\"><img loading=\"lazy\" decoding=\"async\" width=\"1024\" height=\"588\" src=\"https:\/\/redsemlac.com\/semmexico\/wp-content\/uploads\/2026\/05\/grafica-7-.jpg-1024x588.png\" alt=\"\" class=\"wp-image-105341\" srcset=\"https:\/\/redsemlac.com\/semmexico\/wp-content\/uploads\/2026\/05\/grafica-7-.jpg-1024x588.png 1024w, https:\/\/redsemlac.com\/semmexico\/wp-content\/uploads\/2026\/05\/grafica-7-.jpg-300x172.png 300w, https:\/\/redsemlac.com\/semmexico\/wp-content\/uploads\/2026\/05\/grafica-7-.jpg-768x441.png 768w, https:\/\/redsemlac.com\/semmexico\/wp-content\/uploads\/2026\/05\/grafica-7-.jpg-150x86.png 150w, https:\/\/redsemlac.com\/semmexico\/wp-content\/uploads\/2026\/05\/grafica-7-.jpg-696x400.png 696w, https:\/\/redsemlac.com\/semmexico\/wp-content\/uploads\/2026\/05\/grafica-7-.jpg-1068x613.png 1068w, https:\/\/redsemlac.com\/semmexico\/wp-content\/uploads\/2026\/05\/grafica-7-.jpg.png 1214w\" sizes=\"auto, (max-width: 1024px) 100vw, 1024px\" \/><\/a><\/figure>\n\n\n\n<p class=\"wp-block-paragraph\">SEM\/sj<\/p>\n\n\n\n<p class=\"wp-block-paragraph\"><\/p>\n","protected":false},"excerpt":{"rendered":"<p>Redacci\u00f3n SemM\u00e9xico, Aguascalientes, 8 de mayo, 2026.- Al cuarto trimestre de 2025, resid\u00edan en M\u00e9xico 54.9 millones de mujeres de 15 a\u00f1os y m\u00e1s; 71.5 por ciento de ellas hab\u00eda tenido al menos una hija o hijo nacido vivo a lo largo de su vida, se\u00f1ala el Instituto Nacional de Estad\u00edstica y Geograf\u00eda (INEGI), con [&hellip;]<\/p>\n","protected":false},"author":3,"featured_media":105342,"comment_status":"open","ping_status":"open","sticky":false,"template":"","format":"standard","meta":{"_monsterinsights_skip_tracking":false,"footnotes":""},"categories":[694],"tags":[],"class_list":["post-105334","post","type-post","status-publish","format-standard","has-post-thumbnail","category-destacadas"],"_links":{"self":[{"href":"https:\/\/redsemlac.com\/semmexico\/wp-json\/wp\/v2\/posts\/105334","targetHints":{"allow":["GET"]}}],"collection":[{"href":"https:\/\/redsemlac.com\/semmexico\/wp-json\/wp\/v2\/posts"}],"about":[{"href":"https:\/\/redsemlac.com\/semmexico\/wp-json\/wp\/v2\/types\/post"}],"author":[{"embeddable":true,"href":"https:\/\/redsemlac.com\/semmexico\/wp-json\/wp\/v2\/users\/3"}],"replies":[{"embeddable":true,"href":"https:\/\/redsemlac.com\/semmexico\/wp-json\/wp\/v2\/comments?post=105334"}],"version-history":[{"count":0,"href":"https:\/\/redsemlac.com\/semmexico\/wp-json\/wp\/v2\/posts\/105334\/revisions"}],"wp:featuredmedia":[{"embeddable":true,"href":"https:\/\/redsemlac.com\/semmexico\/wp-json\/wp\/v2\/media\/105342"}],"wp:attachment":[{"href":"https:\/\/redsemlac.com\/semmexico\/wp-json\/wp\/v2\/media?parent=105334"}],"wp:term":[{"taxonomy":"category","embeddable":true,"href":"https:\/\/redsemlac.com\/semmexico\/wp-json\/wp\/v2\/categories?post=105334"},{"taxonomy":"post_tag","embeddable":true,"href":"https:\/\/redsemlac.com\/semmexico\/wp-json\/wp\/v2\/tags?post=105334"}],"curies":[{"name":"wp","href":"https:\/\/api.w.org\/{rel}","templated":true}]}}