{"id":105271,"date":"2026-05-08T10:21:16","date_gmt":"2026-05-08T16:21:16","guid":{"rendered":"https:\/\/redsemlac.com\/semmexico\/?p=105271"},"modified":"2026-05-08T10:21:17","modified_gmt":"2026-05-08T16:21:17","slug":"uv-alojo-presentacion-de-la-campana-nuestras-voces-cuentan","status":"publish","type":"post","link":"https:\/\/redsemlac.com\/semmexico\/uv-alojo-presentacion-de-la-campana-nuestras-voces-cuentan\/","title":{"rendered":"UV aloj\u00f3 presentaci\u00f3n de la campa\u00f1a \u201cNuestras\u00a0voces\u00a0cuentan\u201d\u00a0"},"content":{"rendered":"\n<p class=\"wp-block-paragraph\">Autoridades y especialistas analizaron c\u00e1psulas sobre participaci\u00f3n pol\u00edtica de las mujeres de la campa\u00f1a \u201cNuestras voces cuentan\u201d<\/p>\n\n\n\n<p class=\"wp-block-paragraph\">Tiene el prop\u00f3sito de promover los derechos pol\u00edtico-electorales de mujeres ind\u00edgenas y afromexicanas, as\u00ed como visibilizar y contribuir a la prevenci\u00f3n de la violencia de g\u00e9nero en el \u00e1mbito&nbsp;pol\u00edtico&nbsp;<\/p>\n\n\n\n<p class=\"wp-block-paragraph\">David Sandoval Rodr\u00edguez&nbsp;\/Fotos: Luis Fernando Fern\u00e1ndez&nbsp;<\/p>\n\n\n\n<p class=\"wp-block-paragraph\">SemM\u00e9xico\/Universidad Veracruzana, Xalapa,&nbsp;Ver., 8 de mayo, 2026<em>.- <\/em>&nbsp;Por invitaci\u00f3n de la Coordinaci\u00f3n del Centro de Estudios de G\u00e9nero (CEGUV)&nbsp;de la Universidad Veracruzana (UV),&nbsp;el Servicio Profesional Electoral Nacional (SPEN) y el Organismo P\u00fablico Local Electoral del Estado de Veracruz (OPLE) participaron en la presentaci\u00f3n de tres c\u00e1psulas radiales de la campa\u00f1a \u201cNuestras&nbsp;voces&nbsp;cuentan\u201d, generando un espacio de an\u00e1lisis sobre la participaci\u00f3n pol\u00edtica de las mujeres y la prevenci\u00f3n de la violencia pol\u00edtica&nbsp;en raz\u00f3n de&nbsp;g\u00e9nero.&nbsp;<\/p>\n\n\n\n<p class=\"wp-block-paragraph\">Durante el encuentro celebrado en el&nbsp;Sal\u00f3n Blanco de la Unidad de Humanidades&nbsp;se destac\u00f3 que&nbsp;esta campa\u00f1a, impulsada desde 2021, tiene como prop\u00f3sito promover los derechos pol\u00edtico-electorales de mujeres ind\u00edgenas y afromexicanas, as\u00ed como visibilizar y contribuir a la prevenci\u00f3n de la violencia de g\u00e9nero en el \u00e1mbito pol\u00edtico.&nbsp;<\/p>\n\n\n\n<p class=\"wp-block-paragraph\">Su construcci\u00f3n, desde una perspectiva intercultural e interseccional, reconoce que las experiencias de las mujeres est\u00e1n atravesadas por factores como el origen \u00e9tnico, la lengua, el territorio y las desigualdades hist\u00f3ricas.&nbsp;<\/p>\n\n\n\n<figure class=\"wp-block-image size-full\"><a href=\"https:\/\/redsemlac.com\/semmexico\/wp-content\/uploads\/2026\/05\/uv-alojo-02.jpg\"><img loading=\"lazy\" decoding=\"async\" width=\"722\" height=\"482\" src=\"https:\/\/redsemlac.com\/semmexico\/wp-content\/uploads\/2026\/05\/uv-alojo-02.jpg\" alt=\"\" class=\"wp-image-105273\" srcset=\"https:\/\/redsemlac.com\/semmexico\/wp-content\/uploads\/2026\/05\/uv-alojo-02.jpg 722w, https:\/\/redsemlac.com\/semmexico\/wp-content\/uploads\/2026\/05\/uv-alojo-02-300x200.jpg 300w, https:\/\/redsemlac.com\/semmexico\/wp-content\/uploads\/2026\/05\/uv-alojo-02-150x100.jpg 150w, https:\/\/redsemlac.com\/semmexico\/wp-content\/uploads\/2026\/05\/uv-alojo-02-696x465.jpg 696w\" sizes=\"auto, (max-width: 722px) 100vw, 722px\" \/><\/a><\/figure>\n\n\n\n<p class=\"wp-block-paragraph\">Luz del Carmen Jim\u00e9nez, responsable del CEGUV, destac\u00f3 el papel hist\u00f3rico del feminismo y su evoluci\u00f3n hacia visiones m\u00e1s inclusivas<\/p>\n\n\n\n<p class=\"wp-block-paragraph\">Las c\u00e1psulas&nbsp;\u201cYuya\u201d, \u201cYolotzin\u201d y \u201cMaricruz\u201d&nbsp;recuperan testimonios y narrativas que permiten identificar pr\u00e1cticas de exclusi\u00f3n, violencia y limitaciones al ejercicio de derechos, as\u00ed como rutas para su atenci\u00f3n y denuncia.&nbsp;<\/p>\n\n\n\n<p class=\"wp-block-paragraph\">Su difusi\u00f3n a trav\u00e9s de radios comunitarias fortalece el alcance en contextos donde estos medios contin\u00faan siendo fundamentales para la comunicaci\u00f3n social.&nbsp;<\/p>\n\n\n\n<p class=\"wp-block-paragraph\">En este&nbsp;sentido, Luz del Carmen Jim\u00e9nez Portilla, titular del CEGUV,&nbsp;subray\u00f3 que estas producciones son resultado de&nbsp;una larga trayectoria de luchas&nbsp;feministas.&nbsp;Desde sus or\u00edgenes, plante\u00f3,&nbsp;el feminismo ha cuestionado las estructuras que excluyen a las mujeres, evolucionando hacia enfoques que incorporan la interseccionalidad.&nbsp;<\/p>\n\n\n\n<p class=\"wp-block-paragraph\">Agreg\u00f3&nbsp;que las c\u00e1psulas colocan en el centro a mujeres ind\u00edgenas y afrodescendientes, cuyas experiencias evidencian c\u00f3mo la violencia pol\u00edtica en raz\u00f3n de&nbsp;g\u00e9nero opera como un mecanismo de control frente a quienes desaf\u00edan los roles tradicionales.&nbsp;<\/p>\n\n\n\n<figure class=\"wp-block-image size-full\"><a href=\"https:\/\/redsemlac.com\/semmexico\/wp-content\/uploads\/2026\/05\/uv-alojo-03.jpg\"><img loading=\"lazy\" decoding=\"async\" width=\"722\" height=\"482\" src=\"https:\/\/redsemlac.com\/semmexico\/wp-content\/uploads\/2026\/05\/uv-alojo-03.jpg\" alt=\"\" class=\"wp-image-105274\" srcset=\"https:\/\/redsemlac.com\/semmexico\/wp-content\/uploads\/2026\/05\/uv-alojo-03.jpg 722w, https:\/\/redsemlac.com\/semmexico\/wp-content\/uploads\/2026\/05\/uv-alojo-03-300x200.jpg 300w, https:\/\/redsemlac.com\/semmexico\/wp-content\/uploads\/2026\/05\/uv-alojo-03-150x100.jpg 150w, https:\/\/redsemlac.com\/semmexico\/wp-content\/uploads\/2026\/05\/uv-alojo-03-696x465.jpg 696w\" sizes=\"auto, (max-width: 722px) 100vw, 722px\" \/><\/a><\/figure>\n\n\n\n<p class=\"wp-block-paragraph\">Zaira del Toro Olivares, titular del\u00a0IVM, record\u00f3 que acciones como\u00a0esta campa\u00f1a promueve entornos libres de violencia pol\u00edtica<\/p>\n\n\n\n<p class=\"wp-block-paragraph\">Por su parte, Zaira Fabiola del Toro Olivares, titular del Instituto Veracruzano de las Mujeres (IVM),&nbsp;enfatiz\u00f3 la responsabilidad institucional de garantizar que los derechos de las&nbsp;f\u00e9minas&nbsp;se materialicen en todos los niveles.&nbsp;<\/p>\n\n\n\n<p class=\"wp-block-paragraph\">\u201cLa articulaci\u00f3n entre academia, gobierno y sociedad civil es clave para llevar informaci\u00f3n y herramientas a las comunidades, especialmente mediante medios accesibles como la radio\u201d.&nbsp;<\/p>\n\n\n\n<p class=\"wp-block-paragraph\">Asimismo, subray\u00f3 la necesidad de fortalecer la prevenci\u00f3n, atenci\u00f3n y sanci\u00f3n de la violencia pol\u00edtica, as\u00ed como de impulsar pol\u00edticas p\u00fablicas con enfoque intercultural.&nbsp;<\/p>\n\n\n\n<p class=\"wp-block-paragraph\">En su intervenci\u00f3n, Grisel Ortega M\u00e9ndez, alumna y representante de G\u00e9nero del Instituto de Investigaciones Hist\u00f3rico-Sociales (IIH-S), habl\u00f3&nbsp;sobre la violencia como un fen\u00f3meno estructural vinculado a las disputas de poder.&nbsp;<\/p>\n\n\n\n<figure class=\"wp-block-image size-full\"><a href=\"https:\/\/redsemlac.com\/semmexico\/wp-content\/uploads\/2026\/05\/uv-alojo-04.jpg\"><img loading=\"lazy\" decoding=\"async\" width=\"722\" height=\"482\" src=\"https:\/\/redsemlac.com\/semmexico\/wp-content\/uploads\/2026\/05\/uv-alojo-04.jpg\" alt=\"\" class=\"wp-image-105275\" srcset=\"https:\/\/redsemlac.com\/semmexico\/wp-content\/uploads\/2026\/05\/uv-alojo-04.jpg 722w, https:\/\/redsemlac.com\/semmexico\/wp-content\/uploads\/2026\/05\/uv-alojo-04-300x200.jpg 300w, https:\/\/redsemlac.com\/semmexico\/wp-content\/uploads\/2026\/05\/uv-alojo-04-150x100.jpg 150w, https:\/\/redsemlac.com\/semmexico\/wp-content\/uploads\/2026\/05\/uv-alojo-04-696x465.jpg 696w\" sizes=\"auto, (max-width: 722px) 100vw, 722px\" \/><\/a><\/figure>\n\n\n\n<p class=\"wp-block-paragraph\">Grisel Ortega, alumna del IIH-S, dijo que se busca\u00a0garantizar los derechos pol\u00edtico-electorales de las mujeres y combatir la violencia de g\u00e9nero<\/p>\n\n\n\n<p class=\"wp-block-paragraph\">&nbsp;Indic\u00f3 que, hist\u00f3ricamente, la participaci\u00f3n de las mujeres en la vida p\u00fablica ha estado acompa\u00f1ada de mecanismos de control y justificaci\u00f3n de la violencia, lo que obliga a analizar cr\u00edticamente estas pr\u00e1cticas para no normalizarlas.&nbsp;<\/p>\n\n\n\n<p class=\"wp-block-paragraph\">Finalmente, Marisol Alicia Delgadillo Morales, consejera&nbsp;presidenta&nbsp;electoral del OPLE,&nbsp;destac\u00f3 los avances en materia de paridad y participaci\u00f3n pol\u00edtica de las mujeres, as\u00ed como los mecanismos institucionales para atender la violencia pol\u00edtica en raz\u00f3n de&nbsp;g\u00e9nero.&nbsp;<\/p>\n\n\n\n<p class=\"wp-block-paragraph\">Explic\u00f3 que, a trav\u00e9s de los procedimientos sancionadores impulsados por las autoridades electorales, se busca garantizar el acceso efectivo de las mujeres a sus derechos pol\u00edticos.&nbsp;<\/p>\n\n\n\n<p class=\"wp-block-paragraph\">El encuentro concluy\u00f3 con el llamado a fortalecer el di\u00e1logo entre instituciones y sociedad para construir entornos democr\u00e1ticos m\u00e1s&nbsp;igualitarios, incluyentes y libres de violencia, donde las voces de todas las mujeres sean escuchadas.<\/p>\n\n\n\n<figure class=\"wp-block-image size-full\"><a href=\"https:\/\/redsemlac.com\/semmexico\/wp-content\/uploads\/2026\/05\/uv-alojo-05.jpg\"><img loading=\"lazy\" decoding=\"async\" width=\"722\" height=\"482\" src=\"https:\/\/redsemlac.com\/semmexico\/wp-content\/uploads\/2026\/05\/uv-alojo-05.jpg\" alt=\"\" class=\"wp-image-105276\" srcset=\"https:\/\/redsemlac.com\/semmexico\/wp-content\/uploads\/2026\/05\/uv-alojo-05.jpg 722w, https:\/\/redsemlac.com\/semmexico\/wp-content\/uploads\/2026\/05\/uv-alojo-05-300x200.jpg 300w, https:\/\/redsemlac.com\/semmexico\/wp-content\/uploads\/2026\/05\/uv-alojo-05-150x100.jpg 150w, https:\/\/redsemlac.com\/semmexico\/wp-content\/uploads\/2026\/05\/uv-alojo-05-696x465.jpg 696w\" sizes=\"auto, (max-width: 722px) 100vw, 722px\" \/><\/a><\/figure>\n\n\n\n<p class=\"wp-block-paragraph\">Marisol Delgadillo, consejera del OPLE, mencion\u00f3 que las instituciones impulsan estrategias de prevenci\u00f3n y atenci\u00f3n a las mujeres,\u00a0con el fin de\u00a0alcanzar contextos con mayor\u00a0vulnerabilidad<\/p>\n\n\n\n<p class=\"wp-block-paragraph\">\u00a9 2026 Universidad Veracruzana. Todos los derechos reservados.<a href=\"https:\/\/www.uv.mx\/\">www.uv.mx<\/a><br>REDES SOCIALES:&nbsp;<\/p>\n\n\n\n<p class=\"wp-block-paragraph\"><\/p>\n","protected":false},"excerpt":{"rendered":"<p>Autoridades y especialistas analizaron c\u00e1psulas sobre participaci\u00f3n pol\u00edtica de las mujeres de la campa\u00f1a \u201cNuestras voces cuentan\u201d Tiene el prop\u00f3sito de promover los derechos pol\u00edtico-electorales de mujeres ind\u00edgenas y afromexicanas, as\u00ed como visibilizar y contribuir a la prevenci\u00f3n de la violencia de g\u00e9nero en el \u00e1mbito&nbsp;pol\u00edtico&nbsp; David Sandoval Rodr\u00edguez&nbsp;\/Fotos: Luis Fernando Fern\u00e1ndez&nbsp; SemM\u00e9xico\/Universidad Veracruzana, Xalapa,&nbsp;Ver., [&hellip;]<\/p>\n","protected":false},"author":3,"featured_media":105272,"comment_status":"open","ping_status":"open","sticky":false,"template":"","format":"standard","meta":{"_monsterinsights_skip_tracking":false,"footnotes":""},"categories":[682],"tags":[],"class_list":["post-105271","post","type-post","status-publish","format-standard","has-post-thumbnail","category-noticias"],"_links":{"self":[{"href":"https:\/\/redsemlac.com\/semmexico\/wp-json\/wp\/v2\/posts\/105271","targetHints":{"allow":["GET"]}}],"collection":[{"href":"https:\/\/redsemlac.com\/semmexico\/wp-json\/wp\/v2\/posts"}],"about":[{"href":"https:\/\/redsemlac.com\/semmexico\/wp-json\/wp\/v2\/types\/post"}],"author":[{"embeddable":true,"href":"https:\/\/redsemlac.com\/semmexico\/wp-json\/wp\/v2\/users\/3"}],"replies":[{"embeddable":true,"href":"https:\/\/redsemlac.com\/semmexico\/wp-json\/wp\/v2\/comments?post=105271"}],"version-history":[{"count":0,"href":"https:\/\/redsemlac.com\/semmexico\/wp-json\/wp\/v2\/posts\/105271\/revisions"}],"wp:featuredmedia":[{"embeddable":true,"href":"https:\/\/redsemlac.com\/semmexico\/wp-json\/wp\/v2\/media\/105272"}],"wp:attachment":[{"href":"https:\/\/redsemlac.com\/semmexico\/wp-json\/wp\/v2\/media?parent=105271"}],"wp:term":[{"taxonomy":"category","embeddable":true,"href":"https:\/\/redsemlac.com\/semmexico\/wp-json\/wp\/v2\/categories?post=105271"},{"taxonomy":"post_tag","embeddable":true,"href":"https:\/\/redsemlac.com\/semmexico\/wp-json\/wp\/v2\/tags?post=105271"}],"curies":[{"name":"wp","href":"https:\/\/api.w.org\/{rel}","templated":true}]}}