{"id":105161,"date":"2026-05-04T18:24:59","date_gmt":"2026-05-05T00:24:59","guid":{"rendered":"https:\/\/redsemlac.com\/semmexico\/?p=105161"},"modified":"2026-05-04T18:25:00","modified_gmt":"2026-05-05T00:25:00","slug":"la-opinion-en-el-ine-de-taddei-la-paridad-no-existe","status":"publish","type":"post","link":"https:\/\/redsemlac.com\/semmexico\/la-opinion-en-el-ine-de-taddei-la-paridad-no-existe\/","title":{"rendered":"La opinion| En el INE de Taddei la paridad no existe"},"content":{"rendered":"\n<p class=\"wp-block-paragraph\">Ang\u00e9lica de la Pe\u00f1a<\/p>\n\n\n\n<p class=\"wp-block-paragraph\">SemM\u00e9xico, Ciudad de M\u00e9xico, 4 de abril, 2026.- Qu\u00e9 pasa cuando la Instituci\u00f3n que debe asegurar el cumplimiento de la ley decide no respetarla. Con qu\u00e9 autoridad puede garantizar se respete y cumplan los&nbsp;<strong>preceptos constitucionales<\/strong>&nbsp;que obligan a la&nbsp;<strong>paridad en todo<\/strong>, si cuando debe integrar de manera paritaria sus \u00f3rganos internos, decide no hacerlo.&nbsp;&nbsp;<\/p>\n\n\n\n<p class=\"wp-block-paragraph\">Viene al caso por el nombramiento de&nbsp;<strong>ocho funcionarios y 1 funcionaria<\/strong>; de 9,&nbsp;<strong>s\u00f3lo una es mujer<\/strong>. \u00bfCu\u00e1l es el&nbsp;<strong>argumento<\/strong>&nbsp;de que&nbsp;<strong>Taddei<\/strong>&nbsp;haya propuesto esta integraci\u00f3n? Las respuestas son tan sencillas, como preocupantes: con este hecho se&nbsp;<strong>anticipa no habr\u00e1 certeza<\/strong>&nbsp;de que se asegurar\u00e1 una&nbsp;<strong>elecci\u00f3n<\/strong>&nbsp;inscrita en la garant\u00eda de la&nbsp;<strong>igualdad entre mujeres y hombres<\/strong>, si desde el funcionariado no se cumple en su integraci\u00f3n, que debe ser paritaria.&nbsp;<\/p>\n\n\n\n<p class=\"wp-block-paragraph\">Esta decisi\u00f3n discrecional de la presidenta del&nbsp;<strong>INE<\/strong>&nbsp;ha sido evidenciada por la&nbsp;<strong>Red Mujeres en Plural<\/strong>. Estas designaciones hoy est\u00e1n siendo&nbsp;<strong>impugnadas<\/strong>&nbsp;por esta<strong>&nbsp;Colectiva de Mujeres&nbsp;<\/strong>con 16 a\u00f1os de vida y que siempre ha estado atenta a que se avance en la igualdad sustantiva y no se emprendan retrocesos a lo ganado.<\/p>\n\n\n\n<p class=\"wp-block-paragraph\">La argumentaci\u00f3n del&nbsp;<strong>Juicio General y\/o Juicio para la Protecci\u00f3n de los Derechos Pol\u00edticos-Electorales de la Ciudadan\u00eda&nbsp;<\/strong>que&nbsp;<strong>Mujeres en Plural&nbsp;<\/strong>ha emprendido ante la&nbsp;<strong>Sala Superior del Tribunal Electoral del Poder Judicial de la Federaci\u00f3n<\/strong>, est\u00e1 debidamente fundada: los nombramientos aprobados por el Consejo General del INE,&nbsp;<strong>violentan<\/strong>&nbsp;los art\u00edculos 1, 4&nbsp; y 41 de la&nbsp;<strong>Constituci\u00f3n Pol\u00edtica de los Estados Unidos Mexicanos<\/strong>; los art\u00edculos: 3, numeral 1, inciso de bis; 30, numeral 1, inciso H; 30, numeral 2; 35, numeral 1, y dem\u00e1s relativos de la<strong>&nbsp;Ley General de Instituciones y Procedimientos Electorales<\/strong>; as\u00ed como las obligaciones vinculantes de&nbsp;<strong>Tratados como la CEDAW<\/strong>, la&nbsp;<strong>Convenci\u00f3n Americana sobre Derechos Humanos<\/strong>, el&nbsp;<strong>Pacto Internacional de Derechos Civiles y Pol\u00edticos<\/strong>, la&nbsp;<strong>Convenci\u00f3n son Derechos Pol\u00edticos de la Mujer<\/strong>&nbsp;y la&nbsp;<strong>Convenci\u00f3n Bel\u00e9m do Par\u00e1<\/strong>.<\/p>\n\n\n\n<p class=\"wp-block-paragraph\">Mujeres en Plural tiene por objeto promover el reconocimiento pleno de la&nbsp;<strong>igualdad sustantiva<\/strong>, la&nbsp;<strong>paridad de g\u00e9nero&nbsp;<\/strong>y el trato igualitario en el&nbsp;<strong>acceso a los espacios p\u00fablicos<\/strong>. En su exposici\u00f3n se\u00f1alan que la afectaci\u00f3n que se reclama no es individual, ni se limita a la expectativa personal de ocupar uno de los cargos en cuesti\u00f3n. Se trata de \u201cuna afectaci\u00f3n correctiva y estructural al derecho de las mujeres a que los \u00f3rganos del Estado y particularmente el INE se integre y act\u00fae conforme al mandato constitucional de paridad de g\u00e9nero. La&nbsp;<strong>violaci\u00f3n de las normas&nbsp;<\/strong>que protegen la paridad impacta directamente a las mujeres como grupo hist\u00f3ricamente excluido de los espacios de decisi\u00f3n p\u00fablica\u201d.<\/p>\n\n\n\n<p class=\"wp-block-paragraph\">Esta organizaci\u00f3n civil enfatiza que resulta contradictorio que el INE como organismo del Estado, \u201cque tiene como mandato, elaborar programas, campa\u00f1as sobre paridad de g\u00e9nero y derechos de mujeres, as\u00ed como articular una pol\u00edtica nacional orientada a la igualdad pol\u00edtica, no observ\u00e9 la paridad en la designaci\u00f3n de las personas titulares, de sus propias direcciones ejecutivas, unidades t\u00e9cnicas y coordinaciones\u201d.<\/p>\n\n\n\n<p class=\"wp-block-paragraph\">El incumplimiento resulta especialmente<strong>&nbsp;grave<\/strong>&nbsp;porque el<strong>&nbsp;INE<\/strong>&nbsp;es la autoridad nacional encargada de organizar y calificar las elecciones. Una se\u00f1al preocupante contra la&nbsp;<strong>democracia efectiva<\/strong>&nbsp;es que el arbitro electoral no cumpla para si, con la ley: es el camino hacia una democracia hueca. La verdad es un riesgo que la elecci\u00f3n del 27 est\u00e9 en estas manos.<\/p>\n\n\n\n<ul class=\"wp-block-list\">\n<li>Defensora de derechos humanos<\/li>\n<\/ul>\n\n\n\n<p class=\"wp-block-paragraph\"><\/p>\n","protected":false},"excerpt":{"rendered":"<p>Ang\u00e9lica de la Pe\u00f1a SemM\u00e9xico, Ciudad de M\u00e9xico, 4 de abril, 2026.- Qu\u00e9 pasa cuando la Instituci\u00f3n que debe asegurar el cumplimiento de la ley decide no respetarla. Con qu\u00e9 autoridad puede garantizar se respete y cumplan los&nbsp;preceptos constitucionales&nbsp;que obligan a la&nbsp;paridad en todo, si cuando debe integrar de manera paritaria sus \u00f3rganos internos, decide [&hellip;]<\/p>\n","protected":false},"author":3,"featured_media":86539,"comment_status":"open","ping_status":"open","sticky":false,"template":"","format":"standard","meta":{"_monsterinsights_skip_tracking":false,"footnotes":""},"categories":[725,110,35],"tags":[],"class_list":["post-105161","post","type-post","status-publish","format-standard","has-post-thumbnail","category-angelica-de-la-pena","category-la-opinion-columnas","category-opinion"],"_links":{"self":[{"href":"https:\/\/redsemlac.com\/semmexico\/wp-json\/wp\/v2\/posts\/105161","targetHints":{"allow":["GET"]}}],"collection":[{"href":"https:\/\/redsemlac.com\/semmexico\/wp-json\/wp\/v2\/posts"}],"about":[{"href":"https:\/\/redsemlac.com\/semmexico\/wp-json\/wp\/v2\/types\/post"}],"author":[{"embeddable":true,"href":"https:\/\/redsemlac.com\/semmexico\/wp-json\/wp\/v2\/users\/3"}],"replies":[{"embeddable":true,"href":"https:\/\/redsemlac.com\/semmexico\/wp-json\/wp\/v2\/comments?post=105161"}],"version-history":[{"count":0,"href":"https:\/\/redsemlac.com\/semmexico\/wp-json\/wp\/v2\/posts\/105161\/revisions"}],"wp:featuredmedia":[{"embeddable":true,"href":"https:\/\/redsemlac.com\/semmexico\/wp-json\/wp\/v2\/media\/86539"}],"wp:attachment":[{"href":"https:\/\/redsemlac.com\/semmexico\/wp-json\/wp\/v2\/media?parent=105161"}],"wp:term":[{"taxonomy":"category","embeddable":true,"href":"https:\/\/redsemlac.com\/semmexico\/wp-json\/wp\/v2\/categories?post=105161"},{"taxonomy":"post_tag","embeddable":true,"href":"https:\/\/redsemlac.com\/semmexico\/wp-json\/wp\/v2\/tags?post=105161"}],"curies":[{"name":"wp","href":"https:\/\/api.w.org\/{rel}","templated":true}]}}