{"id":105060,"date":"2026-04-29T11:32:59","date_gmt":"2026-04-29T17:32:59","guid":{"rendered":"https:\/\/redsemlac.com\/semmexico\/?p=105060"},"modified":"2026-04-29T11:33:00","modified_gmt":"2026-04-29T17:33:00","slug":"bellas-y-airosas-los-ninos-de-mi-vida","status":"publish","type":"post","link":"https:\/\/redsemlac.com\/semmexico\/bellas-y-airosas-los-ninos-de-mi-vida\/","title":{"rendered":"Bellas y Airosas\u00a0| Los ni\u00f1os de mi vida"},"content":{"rendered":"\n<p class=\"wp-block-paragraph\">Elvira Hern\u00e1ndez Carballido<\/p>\n\n\n\n<p class=\"wp-block-paragraph\">SemM\u00e9xico, Pachuca, Hidalgo, 29 de abril, 2026.- \u00bfPrivilegiada? \u00bfCaso \u00fanico? \u00bfSuerte? No s\u00e9, pero cuando fui una ni\u00f1a supe convivir con gran complicidad con los ni\u00f1os, esos peque\u00f1os machines, herederos del patriarcado, con quienes disfrut\u00e9 mi infancia, ali\u00e1ndome cuando se pod\u00eda, alej\u00e1ndolos si se portaban groseros, defendi\u00e9ndome si era necesario, pero casi siempre conviviendo para querernos, respetarnos y avanzar hacia una infancia feliz e inolvidable.&nbsp;<\/p>\n\n\n\n<p class=\"wp-block-paragraph\">Cada 30 de abril la nostalgia, las evocaciones y los buenos recuerdos llegan a mi mente, logro palpar a la ni\u00f1a Elvira que tuvo la bendici\u00f3n de vivir una linda ni\u00f1ez, sin violencia, sin agresiones, solamente con juegos, algunos retos y mil formas de encontrar la manera de no ver a esos ni\u00f1os como algo peligroso o feo en mi vida.&nbsp;<\/p>\n\n\n\n<p class=\"wp-block-paragraph\">Mi primer d\u00eda en el k\u00ednder fue el descubrimiento de esos escuincles, a veces benditos, otras ef\u00edmeros en esa \u00e9poca. El primer d\u00eda de clases la profesora nos fue acomodando en unas sillitas conforme \u00edbamos llegando. Ella sali\u00f3 un rato, momento que un chiquillo aprovech\u00f3 para quitarme una gorrita roja tejida que luc\u00eda coqueta en mi cabeza. Se la avent\u00f3 a otro ni\u00f1o y \u00e9ste a otro. Al aire la atrap\u00e9, sacud\u00ed de las solapas al que ya no pudo cacharlo, muy bajito le dije: Es mi gorro. Soberbia la acomod\u00e9 nuevamente y me cruc\u00e9 de brazos con el gesto m\u00e1s d\u00e9spota que pude fingir. Jam\u00e1s volvieron a molestarme. Al poco tiempo, varios de ellos se hicieron mis amigos y uno hasta fue mi novio. Bail\u00e9 con ellos en cada festival de la madre y recuerdo su cara de preocupaci\u00f3n cuando me desmay\u00e9 en la ceremonia de los lunes que se hac\u00edan honores a la bandera.&nbsp;<\/p>\n\n\n\n<p class=\"wp-block-paragraph\">Al entrar a la primaria, curs\u00e9 cuatro a\u00f1os en una escuela de ni\u00f1as. \u00bfFue el para\u00edso? No. Si bien tuve maravillosas amigas, recuerdo tambi\u00e9n a las que trataban de hacerme quedar mal con la profesora o trataban de ponerme apodos vergonzosos. La convivencia dif\u00edcil con quienes no fui de su agrado, aunque fueron m\u00e1s los d\u00edas inolvidables jugando a la hora del recreo, estudiando con gran dedicaci\u00f3n y comiendo en la casa de mis compa\u00f1eras m\u00e1s queridas.&nbsp;<\/p>\n\n\n\n<p class=\"wp-block-paragraph\">En quinto de primaria regres\u00e9 a una escuela de ni\u00f1as y ni\u00f1os. Ah\u00ed estaban ellos otra vez. \u00bfNos quer\u00edan ver los calzones al subir las escaleras hacia nuestro sal\u00f3n? Acordamos todas usar short debajo de nuestra falda y le propusimos a la profesora llevar pants en la clase de deportes. \u00bfLlevaban una rata blanca para ponerla en nuestro hombro y re\u00edrse al escuchar nuestros gritos? Tom\u00e9 al pobre animalito en mi mano y amenac\u00e9 con lanzarlo por la ventana, ahora fueron ellos los que gritaron. Jam\u00e1s volvieron a molestarnos de esa manera. Nada de repetir esa broma. \u00bfQui\u00e9n corre m\u00e1s r\u00e1pido, quien juega mejor futbol, qui\u00e9n brinca m\u00e1s alto? Pod\u00eda ser yo, pod\u00eda ser Enrique, tal vez Ver\u00f3nica o Lupe la Ultramana, que era fuerte y aguerrida. Ninguno se pon\u00eda loco por perder contra una ni\u00f1a, ninguna nos sentimos menos por un partido de basquetbol perdido contra ellos. Me ca\u00ed en una carrera contra Manuel, \u00e9l olvid\u00f3 la meta y se regres\u00f3 para checar que estuviera bien. Me pateaban por igual al jugar futbol, pero yo tambi\u00e9n aprend\u00ed a meter el codo.&nbsp;<\/p>\n\n\n\n<p class=\"wp-block-paragraph\">En casa ning\u00fan primo abusivo, m\u00e1s bien aliados y divertidos. A veces tomando el rol de protectores y cuidaban que nadie nos molestara, nos acompa\u00f1aban si \u00edbamos a la tienda, pod\u00edan invitarnos a jugar futbol americano y nosotras a hacer la comidita.&nbsp;<\/p>\n\n\n\n<p class=\"wp-block-paragraph\">Jam\u00e1s un t\u00edo intent\u00f3 nada contra mis hermanas ni contra m\u00ed, y esos que varios vivieron en la casa por la generosidad de mi madre. M\u00e1s bien compartieron con nosotras sus gustos musicales, sus libros y algunos paseos por museos o lugares de bellos paisajes como Chapultepec o Xochimilco.&nbsp;<\/p>\n\n\n\n<p class=\"wp-block-paragraph\">Fui una ni\u00f1a feliz, muchos ni\u00f1os fueron mis grandes amigos y a quienes se atrevieron a molestarme supe a tiempo defenderme para alejarlos o forzar que me respetaran. Me enamor\u00e9 de algunos y fueron unos novios dulces, tiernos e ingenuos. No olvido a mi primo Quique que fue mi c\u00f3mplice travesuras y juegos locos. El mes pasado, en el velorio de mi mam\u00e1, me reencontr\u00e9 con mi primo Rolando, qu\u00e9 hermoso abrazo nos dimos, recordamos esos d\u00edas de juegos y aventuras. Mi t\u00edo Ren\u00e9 vive en mi coraz\u00f3n, escucho su voz recomend\u00e1ndome una pieza de Mozart o leyendo un poema de Salvador Novo. Mi pap\u00e1 siempre ha sido mi aliado eterno.&nbsp;<\/p>\n\n\n\n<p class=\"wp-block-paragraph\">Sin duda, cada 30 de abril me hace recordar una infancia feliz, donde los ni\u00f1os no fueron monstruos o machitos en potencia, al parecer con quienes conviv\u00ed fueron educados para respetar a las ni\u00f1as o nosotras supimos reaccionar para que no nos marginaran ni nos ofendieran. Por eso hoy quise compartirles instantes con los ni\u00f1os de mi vida. \u00a1Feliz d\u00eda de la infancia!&nbsp;<\/p>\n","protected":false},"excerpt":{"rendered":"<p>Elvira Hern\u00e1ndez Carballido SemM\u00e9xico, Pachuca, Hidalgo, 29 de abril, 2026.- \u00bfPrivilegiada? \u00bfCaso \u00fanico? \u00bfSuerte? No s\u00e9, pero cuando fui una ni\u00f1a supe convivir con gran complicidad con los ni\u00f1os, esos peque\u00f1os machines, herederos del patriarcado, con quienes disfrut\u00e9 mi infancia, ali\u00e1ndome cuando se pod\u00eda, alej\u00e1ndolos si se portaban groseros, defendi\u00e9ndome si era necesario, pero casi [&hellip;]<\/p>\n","protected":false},"author":3,"featured_media":70197,"comment_status":"open","ping_status":"open","sticky":false,"template":"","format":"standard","meta":{"_monsterinsights_skip_tracking":false,"footnotes":""},"categories":[202,35],"tags":[],"class_list":["post-105060","post","type-post","status-publish","format-standard","has-post-thumbnail","category-elvira-hernandez-carballido","category-opinion"],"_links":{"self":[{"href":"https:\/\/redsemlac.com\/semmexico\/wp-json\/wp\/v2\/posts\/105060","targetHints":{"allow":["GET"]}}],"collection":[{"href":"https:\/\/redsemlac.com\/semmexico\/wp-json\/wp\/v2\/posts"}],"about":[{"href":"https:\/\/redsemlac.com\/semmexico\/wp-json\/wp\/v2\/types\/post"}],"author":[{"embeddable":true,"href":"https:\/\/redsemlac.com\/semmexico\/wp-json\/wp\/v2\/users\/3"}],"replies":[{"embeddable":true,"href":"https:\/\/redsemlac.com\/semmexico\/wp-json\/wp\/v2\/comments?post=105060"}],"version-history":[{"count":0,"href":"https:\/\/redsemlac.com\/semmexico\/wp-json\/wp\/v2\/posts\/105060\/revisions"}],"wp:featuredmedia":[{"embeddable":true,"href":"https:\/\/redsemlac.com\/semmexico\/wp-json\/wp\/v2\/media\/70197"}],"wp:attachment":[{"href":"https:\/\/redsemlac.com\/semmexico\/wp-json\/wp\/v2\/media?parent=105060"}],"wp:term":[{"taxonomy":"category","embeddable":true,"href":"https:\/\/redsemlac.com\/semmexico\/wp-json\/wp\/v2\/categories?post=105060"},{"taxonomy":"post_tag","embeddable":true,"href":"https:\/\/redsemlac.com\/semmexico\/wp-json\/wp\/v2\/tags?post=105060"}],"curies":[{"name":"wp","href":"https:\/\/api.w.org\/{rel}","templated":true}]}}