{"id":104971,"date":"2026-04-27T20:25:29","date_gmt":"2026-04-28T02:25:29","guid":{"rendered":"https:\/\/redsemlac.com\/semmexico\/?p=104971"},"modified":"2026-04-27T20:25:30","modified_gmt":"2026-04-28T02:25:30","slug":"en-breve-definiran-situacion-judicial-del-edil-de-tlalnepantla","status":"publish","type":"post","link":"https:\/\/redsemlac.com\/semmexico\/en-breve-definiran-situacion-judicial-del-edil-de-tlalnepantla\/","title":{"rendered":"En breve definir\u00e1n situaci\u00f3n judicial del edil de Tlalnepantla"},"content":{"rendered":"\n<p class=\"wp-block-paragraph\">\u2022 Detenido presuntamente cuando comet\u00eda abuso sexual contra una menor<br>\u2022 De confirmarse el delito, podr\u00eda enfrentar penas de 10 a\u00f1o y ser\u00eda despojado de su cargo<\/p>\n\n\n\n<p class=\"wp-block-paragraph\">Redacci\u00f3n<br>SemM\u00e9xico, Cuernavaca, 27 de abril, 2026.- El alcalde de Tlalnepantla, Jorge Armando N fue puesto a disposici\u00f3n del Ministerio P\u00fablico de la Fiscal\u00eda de la Regi\u00f3n Oriente por probables hechos delictivos, inform\u00f3 la Fiscal\u00eda General del Estado de Morelos, se espera que en breve se determine su situaci\u00f3n frente a la justicia.<\/p>\n\n\n\n<p class=\"wp-block-paragraph\">El edil, quien asumi\u00f3 el cargo en 2025, prometi\u00f3 seguridad, ahora enfrenta un probable delito de abuso sexual en contra de una menor, como ha trascendido, porque la fiscal\u00eda morelense no dio a conocer las razones de la detenci\u00f3n, de acuerdo a su brev\u00edsimo comunicado.<\/p>\n\n\n\n<p class=\"wp-block-paragraph\">Jorge Armando N fue detenido en la carretera Yautepec-Tlayacapan, en la colonia Pantitl\u00e1n, municipio de Tlayacapan, la noche del pasado s\u00e1bado, por elementos de la polic\u00eda municipal.<\/p>\n\n\n\n<p class=\"wp-block-paragraph\">Es alcalde de Tlalnepantla desde 2025, luego de participar en los comicios del 2024 con el Partido Encuentro Social al que renunci\u00f3 una vez obtenido el triunfo, para anunciar que se cambiaba a Morena, \u201cla l\u00ednea a la cual pertenezco\u201d, dijo entonces.<\/p>\n\n\n\n<p class=\"wp-block-paragraph\">Si el proceso judicial sigue adelante, el mun\u00edcipe de Tlalnepantla podr\u00eda enfrentar una pena de ocho a 10 a\u00f1os de a\u00f1os de prisi\u00f3n y una multa de 500 d\u00edas, de acuerdo con el C\u00f3digo Penal de Morelos, adem\u00e1s de perder el cargo que desempe\u00f1a en este momento.<\/p>\n\n\n\n<p class=\"wp-block-paragraph\">SEM\/sj<\/p>\n\n\n\n<figure class=\"wp-block-image size-large\"><a href=\"https:\/\/redsemlac.com\/semmexico\/wp-content\/uploads\/2026\/04\/alcalde-de-Tlalnepantla-.webp\"><img loading=\"lazy\" decoding=\"async\" width=\"1024\" height=\"576\" src=\"https:\/\/redsemlac.com\/semmexico\/wp-content\/uploads\/2026\/04\/alcalde-de-Tlalnepantla--1024x576.webp\" alt=\"\" class=\"wp-image-104973\" srcset=\"https:\/\/redsemlac.com\/semmexico\/wp-content\/uploads\/2026\/04\/alcalde-de-Tlalnepantla--1024x576.webp 1024w, https:\/\/redsemlac.com\/semmexico\/wp-content\/uploads\/2026\/04\/alcalde-de-Tlalnepantla--300x169.webp 300w, https:\/\/redsemlac.com\/semmexico\/wp-content\/uploads\/2026\/04\/alcalde-de-Tlalnepantla--768x432.webp 768w, https:\/\/redsemlac.com\/semmexico\/wp-content\/uploads\/2026\/04\/alcalde-de-Tlalnepantla--150x84.webp 150w, https:\/\/redsemlac.com\/semmexico\/wp-content\/uploads\/2026\/04\/alcalde-de-Tlalnepantla--696x392.webp 696w, https:\/\/redsemlac.com\/semmexico\/wp-content\/uploads\/2026\/04\/alcalde-de-Tlalnepantla--1068x601.webp 1068w, https:\/\/redsemlac.com\/semmexico\/wp-content\/uploads\/2026\/04\/alcalde-de-Tlalnepantla-.webp 1200w\" sizes=\"auto, (max-width: 1024px) 100vw, 1024px\" \/><\/a><\/figure>\n\n\n\n<figure class=\"wp-block-image size-large\"><a href=\"https:\/\/redsemlac.com\/semmexico\/wp-content\/uploads\/2026\/04\/editl-de-tlalnepantla-principal-.webp\"><img loading=\"lazy\" decoding=\"async\" width=\"1024\" height=\"632\" src=\"https:\/\/redsemlac.com\/semmexico\/wp-content\/uploads\/2026\/04\/editl-de-tlalnepantla-principal--1024x632.webp\" alt=\"\" class=\"wp-image-104974\" srcset=\"https:\/\/redsemlac.com\/semmexico\/wp-content\/uploads\/2026\/04\/editl-de-tlalnepantla-principal--1024x632.webp 1024w, https:\/\/redsemlac.com\/semmexico\/wp-content\/uploads\/2026\/04\/editl-de-tlalnepantla-principal--300x185.webp 300w, https:\/\/redsemlac.com\/semmexico\/wp-content\/uploads\/2026\/04\/editl-de-tlalnepantla-principal--768x474.webp 768w, https:\/\/redsemlac.com\/semmexico\/wp-content\/uploads\/2026\/04\/editl-de-tlalnepantla-principal--150x93.webp 150w, https:\/\/redsemlac.com\/semmexico\/wp-content\/uploads\/2026\/04\/editl-de-tlalnepantla-principal--696x430.webp 696w, https:\/\/redsemlac.com\/semmexico\/wp-content\/uploads\/2026\/04\/editl-de-tlalnepantla-principal--1068x659.webp 1068w, https:\/\/redsemlac.com\/semmexico\/wp-content\/uploads\/2026\/04\/editl-de-tlalnepantla-principal-.webp 1200w\" sizes=\"auto, (max-width: 1024px) 100vw, 1024px\" \/><\/a><\/figure>\n","protected":false},"excerpt":{"rendered":"<p>\u2022 Detenido presuntamente cuando comet\u00eda abuso sexual contra una menor\u2022 De confirmarse el delito, podr\u00eda enfrentar penas de 10 a\u00f1o y ser\u00eda despojado de su cargo Redacci\u00f3nSemM\u00e9xico, Cuernavaca, 27 de abril, 2026.- El alcalde de Tlalnepantla, Jorge Armando N fue puesto a disposici\u00f3n del Ministerio P\u00fablico de la Fiscal\u00eda de la Regi\u00f3n Oriente por probables [&hellip;]<\/p>\n","protected":false},"author":3,"featured_media":104973,"comment_status":"open","ping_status":"open","sticky":false,"template":"","format":"standard","meta":{"_monsterinsights_skip_tracking":false,"footnotes":""},"categories":[48],"tags":[],"class_list":["post-104971","post","type-post","status-publish","format-standard","has-post-thumbnail","category-no-mas-impunidad-no-mas-impunidad"],"_links":{"self":[{"href":"https:\/\/redsemlac.com\/semmexico\/wp-json\/wp\/v2\/posts\/104971","targetHints":{"allow":["GET"]}}],"collection":[{"href":"https:\/\/redsemlac.com\/semmexico\/wp-json\/wp\/v2\/posts"}],"about":[{"href":"https:\/\/redsemlac.com\/semmexico\/wp-json\/wp\/v2\/types\/post"}],"author":[{"embeddable":true,"href":"https:\/\/redsemlac.com\/semmexico\/wp-json\/wp\/v2\/users\/3"}],"replies":[{"embeddable":true,"href":"https:\/\/redsemlac.com\/semmexico\/wp-json\/wp\/v2\/comments?post=104971"}],"version-history":[{"count":0,"href":"https:\/\/redsemlac.com\/semmexico\/wp-json\/wp\/v2\/posts\/104971\/revisions"}],"wp:featuredmedia":[{"embeddable":true,"href":"https:\/\/redsemlac.com\/semmexico\/wp-json\/wp\/v2\/media\/104973"}],"wp:attachment":[{"href":"https:\/\/redsemlac.com\/semmexico\/wp-json\/wp\/v2\/media?parent=104971"}],"wp:term":[{"taxonomy":"category","embeddable":true,"href":"https:\/\/redsemlac.com\/semmexico\/wp-json\/wp\/v2\/categories?post=104971"},{"taxonomy":"post_tag","embeddable":true,"href":"https:\/\/redsemlac.com\/semmexico\/wp-json\/wp\/v2\/tags?post=104971"}],"curies":[{"name":"wp","href":"https:\/\/api.w.org\/{rel}","templated":true}]}}