{"id":104813,"date":"2026-04-22T10:49:59","date_gmt":"2026-04-22T16:49:59","guid":{"rendered":"https:\/\/redsemlac.com\/semmexico\/?p=104813"},"modified":"2026-04-22T10:49:59","modified_gmt":"2026-04-22T16:49:59","slug":"ceci-flores-envia-carta-a-el-chapo-para-obtener-informacion-sobre-desaparecidos-en-sinaloa","status":"publish","type":"post","link":"https:\/\/redsemlac.com\/semmexico\/ceci-flores-envia-carta-a-el-chapo-para-obtener-informacion-sobre-desaparecidos-en-sinaloa\/","title":{"rendered":"Ceci Flores env\u00eda carta a El Chapo para obtener informaci\u00f3n sobre desaparecidos en Sinaloa"},"content":{"rendered":"\n<p class=\"wp-block-paragraph\">La carta fue dirigida a Joaqu\u00edn Guzm\u00e1n Loera, recluido en una prisi\u00f3n de m\u00e1xima seguridad en EU&nbsp;\/&nbsp;Foto: Cortes\u00eda | Ceci Flores<\/p>\n\n\n\n<p class=\"wp-block-paragraph\">La activista envi\u00f3 una carta a El Chapo para solicitar informaci\u00f3n sobre personas desaparecidas, incluyendo a su hijo, en un acto de esperanza y desesperaci\u00f3n<\/p>\n\n\n\n<p class=\"wp-block-paragraph\">Adal Navarro<\/p>\n\n\n\n<p class=\"wp-block-paragraph\">SemM\u00e9xico\/El Sol de Hermosillo, Hermosillo, Sonora, 22 de abril, 2026.-Con la finalidad de contar con&nbsp;<strong>informaci\u00f3n<\/strong>&nbsp;que les ayude en la localizaci\u00f3n de&nbsp;<strong>personas desaparecidas<\/strong>&nbsp;en el estado de&nbsp;<strong>Sinaloa<\/strong>,&nbsp;<strong>Ceci Patricia Flores Armenta<\/strong>, fundadora y l\u00edder del colectivo&nbsp;<strong>Madres Buscadoras de Sonora<\/strong>, y quien actualmente regres\u00f3 a esa entidad para llevar a cabo trabajos de&nbsp;<strong>b\u00fasqueda<\/strong>&nbsp;para localizar a su hijo&nbsp;<strong>Alejandro<\/strong>, dio a conocer que envi\u00f3 una&nbsp;<strong>carta<\/strong>&nbsp;dirigida a&nbsp;<strong>Joaqu\u00edn Guzm\u00e1n Loera El Chapo<\/strong>.<\/p>\n\n\n\n<p class=\"wp-block-paragraph\">En entrevista para&nbsp;<strong><em>El Sol de Hermosillo<\/em><\/strong>, la&nbsp;<strong>activista social<\/strong>&nbsp;indic\u00f3 que la&nbsp;<strong>misiva<\/strong>&nbsp;tiene la intenci\u00f3n de llegar al&nbsp;<strong>recluso<\/strong>, el cual cumple sentencia en&nbsp;<strong>ADX Florence<\/strong>&nbsp;(Penitenciar\u00eda de los Estados Unidos, Instalaci\u00f3n Administrativa de M\u00e1xima Seguridad por sus siglas en ingl\u00e9s), una prisi\u00f3n de&nbsp;<strong>m\u00e1xima seguridad<\/strong>&nbsp;en&nbsp;<strong>Colorado, Estados Unidos<\/strong>.<\/p>\n\n\n\n<p class=\"wp-block-paragraph\">\u201cMe cost\u00f3 mucho porque ya sabes que ac\u00e1 en&nbsp;<strong>Sinaloa<\/strong>&nbsp;es mucho m\u00e1s peligroso que en otras partes pienso yo, hablar del tema de&nbsp;<strong>El Chapo<\/strong>, pero como yo vi que \u00e9l est\u00e1 mandando&nbsp;<strong>cartas<\/strong>&nbsp;continuamente exigiendo una mejor calidad de vida dentro del&nbsp;<strong>penal<\/strong>, yo me atrevo a mandarle la carta, pidi\u00e9ndole, no exigi\u00e9ndole, que por favor nos diga d\u00f3nde dejaron a tantas&nbsp;<strong>personas desaparecidas<\/strong>\u201d.<\/p>\n\n\n\n<p class=\"wp-block-paragraph\">Ceci Flores, activista y fundadora del colectivo Madres Buscadoras de Sonora&nbsp;\/&nbsp;Foto: Carlos Villalba | El Sol de Hermosillo<\/p>\n\n\n\n<p class=\"wp-block-paragraph\">Afirm\u00f3 que desde que lleva a cabo actividades de&nbsp;<strong>b\u00fasqueda de personas desaparecidas<\/strong>&nbsp;es la primera vez que escribe una&nbsp;<strong>carta<\/strong>&nbsp;de este tipo.<\/p>\n\n\n\n<p class=\"wp-block-paragraph\">Es la primera vez que me atrevo a hacer una atrocidad como esa, pero lo hago con amor y esperanza<em> Agreg\u00f3 la madre buscadora<\/em><\/p>\n\n\n\n<p class=\"wp-block-paragraph\"><strong>Flores Armenta<\/strong>&nbsp;asegur\u00f3 que el&nbsp;<strong>cartel<\/strong>&nbsp;del que&nbsp;<strong>Guzm\u00e1n Loera<\/strong>&nbsp;se encontraba al frente fue el que desapareci\u00f3 a su hijo&nbsp;<strong>Alejandro<\/strong>&nbsp;en&nbsp;<strong>Los Mochis, Sinaloa<\/strong>&nbsp;en&nbsp;<strong>2015<\/strong>; a pesar de lo anterior, coment\u00f3 que tiene conocimiento de que&nbsp;<strong>El Chapo<\/strong>&nbsp;en su momento ayudaba a personas de bajos recursos, por lo que no descart\u00f3 que pueda brindarle&nbsp;<strong>informaci\u00f3n<\/strong>&nbsp;en su b\u00fasqueda.&nbsp;<\/p>\n\n\n\n<p class=\"wp-block-paragraph\">\u201cSi \u00e9l fue bueno y sensible con los pobres creo que con las&nbsp;<strong>madres<\/strong>&nbsp;tambi\u00e9n deber\u00eda de serlo porque \u00e9l tambi\u00e9n tuvo mam\u00e1 y su mam\u00e1 sufri\u00f3 todo lo que \u00e9l hizo, entonces que se ponga un ratito en el lugar de nosotros como&nbsp;<strong>padres<\/strong>, yo se lo estoy pidiendo como una madre desesperada\u201d, coment\u00f3.<\/p>\n\n\n\n<p class=\"wp-block-paragraph\">Para finalizar&nbsp;<strong>Flores Armenta<\/strong>&nbsp;expuso que por parte de las&nbsp;<strong>autoridades<\/strong>&nbsp;no ha habido ninguna recomendaci\u00f3n o comentario acerca de la&nbsp;<strong>carta<\/strong>&nbsp;escrita al&nbsp;<strong>prisionero<\/strong>.<\/p>\n","protected":false},"excerpt":{"rendered":"<p>La carta fue dirigida a Joaqu\u00edn Guzm\u00e1n Loera, recluido en una prisi\u00f3n de m\u00e1xima seguridad en EU&nbsp;\/&nbsp;Foto: Cortes\u00eda | Ceci Flores La activista envi\u00f3 una carta a El Chapo para solicitar informaci\u00f3n sobre personas desaparecidas, incluyendo a su hijo, en un acto de esperanza y desesperaci\u00f3n Adal Navarro SemM\u00e9xico\/El Sol de Hermosillo, Hermosillo, Sonora, 22 [&hellip;]<\/p>\n","protected":false},"author":3,"featured_media":104814,"comment_status":"open","ping_status":"open","sticky":false,"template":"","format":"standard","meta":{"_monsterinsights_skip_tracking":false,"footnotes":""},"categories":[694,48],"tags":[],"class_list":["post-104813","post","type-post","status-publish","format-standard","has-post-thumbnail","category-destacadas","category-no-mas-impunidad-no-mas-impunidad"],"_links":{"self":[{"href":"https:\/\/redsemlac.com\/semmexico\/wp-json\/wp\/v2\/posts\/104813","targetHints":{"allow":["GET"]}}],"collection":[{"href":"https:\/\/redsemlac.com\/semmexico\/wp-json\/wp\/v2\/posts"}],"about":[{"href":"https:\/\/redsemlac.com\/semmexico\/wp-json\/wp\/v2\/types\/post"}],"author":[{"embeddable":true,"href":"https:\/\/redsemlac.com\/semmexico\/wp-json\/wp\/v2\/users\/3"}],"replies":[{"embeddable":true,"href":"https:\/\/redsemlac.com\/semmexico\/wp-json\/wp\/v2\/comments?post=104813"}],"version-history":[{"count":0,"href":"https:\/\/redsemlac.com\/semmexico\/wp-json\/wp\/v2\/posts\/104813\/revisions"}],"wp:featuredmedia":[{"embeddable":true,"href":"https:\/\/redsemlac.com\/semmexico\/wp-json\/wp\/v2\/media\/104814"}],"wp:attachment":[{"href":"https:\/\/redsemlac.com\/semmexico\/wp-json\/wp\/v2\/media?parent=104813"}],"wp:term":[{"taxonomy":"category","embeddable":true,"href":"https:\/\/redsemlac.com\/semmexico\/wp-json\/wp\/v2\/categories?post=104813"},{"taxonomy":"post_tag","embeddable":true,"href":"https:\/\/redsemlac.com\/semmexico\/wp-json\/wp\/v2\/tags?post=104813"}],"curies":[{"name":"wp","href":"https:\/\/api.w.org\/{rel}","templated":true}]}}