{"id":104779,"date":"2026-04-20T20:23:26","date_gmt":"2026-04-21T02:23:26","guid":{"rendered":"https:\/\/redsemlac.com\/semmexico\/?p=104779"},"modified":"2026-04-20T20:25:01","modified_gmt":"2026-04-21T02:25:01","slug":"juego-de-ojos-el-sol-de-pyongyang","status":"publish","type":"post","link":"https:\/\/redsemlac.com\/semmexico\/juego-de-ojos-el-sol-de-pyongyang\/","title":{"rendered":"Juego de ojos| El Sol de Pyongyang"},"content":{"rendered":"\n<p class=\"wp-block-paragraph\">Miguel \u00c1ngel S\u00e1nchez de Armas<\/p>\n\n\n\n<p class=\"wp-block-paragraph\">SemM\u00e9xico, Ciudad de M\u00e9xico, 20 de abril, 2026.- Cada 15 de abril Corea del Norte celebra el&nbsp;<em>D\u00eda del Sol<\/em>. No es un fen\u00f3meno astron\u00f3mico. No es un eclipse. Venus no cruza frente al disco solar como en 1874 cuando astr\u00f3nomos de todo el mundo, entre ellos mexicanos, pudieron ver su sombra y medir la distancia entre la tierra y la estrella que nos da vida. No. Ese encuentro no lo tendremos de nuevo sino hasta el 2117.<\/p>\n\n\n\n<p class=\"wp-block-paragraph\">Se trata de algo m\u00e1s elevado, m\u00e1s cercano al milagro de los \u00e1ngeles que danzan en la cabeza de un alfiler. Es, se\u00f1oras y se\u00f1ores, el cumplea\u00f1os de Kim Il Sung, el&nbsp;<em>amado l\u00edder&nbsp;<\/em>que la fuerza de un Estado convirti\u00f3 en astro luminoso, en&nbsp;<em>presidente eterno.<\/em><\/p>\n\n\n\n<p class=\"wp-block-paragraph\">No estoy de acuerdo con&nbsp;<em>Chucho&nbsp;<\/em>Silva Herzog cuando sataniza a los camaradas del PT que se rasgan las vestiduras y se echan ceniza en el pelo por la dolorosa nostalgia que les provoca la ausencia del&nbsp;<em>amado l\u00edder. <\/em>Chucho es demasiado joven para comprender el dolor que asaetea el alma de lo<\/p>\n\n\n\n<p class=\"wp-block-paragraph\">s viejos cuando sienten que la historia se les escapa entre los dedos nudosos.<\/p>\n\n\n\n<p class=\"wp-block-paragraph\">En Pyongyang el calendario pol\u00edtico es una liturgia. El 15 de abril las avenidas se llenan de flores&nbsp;<em>kimilsungia<\/em>, una orqu\u00eddea bautizada en honor del llorado dirigente. Los altavoces esparcen canciones patri\u00f3ticas. Los ciudadanos desfilan ante las estatuas colosales del l\u00edder para inclinarse en una reverencia mezcla de ritual civil y acto de supervivencia. En la biograf\u00eda oficial Kim il Sung es el padre del universo norcoreano.<\/p>\n\n\n\n<p class=\"wp-block-paragraph\">Durante felices a\u00f1os el gran l\u00edder arrop\u00f3 a las masas en el seno de su \u201crevoluci\u00f3n continuada\u201d. Y abiertos los brazos al mundo, recib\u00eda en su palacio las peregrinaciones de intelectuales y periodistas que daban fe de la luminosidad de la&nbsp;<em>idea Juche<\/em>. Entre esos romeros hubo mexicanos. S\u00ed, compatriotas nuestros, muchos de ellos periodistas. Recuerdo la \u00e9poca en que la ruta D.F.-Pyongyang-Pek\u00edn-Praga-Harare-Habana-D.F. fue m\u00e1s c\u00e9lebre que el Camino de Santiago.<\/p>\n\n\n\n<p class=\"wp-block-paragraph\">Durante mis a\u00f1os reporteriles, en el frescor de&nbsp;<em>El Nivel<\/em>&nbsp;y&nbsp;<em>El Negresco<\/em>, escuch\u00e9 de queridos amigos m\u00edos, hoy ya enviados especiales al m\u00e1s all\u00e1, aventuras al norte del paralelo 38 que dejaban chiquito a Ulises y hac\u00edan de Miguel Strogoff un simple mandadero. Por m\u00e1s que me esforc\u00e9, tristemente mi presencia nunca fue requerida en uno de esos periplos. &nbsp;<\/p>\n\n\n\n<p class=\"wp-block-paragraph\">Pero supe de espectaculares haza\u00f1as del&nbsp;<em>suryong, el&nbsp;gran l\u00edder<\/em>. Recuerdo dos en particular. En la provincia de Hwanghae, Kim Il Sung visitaba a floricultores en crisis por la sequ\u00eda, la falta de cr\u00e9ditos y la competencia desleal de los odiados capitalistas del sur. Pero el l\u00edder comprendi\u00f3 que el problema no era econ\u00f3mico, de producci\u00f3n o del clima, sino del deterioro del celo revolucionario. As\u00ed que los areng\u00f3 durante varias horas y su homil\u00eda revivi\u00f3 la llama de la revoluci\u00f3n, con lo que las flores se multiplicaron y medraron en color y perfume.<\/p>\n\n\n\n<p class=\"wp-block-paragraph\">Poco despu\u00e9s el&nbsp;<em>amado l\u00edder&nbsp;<\/em>se present\u00f3 en una cooperativa editorial en donde encontr\u00f3 un panorama sombr\u00edo. Las revistas y peri\u00f3dicos perd\u00edan lectores; los libros languidec\u00edan en los anaqueles. De nuevo el gran hombre detect\u00f3 las causas: los redactores, los fot\u00f3grafos, los poetas y los dise\u00f1adores hab\u00edan ca\u00eddo en la autocomplacencia y en el personalismo peque\u00f1oburgu\u00e9s. Kim Il Sung procedi\u00f3 a corregirlos y como padre amoroso los llev\u00f3 por el camino de la autocr\u00edtica revolucionaria, con lo cual regresaron al mercado y capturaron lectores a lo largo y ancho del territorio a su cuidado.<\/p>\n\n\n\n<p class=\"wp-block-paragraph\">Su ejemplo fue profundo, duradero y planetario. \u00bfNo quiso Fidel Herrera armar el eje Xalapa-Pyongyang como \u00fanica zona en el planeta con control total del internet? Estoy convencido de que fue la siniestra CIA la que sabote\u00f3 los esfuerzos del&nbsp;<em>T\u00edo Fide&nbsp;<\/em>y arroj\u00f3 descr\u00e9dito a la tierna costumbre de que los ni\u00f1os de primaria lo recibieran cantando sones compuestos en su honor, tal como se celebra al l\u00edder en las escuelas norcoreanas.<\/p>\n\n\n\n<p class=\"wp-block-paragraph\">En Corea del Norte la mitolog\u00eda oficial lleg\u00f3 a extremos que rozan lo fant\u00e1stico. Kim Il Sung pose\u00eda una inteligencia militar sin precedentes, intuici\u00f3n cient\u00edfica para resolver problemas agr\u00edcolas y una capacidad casi sobrenatural para prever el futuro pol\u00edtico del pa\u00eds.<\/p>\n\n\n\n<p class=\"wp-block-paragraph\">Corea del Norte fue donde el cristianismo protestante se arraig\u00f3 por primera vez en el pa\u00eds gracias a misioneros gringos a finales del siglo XIX. Kim naci\u00f3 en el seno de una familia profundamente cristiana y en su juventud imparti\u00f3 catecismo los domingos, seg\u00fan nos revela Jonathan Cheng en&nbsp;<em>El mes\u00edas coreano: Kim Il Sung y las ra\u00edces cristianas del culto a la personalidad en Corea del Norte.&nbsp;<\/em>El&nbsp;<em>amado l\u00edder<\/em>&nbsp;reconoc\u00eda esta herencia, para bien o para mal. Esto quiz\u00e1 explique el amor pete\u00edsta por el llorado l\u00edder, pues a fin de cuentas ac\u00e1 entre nosotros la militancia pol\u00edtica es tambi\u00e9n una religi\u00f3n, una lucha del bien contra el mal.<\/p>\n\n\n\n<p class=\"wp-block-paragraph\">Los padres de Kim Il-Sung estuvieron entre los primeros conversos presbiterianos. Entre quienes documentaron las ra\u00edces cristianas del r\u00e9gimen estuvieron el evangelista Billy Graham y el expresidente Jimmy Carter. Incluso, la esposa de Graham, Ruth, asisti\u00f3 a una escuela secundaria presbiteriana en Pyongyang en la d\u00e9cada de 1930, cuando la ciudad ya se hab\u00eda consolidado como la \u201cJerusal\u00e9n de Oriente\u201d.<\/p>\n\n\n\n<p class=\"wp-block-paragraph\">Kim Il Sung lleg\u00f3 al poder con apoyo de la URSS tras la Segunda Guerra Mundial. En 1950 lanz\u00f3 la invasi\u00f3n del sur que deton\u00f3 la guerra de Corea, uno de los conflictos m\u00e1s devastadores del siglo XX: millones de muertos, ciudades arrasadas y una pen\u00ednsula dividida que a\u00fan vive en armisticio.<\/p>\n\n\n\n<p class=\"wp-block-paragraph\">El culto a la personalidad tuvo un rasgo peculiar: el poder se hered\u00f3 como si fuese una monarqu\u00eda. Kim Il Sung prepar\u00f3 durante a\u00f1os la sucesi\u00f3n de su hijo Kim Jong Il, inaugurando una dinast\u00eda pol\u00edtica que contin\u00faa hasta hoy con Kim Jong Un, quien justo por estas fechas prepara a su hijita para que tome las riendas cuando la&nbsp;<em>idea Juche&nbsp;<\/em>se sirva llamarlo.<\/p>\n\n\n\n<p class=\"wp-block-paragraph\">Pero el sistema que construy\u00f3 se sostuvo tambi\u00e9n sobre un aparato de represi\u00f3n extraordinario. A la par del culto, el r\u00e9gimen instal\u00f3 campos de prisioneros pol\u00edticos para albergar a los enemigos del Estado y a los sospechosos. Familias enteras desaparecieron por el delito de haber criticado al gobierno o de pertenecer a un linaje considerado hostil. En Corea del Norte la lealtad no se mide s\u00f3lo por la militancia sino por el origen social y pol\u00edtico. El sistema de clasificaci\u00f3n hereditaria determina qui\u00e9n puede estudiar, viajar o vivir en Pyongyang. La fidelidad al l\u00edder es un asunto de genealog\u00eda.<\/p>\n\n\n\n<p class=\"wp-block-paragraph\">A prop\u00f3sito del 114 aniversario del nacimiento del&nbsp;<em>amado l\u00edder<\/em>, \u00c1ngel de la O me hizo llegar su comentario:<\/p>\n\n\n\n<p class=\"wp-block-paragraph\">\u201cTrump y Kim Il Sung pertenecen a geograf\u00edas morales distintas, pero comparten una intuici\u00f3n primaria del poder: convertir la pol\u00edtica en espect\u00e1culo de voluntad. El primero, hijo del capitalismo medi\u00e1tico, gobierna a golpe de estridencia y narcisismo, como si la Casa Blanca fuera una extensi\u00f3n de su marca personal; el segundo, arquitecto de una dinast\u00eda cerrada, edific\u00f3 un culto donde el Estado se volvi\u00f3 espejo \u00fanico del l\u00edder. Uno grita para dominar la conversaci\u00f3n; el otro silenci\u00f3 al pa\u00eds para no perderla nunca. En ambos casos, la realidad queda subordinada a una ficci\u00f3n cuidadosamente administrada: en Washington, la del \u00e9xito irrebatible; en Pyongyang, la de la eternidad revolucionaria. No son equivalentes, pero dialogan en ese punto inquietante donde el poder deja de ser instituci\u00f3n y se vuelve relato.\u201d<\/p>\n","protected":false},"excerpt":{"rendered":"<p>Miguel \u00c1ngel S\u00e1nchez de Armas SemM\u00e9xico, Ciudad de M\u00e9xico, 20 de abril, 2026.- Cada 15 de abril Corea del Norte celebra el&nbsp;D\u00eda del Sol. No es un fen\u00f3meno astron\u00f3mico. No es un eclipse. Venus no cruza frente al disco solar como en 1874 cuando astr\u00f3nomos de todo el mundo, entre ellos mexicanos, pudieron ver su [&hellip;]<\/p>\n","protected":false},"author":3,"featured_media":104780,"comment_status":"open","ping_status":"open","sticky":false,"template":"","format":"standard","meta":{"_monsterinsights_skip_tracking":false,"footnotes":""},"categories":[103,82,35],"tags":[],"class_list":["post-104779","post","type-post","status-publish","format-standard","has-post-thumbnail","category-juego-de-palabras","category-la-opinion","category-opinion"],"_links":{"self":[{"href":"https:\/\/redsemlac.com\/semmexico\/wp-json\/wp\/v2\/posts\/104779","targetHints":{"allow":["GET"]}}],"collection":[{"href":"https:\/\/redsemlac.com\/semmexico\/wp-json\/wp\/v2\/posts"}],"about":[{"href":"https:\/\/redsemlac.com\/semmexico\/wp-json\/wp\/v2\/types\/post"}],"author":[{"embeddable":true,"href":"https:\/\/redsemlac.com\/semmexico\/wp-json\/wp\/v2\/users\/3"}],"replies":[{"embeddable":true,"href":"https:\/\/redsemlac.com\/semmexico\/wp-json\/wp\/v2\/comments?post=104779"}],"version-history":[{"count":0,"href":"https:\/\/redsemlac.com\/semmexico\/wp-json\/wp\/v2\/posts\/104779\/revisions"}],"wp:featuredmedia":[{"embeddable":true,"href":"https:\/\/redsemlac.com\/semmexico\/wp-json\/wp\/v2\/media\/104780"}],"wp:attachment":[{"href":"https:\/\/redsemlac.com\/semmexico\/wp-json\/wp\/v2\/media?parent=104779"}],"wp:term":[{"taxonomy":"category","embeddable":true,"href":"https:\/\/redsemlac.com\/semmexico\/wp-json\/wp\/v2\/categories?post=104779"},{"taxonomy":"post_tag","embeddable":true,"href":"https:\/\/redsemlac.com\/semmexico\/wp-json\/wp\/v2\/tags?post=104779"}],"curies":[{"name":"wp","href":"https:\/\/api.w.org\/{rel}","templated":true}]}}