{"id":104765,"date":"2026-04-20T18:56:56","date_gmt":"2026-04-21T00:56:56","guid":{"rendered":"https:\/\/redsemlac.com\/semmexico\/?p=104765"},"modified":"2026-04-20T18:56:57","modified_gmt":"2026-04-21T00:56:57","slug":"cuba-programa-busca-prevenir-embarazo-adolescente-y-cerrar-brechas-de-genero","status":"publish","type":"post","link":"https:\/\/redsemlac.com\/semmexico\/cuba-programa-busca-prevenir-embarazo-adolescente-y-cerrar-brechas-de-genero\/","title":{"rendered":"Cuba: Programa busca prevenir embarazo adolescente y cerrar brechas de g\u00e9nero"},"content":{"rendered":"\n<ul class=\"wp-block-list\">\n<li>Es un problema social vinculado con la ruralidad y brechas escolares<\/li>\n\n\n\n<li>La fecundidad adolescente se resiste a descender en la naci\u00f3n caribe\u00f1a<\/li>\n<\/ul>\n\n\n\n<p class=\"wp-block-paragraph\"><br>Dixie Edith<em><br><\/em>SemM\u00e9xico\/SEMlac, La Habana, 20 de abril 2026.- El&nbsp;embarazo adolescente&nbsp;es un problema social en Cuba, se vincula estrechamente con la ruralidad o las brechas de escolaridad y compromete no solo los proyectos futuros de muchas j\u00f3venes, sino el derecho a decidir sobre sus cuerpos y sus vidas.<\/p>\n\n\n\n<p class=\"wp-block-paragraph\"><br>Desde esa certeza se construy\u00f3 el&nbsp;Programa Conjunto \u00abPrevenci\u00f3n y atenci\u00f3n al embarazo y la fecundidad adolescente en Cuba\u00bb, que se implementar\u00e1 durante 36 meses, en 10 municipios de la zona oriental del pa\u00eds, a partir de una acci\u00f3n com\u00fan del Fondo de las Naciones Unidas para la Infancia (Unicef) y el de Poblaci\u00f3n (Unfpa), con financiamiento de la Uni\u00f3n Europea (UE).<\/p>\n\n\n\n<p class=\"wp-block-paragraph\"><br>La elecci\u00f3n geogr\u00e1fica no es casual. La fecundidad adolescente se resiste a descender en la naci\u00f3n caribe\u00f1a. En el caso de las ni\u00f1as menores de 15 a\u00f1os, lejos de disminuir ha experimentado aumentos en diferentes localidades, especialmente en la zona oriental, explic\u00f3 la psic\u00f3loga y dem\u00f3grafa Daylin Rodr\u00edguez Javiqu\u00e9 durante la presentaci\u00f3n de la iniciativa conjunta, el 14 de abril en La Habana.<\/p>\n\n\n\n<p class=\"wp-block-paragraph\"><br>Camag\u00fcey, Las Tunas, Holgu\u00edn y Granma -provincias pilotos de la intervenci\u00f3n, ubicadas en el oriente- est\u00e1n justamente entre las de mayores tasas de embarazo adolescente, todas superiores a la media nacional en 2024, de 47,1 nacimientos por cada 1.000 mujeres, confirm\u00f3 Rodr\u00edguez Javiqu\u00e9, profesora del Centro de Estudios Demogr\u00e1ficos (Cedem), de la Universidad de La Habana.<\/p>\n\n\n\n<p class=\"wp-block-paragraph\"><br>Ubicados a m\u00e1s de 600 kil\u00f3metros al este de La Habana, se trata de territorios que, adem\u00e1s, han sido afectados por fen\u00f3menos naturales recientes, como el hurac\u00e1n Melissa, lo que agrav\u00f3 las condiciones de vida y aument\u00f3 los riesgos de violencia y desprotecci\u00f3n para ni\u00f1as y adolescentes.<\/p>\n\n\n\n<p class=\"wp-block-paragraph\"><br>\u00abEn un contexto de crisis energ\u00e9tica agravada y de dif\u00edcil recuperaci\u00f3n despu\u00e9s del hurac\u00e1n Melisa, queremos contribuir a frenar desigualdades\u00bb, afirm\u00f3 Jens Urban, Embajador de la Uni\u00f3n Europea en Cuba, seg\u00fan la nota de prensa oficial de la presentaci\u00f3n.<br>En los territorios afectados por Melissa, el programa contempla acciones de protecci\u00f3n, resiliencia y recuperaci\u00f3n, que incluyen apoyo sicosocial y servicios comunitarios, promoci\u00f3n de pr\u00e1cticas higi\u00e9nicas y de gesti\u00f3n menstrual digna, as\u00ed como iniciativas de empoderamiento econ\u00f3mico, con participaci\u00f3n activa de adolescentes, refiere la nota.<\/p>\n\n\n\n<p class=\"wp-block-paragraph\"><br>\u00abNuestro \u00e9nfasis en la salud sexual y reproductiva busca asegurar que cada joven pueda decidir sobre su cuerpo y su vida y proteger su derecho a elegir incluso en contextos de emergencia\u00bb, afirm\u00f3 Marisol Alfonso de Armas, jefa de la oficina del Unfpa en Cuba.<\/p>\n\n\n\n<p class=\"wp-block-paragraph\"><br>Alfonso de Armas destac\u00f3 que la elecci\u00f3n de los municipios para el proyecto responde a criterios de \u00abinteligencia demogr\u00e1fica\u00bb, una herramienta que permite analizar las estad\u00edsticas para priorizar las intervenciones en los territorios y en las personas que m\u00e1s lo necesitan.<\/p>\n\n\n\n<p class=\"wp-block-paragraph\"><br>\u00abLa utilizamos para convertir datos en derechos, a trav\u00e9s de pol\u00edticas que garantizan el acceso a servicios de salud de calidad, a la educaci\u00f3n integral de la sexualidad y la igualdad de g\u00e9nero, trabajando siempre junto a las juventudes como protagonistas de su propio desarrollo\u00bb, a\u00f1adi\u00f3.<\/p>\n\n\n\n<p class=\"wp-block-paragraph\"><br><strong>N\u00fameros complejos<\/strong><\/p>\n\n\n\n<p class=\"wp-block-paragraph\"><br>En Cuba, el embarazo adolescente tiene que enfocarse como un&nbsp;problema social, no solo de salud p\u00fablica, insisti\u00f3 la tambi\u00e9n psic\u00f3loga y dem\u00f3grafa del Cedem&nbsp;Matilde de la Caridad Molina Cintra.<\/p>\n\n\n\n<p class=\"wp-block-paragraph\"><br>Para Rodr\u00edguez Javiqu\u00e9, es necesario valorar de manera particular el aumento de la contribuci\u00f3n de las adolescentes a la fecundidad total del pa\u00eds. Si bien las tasas han disminuido lentamente, \u00abaumenta su peso en la estructura del comportamiento de la fecundidad\u00bb, precis\u00f3.<\/p>\n\n\n\n<p class=\"wp-block-paragraph\"><br>El embarazo adolescente constituye una desarticulaci\u00f3n de la fecundidad cubana y genera m\u00faltiples brechas en el desarrollo psicosocial, precisa el art\u00edculo \u201cFecundidad adolescente en Cuba, un problema social\u00bb, publicado en 2025 en la revista&nbsp;<em>Novedades en Poblaci\u00f3n<\/em>.<\/p>\n\n\n\n<p class=\"wp-block-paragraph\"><br>De hecho, los municipios seleccionados -Jobabo (Las Tunas), Cacocum (Holgu\u00edn), Najasa y Jimag\u00fcay\u00fa (Camag\u00fcey), y Manzanillo, Pil\u00f3n, R\u00edo Cauto, Jiguan\u00ed, Buey Arriba y Cauto Cristo (Granma)- se encuentran entre los 20 con mayor tasa de fecundidad adolescente en el pa\u00eds.<\/p>\n\n\n\n<p class=\"wp-block-paragraph\"><br>Las especialistas del Cedem advirtieron que las madres adolescentes tienen m\u00e1s probabilidades de sufrir discriminaci\u00f3n y&nbsp;violencia de g\u00e9nero, experimentar estigma cultural o permanecer atadas a roles femeninos tradicionales, lo que a su vez pone en riesgo su inserci\u00f3n y logro escolar, as\u00ed como su incorporaci\u00f3n al mercado laboral.<\/p>\n\n\n\n<p class=\"wp-block-paragraph\"><br><strong>Apuesta por la transformaci\u00f3n cultural<\/strong><\/p>\n\n\n\n<p class=\"wp-block-paragraph\"><br>Bajo el lema \u00ab\u00a1Dale impulso a lo que te hace crecer!\u00bb y con una inversi\u00f3n total de un mill\u00f3n de euros, el programa conjunto articula tres ejes fundamentales que rompen con la visi\u00f3n meramente asistencialista del embarazo adolescente.<\/p>\n\n\n\n<p class=\"wp-block-paragraph\"><br>Si bien se contempla la mejora de la calidad de los servicios integrales de salud sexual y reproductiva, incluida la provisi\u00f3n de anticonceptivos, la iniciativa pone foco en&nbsp;la transformaci\u00f3n de normas y patrones socioculturales&nbsp;e institucionales que generan brechas de g\u00e9nero y limitan la autonom\u00eda corporal.<\/p>\n\n\n\n<p class=\"wp-block-paragraph\"><br>De acuerdo con estudios realizados como parte del proyecto&nbsp;\u00abImplementaci\u00f3n de Est\u00e1ndares de calidad en los servicios de salud para adolescentes\u00bb, desarrollado entre 2021 y 2023 por el Ministerio de Salud P\u00fablica (Minsap) y el Unfpa, 65,8 por ciento de los adolescentes encuestados desconoce los implantes subd\u00e9rmicos (m\u00e9todo anticonceptivo de larga duraci\u00f3n); 38,3 por ciento, los inyectables y 34,1 por ciento, los dispositivos intrauterinos (DIU).<\/p>\n\n\n\n<p class=\"wp-block-paragraph\"><br>Los m\u00e9todos m\u00e1s reconocidos son el cond\u00f3n y las p\u00edldoras orales, mientras que los de larga duraci\u00f3n y la anticoncepci\u00f3n de emergencia son grandes ausentes en el conocimiento juvenil.<\/p>\n\n\n\n<p class=\"wp-block-paragraph\"><br>En tanto, la&nbsp;Encuesta de Indicadores M\u00faltiples por Conglomerados&nbsp;(MICS, por sus siglas en ingl\u00e9s), desarrollada en 2019, indica que si bien m\u00e1s del 40 por ciento de las adolescentes encuestadas us\u00f3 alg\u00fan m\u00e9todo en su primera relaci\u00f3n sexual, m\u00e1s del 30 por ciento no los emplea.<\/p>\n\n\n\n<p class=\"wp-block-paragraph\"><br>El \u00e9xito del proyecto depender\u00e1 de la coordinaci\u00f3n entre el Minsap, el Ministerio de Educaci\u00f3n (Mined), los gobiernos locales y organizaciones de la sociedad civil. Este enfoque multisectorial busca asegurar que las estrategias de prevenci\u00f3n y atenci\u00f3n sean sostenibles en el tiempo, integr\u00e1ndolas a pol\u00edticas p\u00fablicas ya existentes como el&nbsp;Programa Nacional para el Adelanto de las Mujeres, la&nbsp;Pol\u00edtica para la Atenci\u00f3n a la Din\u00e1mica Demogr\u00e1fica&nbsp;y el&nbsp;C\u00f3digo de la Ni\u00f1ez, Adolescencias y Juventudes.<\/p>\n\n\n\n<p class=\"wp-block-paragraph\"><br>En opini\u00f3n de Sunny Guidotti, representante en funciones de Unicef en Cuba, se trata de \u00abuna oportunidad para promover la participaci\u00f3n, los derechos y el empoderamiento de las adolescencias, sobre todo de las ni\u00f1as. Nos permitir\u00e1 incidir en las normas sociales y de g\u00e9nero que impactan su bienestar en zonas m\u00e1s vulnerables\u00bb.<\/p>\n\n\n\n<p class=\"wp-block-paragraph\">SEM-SEMlac\/de<\/p>\n","protected":false},"excerpt":{"rendered":"<p>Dixie EdithSemM\u00e9xico\/SEMlac, La Habana, 20 de abril 2026.- El&nbsp;embarazo adolescente&nbsp;es un problema social en Cuba, se vincula estrechamente con la ruralidad o las brechas de escolaridad y compromete no solo los proyectos futuros de muchas j\u00f3venes, sino el derecho a decidir sobre sus cuerpos y sus vidas. Desde esa certeza se construy\u00f3 el&nbsp;Programa Conjunto \u00abPrevenci\u00f3n [&hellip;]<\/p>\n","protected":false},"author":3,"featured_media":104766,"comment_status":"open","ping_status":"open","sticky":false,"template":"","format":"standard","meta":{"_monsterinsights_skip_tracking":false,"footnotes":""},"categories":[748],"tags":[],"class_list":["post-104765","post","type-post","status-publish","format-standard","has-post-thumbnail","category-cultura-feminista"],"_links":{"self":[{"href":"https:\/\/redsemlac.com\/semmexico\/wp-json\/wp\/v2\/posts\/104765","targetHints":{"allow":["GET"]}}],"collection":[{"href":"https:\/\/redsemlac.com\/semmexico\/wp-json\/wp\/v2\/posts"}],"about":[{"href":"https:\/\/redsemlac.com\/semmexico\/wp-json\/wp\/v2\/types\/post"}],"author":[{"embeddable":true,"href":"https:\/\/redsemlac.com\/semmexico\/wp-json\/wp\/v2\/users\/3"}],"replies":[{"embeddable":true,"href":"https:\/\/redsemlac.com\/semmexico\/wp-json\/wp\/v2\/comments?post=104765"}],"version-history":[{"count":0,"href":"https:\/\/redsemlac.com\/semmexico\/wp-json\/wp\/v2\/posts\/104765\/revisions"}],"wp:featuredmedia":[{"embeddable":true,"href":"https:\/\/redsemlac.com\/semmexico\/wp-json\/wp\/v2\/media\/104766"}],"wp:attachment":[{"href":"https:\/\/redsemlac.com\/semmexico\/wp-json\/wp\/v2\/media?parent=104765"}],"wp:term":[{"taxonomy":"category","embeddable":true,"href":"https:\/\/redsemlac.com\/semmexico\/wp-json\/wp\/v2\/categories?post=104765"},{"taxonomy":"post_tag","embeddable":true,"href":"https:\/\/redsemlac.com\/semmexico\/wp-json\/wp\/v2\/tags?post=104765"}],"curies":[{"name":"wp","href":"https:\/\/api.w.org\/{rel}","templated":true}]}}