{"id":104762,"date":"2026-04-20T18:54:04","date_gmt":"2026-04-21T00:54:04","guid":{"rendered":"https:\/\/redsemlac.com\/semmexico\/?p=104762"},"modified":"2026-04-20T18:54:05","modified_gmt":"2026-04-21T00:54:05","slug":"cuba-pasos-concretos-en-la-atencion-juridica-a-victimas-de-violencia-de-genero","status":"publish","type":"post","link":"https:\/\/redsemlac.com\/semmexico\/cuba-pasos-concretos-en-la-atencion-juridica-a-victimas-de-violencia-de-genero\/","title":{"rendered":"Cuba: Pasos concretos en la atenci\u00f3n jur\u00eddica a v\u00edctimas de violencia de g\u00e9nero"},"content":{"rendered":"\n<ul class=\"wp-block-list\">\n<li>Oficina Especializada para la Atenci\u00f3n de Casos de Violencia Basada en G\u00e9nero, el inicio de un camino<\/li>\n\n\n\n<li>En 2024 los asesinatos de mujeres por razones de g\u00e9nero juzgados en la naci\u00f3n caribe\u00f1a sumaron 76<\/li>\n<\/ul>\n\n\n\n<p class=\"wp-block-paragraph\">Lisandra Fari\u00f1as<em><br><\/em>SemM\u00e9xico\/SEMlac, La Habana, 20 de abril, 2027.- Que cualquier mujer golpeada, amenazada o humillada pueda llegar a un espacio seguro donde alguien la escuche, oriente y comprenda, sin cuestionamientos ni juicios, ha sido durante mucho tiempo un reclamo al sistema jur\u00eddico cubano, tanto del lado de las v\u00edctimas como de muchos profesionales del Derecho.<\/p>\n\n\n\n<p class=\"wp-block-paragraph\"><br>Hoy, a cinco meses de su creaci\u00f3n, la Oficina Especializada para la Atenci\u00f3n de Casos de Violencia Basada en G\u00e9nero (VBG), radicada en el Bufete Especializado en Recursos de Casaci\u00f3n, en La Habana Vieja, apuesta por saldar, paso a paso, esa deuda.<\/p>\n\n\n\n<p class=\"wp-block-paragraph\"><br>Esta es la primera oficina de este tipo en la Organizaci\u00f3n Nacional de Bufetes Colectivos (ONBC) y sus impulsoras lo dicen sin eufemismos: no es un punto de llegada, es el inicio de un camino.<\/p>\n\n\n\n<p class=\"wp-block-paragraph\"><br>El servicio surgi\u00f3 como pate del&nbsp;proyecto \u00abApoyo a la Respuesta Nacional a la Violencia Basada en G\u00e9nero en Cuba\u00bb, liderado por la Federaci\u00f3n de Mujeres Cubanas (FMC), con el acompa\u00f1amiento del Fondo de Poblaci\u00f3n de las Naciones Unidas (Unfpa) y el financiamiento del gobierno de Canad\u00e1, y donde la ONBC es una de las nueve instituciones involucradas, por su rol en el aseguramiento del acceso a la justicia y la tutela judicial efectiva.<\/p>\n\n\n\n<p class=\"wp-block-paragraph\"><br><strong>Un servicio necesario<\/strong><\/p>\n\n\n\n<p class=\"wp-block-paragraph\"><br>Desde su apertura, el pasado&nbsp;25 de noviembre, la oficina ha atendido a 15 mujeres, en su mayor\u00eda j\u00f3venes, v\u00edctimas de violencia f\u00edsica y psicol\u00f3gica, cuyos casos han sido derivados hacia procesos penales y familiares. Tambi\u00e9n han llegado mujeres adultas atrapadas en situaciones de violencia asociada a litigios de vivienda, explica Yenisei Rodr\u00edguez M\u00e9ndez, directora del bufete.<\/p>\n\n\n\n<p class=\"wp-block-paragraph\"><br>\u00abLa violencia de g\u00e9nero no es solo un problema penal. Toca tambi\u00e9n el Derecho familiar, civil y administrativo; por ejemplo, cuando la pareja comparte una vivienda y la violencia ocurre en ese espacio\u00bb, explica la especialista.<\/p>\n\n\n\n<p class=\"wp-block-paragraph\"><br>La dimensi\u00f3n del problema que esta oficina enfrenta la ilustran los datos m\u00e1s recientes del Observatorio de Cuba sobre Igualdad de G\u00e9nero. De acuerdo con las estad\u00edsticas ofrecidas,&nbsp;en 2024 los asesinatos de mujeres por razones de g\u00e9nero juzgados en la naci\u00f3n caribe\u00f1a sumaron 76 mujeres de 15 a\u00f1os o m\u00e1s.<\/p>\n\n\n\n<p class=\"wp-block-paragraph\"><br>El 73,7 por ciento de esos&nbsp;cr\u00edmenes&nbsp;ocurri\u00f3 dentro del hogar, a manos de parejas o exparejas, dejando adem\u00e1s un saldo de 70 menores sin amparo materno. Las v\u00edctimas eran predominantemente mujeres de entre 20 y 44 a\u00f1os.<\/p>\n\n\n\n<p class=\"wp-block-paragraph\"><br>Uno de los nudos que la oficina intenta desatar es el del desconocimiento. Muchas mujeres no denuncian porque no saben a d\u00f3nde ir, se\u00f1ala Rodr\u00edguez M\u00e9ndez, quien reconoce que el servicio necesita llegar a m\u00e1s personas, \u00abque las v\u00edctimas sepan que no est\u00e1n solas\u00bb.<\/p>\n\n\n\n<p class=\"wp-block-paragraph\"><br>Igualmente, \u00abque quienes ejercen violencia entiendan que no hay impunidad, y eso tambi\u00e9n se logra en la medida en que se conozca de procesos penales en curso, que las denuncias tienen consecuencias\u00bb, apunta.<\/p>\n\n\n\n<p class=\"wp-block-paragraph\"><br>Quienes llegan a la oficina son recibidas por un equipo de al menos dos especialistas: uno en materia penal y otro en derecho de familia y civil, porque los casos rara vez caben en una sola esfera del Derecho, indica Ana Isabel Zamora Sor\u00ed, abogada penalista y especialista de Derecho Penal del bufete.<\/p>\n\n\n\n<p class=\"wp-block-paragraph\"><br>\u00abLo primero es escucharlas. Permitir que se desahoguen, que nos muestren todo lo que necesitamos para comenzar con una labor de asesor\u00eda\u00bb, describe.<\/p>\n\n\n\n<p class=\"wp-block-paragraph\"><br>Esa orientaci\u00f3n es completamente gratuita, apunta. Si el proceso deriva en representaci\u00f3n jur\u00eddica, el contrato se establece con una rebaja obligatoria del 50 por ciento para las v\u00edctimas de VBG. Y si la persona no tiene ingresos suficientes, el director de la unidad puede establecer un contrato exento de pago, aclara la directora del bufete.<\/p>\n\n\n\n<p class=\"wp-block-paragraph\"><br>El espacio f\u00edsico tambi\u00e9n fue pensado con intenci\u00f3n. El proyecto se ocup\u00f3 de crear un entorno m\u00e1s acogedor, con privacidad, que transmitiera desde la entrada que ese es un lugar seguro. \u00abEs gratificante ver que esas mujeres llegan aqu\u00ed en una situaci\u00f3n de vulnerabilidad y c\u00f3mo agradecen la orientaci\u00f3n jur\u00eddica y la ayuda desde el punto de vista emocional\u00bb, dice la especialista.<\/p>\n\n\n\n<p class=\"wp-block-paragraph\"><br><strong>Ver el proceso con otros lentes<\/strong><\/p>\n\n\n\n<p class=\"wp-block-paragraph\"><br>Con ella coincide Yamilka Xiqu\u00e9 P\u00e9rez, abogada penalista y profesora de la Facultad de Derecho de la Universidad de La Habana, quien pone en perspectiva hist\u00f3rica lo que representa esta oficina.<\/p>\n\n\n\n<p class=\"wp-block-paragraph\"><br>\u00abEste servicio ha sido una demanda hist\u00f3rica, incluso de los propios abogados, porque por mucho tiempo vimos que la v\u00edctima en el proceso penal era v\u00edctima del delito y del proceso, este \u00faltimo dise\u00f1ado en funci\u00f3n de mayores derechos para los acusados y donde se revictimizaba a la persona perjudicada\u00bb, afirma.<\/p>\n\n\n\n<p class=\"wp-block-paragraph\"><br>Con la Constituci\u00f3n de 2019 y la nueva Ley del Proceso Penal, por primera vez,&nbsp;la v\u00edctima pas\u00f3 a ser parte en el proceso penal&nbsp;y puede designar, incluso, sus propios abogados. Pero ese cambio legal solo se traduce en protecci\u00f3n real si quien la acompa\u00f1a sabe c\u00f3mo hacerlo, advierte.<\/p>\n\n\n\n<p class=\"wp-block-paragraph\"><br>\u00abEn sentido general, los juristas no estamos familiarizados con los t\u00e9rminos y las formas de tratar, ni incluso con el lenguaje corporal necesario para atender a una v\u00edctima de violencia de g\u00e9nero\u00bb, reconoce Xiqu\u00e9.<\/p>\n\n\n\n<p class=\"wp-block-paragraph\"><br>La especializaci\u00f3n, dice, cumple un prop\u00f3sito que va m\u00e1s all\u00e1 de lo t\u00e9cnico: \u00abque ellas puedan saber que llegan a un lugar donde van a ser atendidas, comprendidas, orientadas y vistas, sobre todo, como mujeres, como seres humanos que requieren ayuda y no como la \u00bfpobrecita? que ha sido golpeada\u00bb.<\/p>\n\n\n\n<p class=\"wp-block-paragraph\"><br>Para la experta, hay que mirar el proceso penal con lentes de g\u00e9nero. \u00abNi siquiera la actividad probatoria ocurre de igual manera que en otro proceso penal. La forma de llevar a cabo la representaci\u00f3n t\u00e9cnica es diametralmente diferente, incluso, al resto de las v\u00edctimas de delitos de otras tipolog\u00edas\u00bb, se\u00f1ala.<\/p>\n\n\n\n<p class=\"wp-block-paragraph\"><br>Esa mirada entrenada permite identificar violencia donde antes se naturalizaban ciertos comportamientos que pueden constituir actos de violencia y antesala de formas m\u00e1s graves de ejercerla, explica Zamora Sor\u00ed.<\/p>\n\n\n\n<p class=\"wp-block-paragraph\"><br>Agrega dos claves. Primero, \u00abcomo todo proceso legal, este tambi\u00e9n requiere pruebas. Hay que ense\u00f1ar a la v\u00edctima c\u00f3mo buscarlas, obtenerlas legalmente e incorporarlas al caso\u00bb. Segundo: evitar la revictimizaci\u00f3n. Ella no debe declarar delante del acusado ni repetir su historia cada vez que cambie el instructor, fiscal o abogado. Incluso puede quedar exenta del juicio oral.<\/p>\n\n\n\n<p class=\"wp-block-paragraph\"><br>La abogada subraya que esta protecci\u00f3n se extiende con especial \u00e9nfasis a las v\u00edctimas menores de edad.<\/p>\n\n\n\n<p class=\"wp-block-paragraph\"><br><strong>El eslab\u00f3n que falta<\/strong><\/p>\n\n\n\n<p class=\"wp-block-paragraph\"><br>Un consenso entre quienes sostienen el proyecto es que la respuesta jur\u00eddica no puede ir sola. El mayor desaf\u00edo est\u00e1 en la articulaci\u00f3n interinstitucional, con actores como la polic\u00eda y la fiscal\u00eda, organismos que determinan si una v\u00edctima queda protegida o expuesta en las primeras horas cr\u00edticas.<\/p>\n\n\n\n<p class=\"wp-block-paragraph\"><br>En 2024, los tribunales cubanos juzgaron 230 casos de delitos sexuales, de acuerdo con datos del Observatorio. Pero llegar a ese punto del proceso supone antes una cadena de respuestas que deben funcionar de manera coordinada, r\u00e1pida y sensible.<\/p>\n\n\n\n<p class=\"wp-block-paragraph\"><br>\u00abCuando una persona est\u00e1 sometida a un r\u00e9gimen de violencia de g\u00e9nero, lo primero que hay que hacer es protegerla. El proceso penal tiene concebido medidas cautelares que son de seguridad. Si no tenemos una efectividad de manera inmediata, con la polic\u00eda y la fiscal\u00eda, se pierde esa protecci\u00f3n a la vida, a la integridad f\u00edsica de la v\u00edctima, de sus hijos\u00bb, advierte Zamora Sor\u00ed.<\/p>\n\n\n\n<p class=\"wp-block-paragraph\"><br>La jurista aclara que no se trata de recibir trato preferencial, sino de entender la l\u00f3gica propia de estos casos. \u00abNo puede ir por el mismo camino que va un hurto ni robo con violencia, por graves que tambi\u00e9n sean esos delitos. La violencia de g\u00e9nero tiene que tener una respuesta diferenciada\u00bb, destaca.<\/p>\n\n\n\n<p class=\"wp-block-paragraph\"><br>Rodr\u00edguez M\u00e9ndez sit\u00faa esa articulaci\u00f3n como el mayor reto del servicio. \u00abQuisi\u00e9ramos que avanzara m\u00e1s, para que los frutos del trabajo de la oficina sean m\u00e1s visibles y efectivos en la realidad concreta\u00bb, dice.<\/p>\n\n\n\n<p class=\"wp-block-paragraph\"><br>Zamora Sor\u00ed a\u00f1ade que las alianzas requieren coherencia interna. \u00abCada instituci\u00f3n debe tener su propio protocolo y luego articularlos entre s\u00ed\u00bb, dice.<br>El otro desaf\u00edo est\u00e1 en las propias v\u00edctimas. \u00abMuchas mujeres sufren violencia durante a\u00f1os y no denuncian, ya sea porque no conocen el sistema legal, sienten miedo o no se sienten con fuerzas para cambiar su realidad\u00bb, afirma.<\/p>\n\n\n\n<p class=\"wp-block-paragraph\"><br>Marisol Alfonso, jefa de la Oficina del Unfpa en Cuba, comparte esa lectura y se\u00f1ala el horizonte. \u00abLograr la articulaci\u00f3n con otras instancias del \u00e1mbito jur\u00eddico, con el sector de la salud, con el sector social comunitario, para que estas respuestas sean mucho m\u00e1s articuladas y efectivas, es parte de los compromisos que hemos establecido en este proyecto\u00bb, subraya.<\/p>\n\n\n\n<p class=\"wp-block-paragraph\"><br><strong>Una respuesta que crece<\/strong><\/p>\n\n\n\n<p class=\"wp-block-paragraph\"><br>Este bufete especializado es la punta visible de algo mayor. Su rol metodol\u00f3gico lo convierte en centro de referencia nacional: los especialistas del bufete emiten criterios t\u00e9cnicos, elaboran dict\u00e1menes y orientan la tramitaci\u00f3n de asuntos de VBG en todos los bufetes del pa\u00eds, apunta su directora.<\/p>\n\n\n\n<p class=\"wp-block-paragraph\"><br>Han redactado el Protocolo de actuaci\u00f3n para la defensa de los intereses de las v\u00edctimas de VBG, que unifica procedimientos y estandariza el trabajo t\u00e9cnico. Construyen, adem\u00e1s, un fondo bibliogr\u00e1fico especializado y recopilan sentencias clave que ayuden a entender c\u00f3mo aplicar la ley, tomando en cuenta no solo el g\u00e9nero sino otras condiciones que hacen m\u00e1s vulnerable a una mujer: su edad, si tiene alguna discapacidad, su situaci\u00f3n econ\u00f3mica.<\/p>\n\n\n\n<p class=\"wp-block-paragraph\"><br>El proyecto opera en las 15 provincias del pa\u00eds. Pero la aspiraci\u00f3n va m\u00e1s lejos. \u00abAunque el proyecto est\u00e1 en 40 municipios, este bufete, con su rol metodol\u00f3gico, es capaz de ofrecer asesor\u00eda al resto del pa\u00eds\u00bb, dice Marisol Alfonso y apunta que en todas las provincias hay al menos un municipio con capacidades instaladas.<br>Yasnari P\u00e9rez Rodr\u00edguez, jefa del Departamento de Prevenci\u00f3n y Trabajo Comunitario de la FMC, sit\u00faa este servicio dentro del marco m\u00e1s amplio del Programa Nacional para el Adelanto de las Mujeres y de la Estrategia integral de prevenci\u00f3n y atenci\u00f3n a la violencia de g\u00e9nero y en el escenario familiar.<\/p>\n\n\n\n<p class=\"wp-block-paragraph\"><br>Para ella, el principal desaf\u00edo est\u00e1 en el acompa\u00f1amiento a las v\u00edctimas en el \u00e1mbito comunitario y en la responsabilidad que tiene la propia organizaci\u00f3n de divulgar el servicio en esos espacios.<\/p>\n\n\n\n<p class=\"wp-block-paragraph\"><br>Cinco meses despu\u00e9s de su inauguraci\u00f3n, la oficina no es, a\u00fan, la respuesta completa que las v\u00edctimas de violencia de g\u00e9nero en Cuba necesitan y merecen.<br>Pero quienes hoy laboran all\u00ed consideran que es un paso clave en el camino hacia la erradicaci\u00f3n de barreras institucionales y a favor de un sistema jur\u00eddico que responda a las necesidades de las sobrevivientes a la violencia machista.<\/p>\n\n\n\n<p class=\"wp-block-paragraph\">SEM-SEMlac\/lf<\/p>\n","protected":false},"excerpt":{"rendered":"<p>Lisandra Fari\u00f1asSemM\u00e9xico\/SEMlac, La Habana, 20 de abril, 2027.- Que cualquier mujer golpeada, amenazada o humillada pueda llegar a un espacio seguro donde alguien la escuche, oriente y comprenda, sin cuestionamientos ni juicios, ha sido durante mucho tiempo un reclamo al sistema jur\u00eddico cubano, tanto del lado de las v\u00edctimas como de muchos profesionales del Derecho. [&hellip;]<\/p>\n","protected":false},"author":3,"featured_media":104763,"comment_status":"open","ping_status":"open","sticky":false,"template":"","format":"standard","meta":{"_monsterinsights_skip_tracking":false,"footnotes":""},"categories":[748],"tags":[],"class_list":["post-104762","post","type-post","status-publish","format-standard","has-post-thumbnail","category-cultura-feminista"],"_links":{"self":[{"href":"https:\/\/redsemlac.com\/semmexico\/wp-json\/wp\/v2\/posts\/104762","targetHints":{"allow":["GET"]}}],"collection":[{"href":"https:\/\/redsemlac.com\/semmexico\/wp-json\/wp\/v2\/posts"}],"about":[{"href":"https:\/\/redsemlac.com\/semmexico\/wp-json\/wp\/v2\/types\/post"}],"author":[{"embeddable":true,"href":"https:\/\/redsemlac.com\/semmexico\/wp-json\/wp\/v2\/users\/3"}],"replies":[{"embeddable":true,"href":"https:\/\/redsemlac.com\/semmexico\/wp-json\/wp\/v2\/comments?post=104762"}],"version-history":[{"count":0,"href":"https:\/\/redsemlac.com\/semmexico\/wp-json\/wp\/v2\/posts\/104762\/revisions"}],"wp:featuredmedia":[{"embeddable":true,"href":"https:\/\/redsemlac.com\/semmexico\/wp-json\/wp\/v2\/media\/104763"}],"wp:attachment":[{"href":"https:\/\/redsemlac.com\/semmexico\/wp-json\/wp\/v2\/media?parent=104762"}],"wp:term":[{"taxonomy":"category","embeddable":true,"href":"https:\/\/redsemlac.com\/semmexico\/wp-json\/wp\/v2\/categories?post=104762"},{"taxonomy":"post_tag","embeddable":true,"href":"https:\/\/redsemlac.com\/semmexico\/wp-json\/wp\/v2\/tags?post=104762"}],"curies":[{"name":"wp","href":"https:\/\/api.w.org\/{rel}","templated":true}]}}