{"id":104748,"date":"2026-04-20T17:48:27","date_gmt":"2026-04-20T23:48:27","guid":{"rendered":"https:\/\/redsemlac.com\/semmexico\/?p=104748"},"modified":"2026-04-20T17:48:28","modified_gmt":"2026-04-20T23:48:28","slug":"acusan-a-director-del-sizart-de-hostigar-laboralmente-a-una-subalterna","status":"publish","type":"post","link":"https:\/\/redsemlac.com\/semmexico\/acusan-a-director-del-sizart-de-hostigar-laboralmente-a-una-subalterna\/","title":{"rendered":"Acusan a director del SIZART de hostigar laboralmente a una subalterna"},"content":{"rendered":"\n<ul class=\"wp-block-list\">\n<li>La denuncia contra Hemelio Camarillo Conde no ha sido admitida<\/li>\n\n\n\n<li>Podr\u00edan surgir nuevos casos, advierte el abogado Jorge Rada<\/li>\n<\/ul>\n\n\n\n<p class=\"wp-block-paragraph\">Nallely de Le\u00f3n Montellano<\/p>\n\n\n\n<p class=\"wp-block-paragraph\">SemM\u00e9xico, Zacatecas, 20 de abril, 2026.- El director del Sistema Zacatecano de Radio y Televisi\u00f3n, SIZART, Hermelio Camarillo Conde, fue acusado ante las autoridades, pero la denuncia no ha sido admitida por hostigamiento laboral en contra de una trabajadora que es su subalterna, situaci\u00f3n que ha agravado el comportamiento del funcionario y a\u00fan no existe respuesta de las autoridades.<\/p>\n\n\n\n<p class=\"wp-block-paragraph\">As\u00ed lo dio a conocer el abogado Jorge Rada Lu\u00e9vano, quien asegur\u00f3 que la afectada ha enfrentado agresiones constantes por parte de su superior jer\u00e1rquico, sin que hasta ahora exista respuesta de las autoridades, esto de acuerdo con datos publicados por P\u00e1gina 24.<\/p>\n\n\n\n<p class=\"wp-block-paragraph\">El abogado explic\u00f3 que Karen Aide Lara Robles, coordinadora de Noticias y jefa de Informaci\u00f3n del sistema estatal, present\u00f3 una denuncia formal en contra del funcionario p\u00fablico el pasado 7 de abril, adem\u00e1s de solicitar medidas cautelares para frenar el hostigamiento y garantizar condiciones laborales seguras, situaci\u00f3n que ha agravado y no existe hasta ahora respuesta de las autoridades.<\/p>\n\n\n\n<p class=\"wp-block-paragraph\">\u201cEl hostigamiento no s\u00f3lo no ha cesado, sino que ha recrudecido\u201d, afirm\u00f3 Rada Lu\u00e9vano, al se\u00f1alar que las afectaciones ya rebasaron el \u00e1mbito laboral y han impactado tambi\u00e9n en la vida personal de la funcionaria, quien recientemente atraves\u00f3 una cirug\u00eda de alto riesgo y, aun en incapacidad m\u00e9dica, continu\u00f3 siendo objeto de presiones.<\/p>\n\n\n\n<p class=\"wp-block-paragraph\">El abogado subray\u00f3 que, pese a que existe un criterio reciente de la Suprema Corte de Justicia de la Naci\u00f3n que obliga a los \u00f3rganos internos de control a actuar de oficio ante este tipo de casos, la denuncia ni siquiera ha sido formalmente admitida o, al menos, no se ha informado sobre su tr\u00e1mite.<\/p>\n\n\n\n<p class=\"wp-block-paragraph\">En ese sentido, advirti\u00f3 que este caso no ser\u00eda aislado, sino reflejo de un problema m\u00e1s amplio dentro de la administraci\u00f3n estatal.&nbsp;Asegur\u00f3 que otros funcionarios han acudido a su despacho para exponer situaciones similares, aunque no han presentado denuncias por temor a represalias.<\/p>\n\n\n\n<p class=\"wp-block-paragraph\">El abogado sostuvo que podr\u00edan surgir m\u00e1s casos en los pr\u00f3ximos d\u00edas si las v\u00edctimas deciden hacerlos p\u00fablicos, ya que a Camarillo Conde se le atribuyen conductas sistem\u00e1ticas de hostigamiento que, de acuerdo con la defensa, se han prolongado durante a\u00f1os y est\u00e1n respaldadas por testimonios y otras pruebas.&nbsp;<\/p>\n\n\n\n<p class=\"wp-block-paragraph\">Entre las medidas solicitadas, destac\u00f3 el cese inmediato de las agresiones, la restituci\u00f3n de las funciones de la trabajadora \u2013quien, seg\u00fan dijo, ha sido relegada de sus responsabilidades\u2013 y la apertura de un canal de di\u00e1logo que permita atender el caso dentro del marco legal.<\/p>\n\n\n\n<p class=\"wp-block-paragraph\">SEM-P\u00e1gina24\/nlm<\/p>\n","protected":false},"excerpt":{"rendered":"<p>Nallely de Le\u00f3n Montellano SemM\u00e9xico, Zacatecas, 20 de abril, 2026.- El director del Sistema Zacatecano de Radio y Televisi\u00f3n, SIZART, Hermelio Camarillo Conde, fue acusado ante las autoridades, pero la denuncia no ha sido admitida por hostigamiento laboral en contra de una trabajadora que es su subalterna, situaci\u00f3n que ha agravado el comportamiento del funcionario [&hellip;]<\/p>\n","protected":false},"author":3,"featured_media":104749,"comment_status":"open","ping_status":"open","sticky":false,"template":"","format":"standard","meta":{"_monsterinsights_skip_tracking":false,"footnotes":""},"categories":[48],"tags":[],"class_list":["post-104748","post","type-post","status-publish","format-standard","has-post-thumbnail","category-no-mas-impunidad-no-mas-impunidad"],"_links":{"self":[{"href":"https:\/\/redsemlac.com\/semmexico\/wp-json\/wp\/v2\/posts\/104748","targetHints":{"allow":["GET"]}}],"collection":[{"href":"https:\/\/redsemlac.com\/semmexico\/wp-json\/wp\/v2\/posts"}],"about":[{"href":"https:\/\/redsemlac.com\/semmexico\/wp-json\/wp\/v2\/types\/post"}],"author":[{"embeddable":true,"href":"https:\/\/redsemlac.com\/semmexico\/wp-json\/wp\/v2\/users\/3"}],"replies":[{"embeddable":true,"href":"https:\/\/redsemlac.com\/semmexico\/wp-json\/wp\/v2\/comments?post=104748"}],"version-history":[{"count":0,"href":"https:\/\/redsemlac.com\/semmexico\/wp-json\/wp\/v2\/posts\/104748\/revisions"}],"wp:featuredmedia":[{"embeddable":true,"href":"https:\/\/redsemlac.com\/semmexico\/wp-json\/wp\/v2\/media\/104749"}],"wp:attachment":[{"href":"https:\/\/redsemlac.com\/semmexico\/wp-json\/wp\/v2\/media?parent=104748"}],"wp:term":[{"taxonomy":"category","embeddable":true,"href":"https:\/\/redsemlac.com\/semmexico\/wp-json\/wp\/v2\/categories?post=104748"},{"taxonomy":"post_tag","embeddable":true,"href":"https:\/\/redsemlac.com\/semmexico\/wp-json\/wp\/v2\/tags?post=104748"}],"curies":[{"name":"wp","href":"https:\/\/api.w.org\/{rel}","templated":true}]}}