{"id":104697,"date":"2026-04-17T14:53:29","date_gmt":"2026-04-17T20:53:29","guid":{"rendered":"https:\/\/redsemlac.com\/semmexico\/?p=104697"},"modified":"2026-04-17T14:53:30","modified_gmt":"2026-04-17T20:53:30","slug":"asegurar-que-la-onu-sea-la-mejor-version-de-si-misma-en-el-pais-es-mi-papel","status":"publish","type":"post","link":"https:\/\/redsemlac.com\/semmexico\/asegurar-que-la-onu-sea-la-mejor-version-de-si-misma-en-el-pais-es-mi-papel\/","title":{"rendered":"Asegurar que la ONU sea la mejor versi\u00f3n de s\u00ed misma en el pa\u00eds, es mi papel"},"content":{"rendered":"\n<ul class=\"wp-block-list\">\n<li>Conoce a Allegra Baiocchi, la nueva Coordinadora Residente de Naciones Unidas en M\u00e9xico<\/li>\n\n\n\n<li>Me motiva saber que t\u00fa est\u00e1s ah\u00ed no s\u00f3lo para ayudar a la sobrevivencia de estas personas, sino para\u00a0acompa\u00f1ar en el camino<\/li>\n<\/ul>\n\n\n\n<p class=\"wp-block-paragraph\">SemM\u00e9xico, Ciudad de M\u00e9xico, 17&nbsp;de abril, 2026.-&nbsp;Allegra Baiocchi es una ciudadana del mundo&nbsp;que mantiene los pies en la tierra y prefiere usar tenis para caminar: naci\u00f3 en Venezuela, creci\u00f3 en \u00c1frica, estudi\u00f3 en Italia y ahora, con m\u00e1s de 25 a\u00f1os de experiencia en desarrollo y asuntos humanitarios, coordina al Sistema de Naciones Unidas en M\u00e9xico.<\/p>\n\n\n\n<p class=\"wp-block-paragraph\">&nbsp;<br>Desde muy joven, Allegra valor\u00f3 la idea de un mundo diverso y multicultural, al tiempo que forj\u00f3 su&nbsp;vocaci\u00f3n de servicio&nbsp;al observar de cerca injusticias y desigualdades.&nbsp;Empez\u00f3 como voluntaria&nbsp;auxiliando a migrantes y personas en situaci\u00f3n de calle en Europa y, tras realizar sus estudios en ciencia pol\u00edtica y econom\u00eda en Roma, inici\u00f3 su trabajo humanitario en Burundi.<br>&nbsp;<br>El Programa de Oficiales de J\u00f3venes de la ONU la llev\u00f3 a Nueva York, a la Oficina de las Naciones Unidas para la Coordinaci\u00f3n de Asuntos Humanitarios (OCHA), donde se especializ\u00f3 en desplazamiento interno y protecci\u00f3n de civiles. Siguieron cargos en la Misi\u00f3n de Paz de la ONU en Sud\u00e1n, en la oficina de OCHA Somalia y la oficina regional para el Sahel, hasta llegar a la posici\u00f3n de Coordinadora Residente y Coordinadora Humanitaria de la ONU en Camer\u00fan. Recientemente fue Coordinadora Residente de la ONU en Costa Rica y hoy est\u00e1&nbsp;agradecida de encontrarse en M\u00e9xico, de tener la oportunidad de conocer a su gente y de poder aportar desde Naciones Unidas.<br>&nbsp;<br>\u201cM\u00e9xico me inspir\u00f3 por las posiciones que tiene sobre muchos temas cercanos a la ONU y su apoyo al multilateralismo. La apuesta que hace este gobierno hacia los valores, hacia el bienestar, los derechos y el hecho de poder trabajar con una presidenta me anim\u00f3 much\u00edsimo\u201d, destaca.<br>&nbsp;<br>\u201cMi rol de Coordinadora es asegurar&nbsp;que la ONU sea la mejor versi\u00f3n de s\u00ed misma&nbsp;en el pa\u00eds\u201d, agrega.<\/p>\n\n\n\n<p class=\"wp-block-paragraph\"><strong>Valores que inspiran<br><\/strong><br>Para la nueva Coordinadora Residente de la ONU en M\u00e9xico,&nbsp;la humildad, la escucha, el di\u00e1logo, el respeto y la resiliencia&nbsp;se han convertido en su gu\u00eda a lo largo de su carrera.<br>&nbsp;<br>\u201cLo que m\u00e1s he aprendido a trav\u00e9s de estos a\u00f1os es que nosotros estamos aqu\u00ed para apoyar a la&nbsp;consolidaci\u00f3n de soluciones nacionales y locales. He aprendido a llegar con la escucha y desde esta escucha decidir en qu\u00e9 puede aportar la ONU\u201d, se\u00f1ala.<br>&nbsp;<br>En contextos de crisis y guerras, Allegra aprendi\u00f3 sobre resiliencia al observar la fortaleza y la determinaci\u00f3n de las personas desplazadas por la violencia y las violaciones de sus derechos.<br>&nbsp;<br>\u201cCada persona en estos contextos tiene un sue\u00f1o. \u00c9sa es la motivaci\u00f3n: saber que t\u00fa est\u00e1s ah\u00ed no solo para ayudar a la sobrevivencia de estas personas sino para&nbsp;acompa\u00f1ar en el camino hacia la realizaci\u00f3n de esos sue\u00f1os\u201d, cuenta.<br>&nbsp;<br>Allegra se dice todav\u00eda&nbsp;\u201cfan de la ONU\u201d&nbsp;y de sus principios, por lo que valora m\u00e1s que nunca el papel de la organizaci\u00f3n para promover la paz y el desarrollo sostenible. \u201cLa gente lo olvida: la ONU naci\u00f3 de una guerra. Y es en momentos como esos que encontramos m\u00e1s aliados, al darnos cuenta que la opci\u00f3n de la guerra no es la soluci\u00f3n.&nbsp;Es muy f\u00e1cil decir: \u2018promovemos la paz en momentos de paz\u2019. Pero es mucho m\u00e1s dif\u00edcil promoverla en momentos de guerra\u201d.&nbsp;<br>&nbsp;<br>\u201cCon muchos desaf\u00edos y a veces con muchos errores, pero la&nbsp;opci\u00f3n del di\u00e1logo que defiende la ONU es la v\u00eda\u201d, asegura. \u201cY en el proceso de transformaci\u00f3n que atraviesa la ONU, se reafirma una convicci\u00f3n clara: no hay alternativa al di\u00e1logo y a los procesos multilaterales\u201d.<br>&nbsp;<br>En ese sentido, la Coordinadora Residente destaca&nbsp;\u201cla voz de un pa\u00eds como M\u00e9xico\u201d; su liderazgo a nivel regional y global para abanderar agendas a favor de los derechos y el cuidado del planeta. \u201cCuando M\u00e9xico asume un compromiso, ejerce liderazgo e impulsa estas agendas, es simb\u00f3licamente muy importante por el mensaje que da al resto del mundo. M\u00e9xico puede ser una voz l\u00edder en Latinoam\u00e9rica y el mundo\u201d.<br>&nbsp;<br>Para Allegra,&nbsp;los problemas que aquejan actualmente al mundo son in\u00e9ditos: las guerras, la desinformaci\u00f3n, el cambio clim\u00e1tico, la apat\u00eda de no votar, el desprecio hacia la pol\u00edtica, el debilitamiento de los Estados y el des\u00e1nimo entre algunas juventudes con visiones regresivas, por mencionar algunos.&nbsp;<br>&nbsp;<br>Ante ello, considera m\u00e1s importante que nunca que las y los ciudadanos del mundo se \u201cdespierten\u201d y se activen para&nbsp;defender los derechos alcanzados con \u201cdeterminaci\u00f3n extraordinaria\u201d&nbsp;para no permitir retrocesos. \u201cQue nada ni nadie nos detenga\u201d, destaca.<\/p>\n\n\n\n<p class=\"wp-block-paragraph\"><strong>Motivada por M\u00e9xico<br><\/strong>&nbsp;<br>Allegra admira la diversidad de M\u00e9xico, por lo que considera clave&nbsp;\u201cabrazar la complejidad\u201d del pa\u00eds y trabajar en unidad&nbsp;con todos los sectores -gobiernos, sociedad civil, empresas, academia, sindicatos, juventudes- para hacer valer los principios de la ONU e impulsar la implementaci\u00f3n de la Agenda 2030, con un enfoque de derechos humanos e interseccionalidad.<br>&nbsp;<br>Defiende con especial convicci\u00f3n&nbsp;la igualdad de g\u00e9nero y el empoderamiento de las mujeres y las ni\u00f1as. \u201cComo mujer me siento muy comprometida y muy responsable de hacer lo que puedo hacer para avanzar en esta agenda\u201d, dice.<br>&nbsp;<br>\u201cPoder decir feminismo en voz alta, poder ponerme el pin ODS sin miedo, sin cr\u00edtica, no podemos darlo por sentado.&nbsp;No es as\u00ed en muchos pa\u00edses. Para alguien que trabaja en la ONU, estar en un pa\u00eds aliado significa poder avanzar\u201d, afirma.<br>&nbsp;<br>En coordinaci\u00f3n con el Gobierno de M\u00e9xico y las 23 agencias, fondos y programas del Sistema de Naciones Unidas en M\u00e9xico, Allegra implementar\u00e1 el nuevo&nbsp;Marco de Cooperaci\u00f3n de las Naciones Unidas para el Desarrollo Sostenible de M\u00e9xico 2026-2031, el cual se alinea con los objetivos del Plan Nacional de Desarrollo 2025-2030 y la Agenda 2030 de Desarrollo Sostenible. \u201cAqu\u00ed estamos para colaborar en la implementaci\u00f3n de una visi\u00f3n basada en las prioridades nacionales.&nbsp;Mi trabajo es que la m\u00e1quina de apoyo ONU sea la m\u00e1s eficiente,&nbsp;la m\u00e1s coherente, la m\u00e1s transformadora posible\u201d, indica.<br>&nbsp;<br>\u201cLa ONU est\u00e1 al servicio de las personas. La ONU est\u00e1 al servicio de las y los aliados, las contrapartes, los gobiernos, para&nbsp;co-construir soluciones que deben nacer del territorio\u201d, concluye la nueva Coordinadora Residente de la ONU en M\u00e9xico, cargo que ocupar\u00e1 al menos hasta 2030.<br>&nbsp;<br>En ese sentido,&nbsp;Allegra Baiocchi invita a las y los mexicanos a acercarse a la ONU, a seguir a la organizaci\u00f3n en su&nbsp;sitio web y en sus redes sociales, para conocer m\u00e1s sobre el trabajo que realiza en todo el pa\u00eds, y a contactar a su personal y a sus oficinas para construir de manera conjunta ideas y soluciones.<br><br>M\u00e1s de 1,000 personas integran el personal de la ONU en M\u00e9xico. Durante el periodo 2020-2025, la ONU en M\u00e9xico implement\u00f3&nbsp;441 iniciativas en las 32 entidades federativas&nbsp;del pa\u00eds: 236 a nivel federal y 205 a nivel estatal, enfocadas en igualdad e inclusi\u00f3n; prosperidad e innovaci\u00f3n; econom\u00eda verde y cambio clim\u00e1tico; as\u00ed como en paz, justicia y Estado de derecho. (Consulta aqu\u00ed el&nbsp;<a href=\"https:\/\/onunoticias.us4.list-manage.com\/track\/click?u=4818fde9fa44352c65c9b6ae8&amp;id=7cf0cd6adb&amp;e=826b3998a1\" target=\"_blank\" rel=\"noreferrer noopener\">Informe de Resultados 2020-2025<\/a>)<br><br>* Texto, video y fotos: Carmen Morales y Elo\u00edsa Farrera Hern\u00e1ndez&nbsp;| Centro de Informaci\u00f3n de las Naciones Unidas para M\u00e9xico, Cuba y Rep\u00fablica Dominicana&nbsp;<\/p>\n","protected":false},"excerpt":{"rendered":"<p>SemM\u00e9xico, Ciudad de M\u00e9xico, 17&nbsp;de abril, 2026.-&nbsp;Allegra Baiocchi es una ciudadana del mundo&nbsp;que mantiene los pies en la tierra y prefiere usar tenis para caminar: naci\u00f3 en Venezuela, creci\u00f3 en \u00c1frica, estudi\u00f3 en Italia y ahora, con m\u00e1s de 25 a\u00f1os de experiencia en desarrollo y asuntos humanitarios, coordina al Sistema de Naciones Unidas en [&hellip;]<\/p>\n","protected":false},"author":3,"featured_media":104698,"comment_status":"open","ping_status":"open","sticky":false,"template":"","format":"standard","meta":{"_monsterinsights_skip_tracking":false,"footnotes":""},"categories":[53],"tags":[],"class_list":["post-104697","post","type-post","status-publish","format-standard","has-post-thumbnail","category-internacional"],"_links":{"self":[{"href":"https:\/\/redsemlac.com\/semmexico\/wp-json\/wp\/v2\/posts\/104697","targetHints":{"allow":["GET"]}}],"collection":[{"href":"https:\/\/redsemlac.com\/semmexico\/wp-json\/wp\/v2\/posts"}],"about":[{"href":"https:\/\/redsemlac.com\/semmexico\/wp-json\/wp\/v2\/types\/post"}],"author":[{"embeddable":true,"href":"https:\/\/redsemlac.com\/semmexico\/wp-json\/wp\/v2\/users\/3"}],"replies":[{"embeddable":true,"href":"https:\/\/redsemlac.com\/semmexico\/wp-json\/wp\/v2\/comments?post=104697"}],"version-history":[{"count":0,"href":"https:\/\/redsemlac.com\/semmexico\/wp-json\/wp\/v2\/posts\/104697\/revisions"}],"wp:featuredmedia":[{"embeddable":true,"href":"https:\/\/redsemlac.com\/semmexico\/wp-json\/wp\/v2\/media\/104698"}],"wp:attachment":[{"href":"https:\/\/redsemlac.com\/semmexico\/wp-json\/wp\/v2\/media?parent=104697"}],"wp:term":[{"taxonomy":"category","embeddable":true,"href":"https:\/\/redsemlac.com\/semmexico\/wp-json\/wp\/v2\/categories?post=104697"},{"taxonomy":"post_tag","embeddable":true,"href":"https:\/\/redsemlac.com\/semmexico\/wp-json\/wp\/v2\/tags?post=104697"}],"curies":[{"name":"wp","href":"https:\/\/api.w.org\/{rel}","templated":true}]}}