{"id":104691,"date":"2026-04-17T14:47:16","date_gmt":"2026-04-17T20:47:16","guid":{"rendered":"https:\/\/redsemlac.com\/semmexico\/?p=104691"},"modified":"2026-04-17T14:47:17","modified_gmt":"2026-04-17T20:47:17","slug":"exigen-expertas-investigacion-sobre-las-alegaciones-de-trata-del-caso-epstein","status":"publish","type":"post","link":"https:\/\/redsemlac.com\/semmexico\/exigen-expertas-investigacion-sobre-las-alegaciones-de-trata-del-caso-epstein\/","title":{"rendered":"Exigen expertas investigaci\u00f3n sobre las alegaciones de trata del caso Epstein"},"content":{"rendered":"\n<ul class=\"wp-block-list\">\n<li>Relatoras de derechos humanos exigieron una investigaci\u00f3n \u00abcompleta y transparente\u00bb\u00a0<\/li>\n\n\n\n<li>Sobre las alegaciones de trata sistem\u00e1tica de j\u00f3venes y ni\u00f1as con fines de explotaci\u00f3n sexual reveladas en los Archivos de Epstein<\/li>\n<\/ul>\n\n\n\n<p class=\"wp-block-paragraph\">SemM\u00e9xico, Nueva York, 17 de abril, 2026.- Expertas independientes en&nbsp;derechos humanos&nbsp;de la ONU pidieron justicia y rendici\u00f3n de cuentas para las j\u00f3venes y ni\u00f1as que han sido v\u00edctimas sistem\u00e1ticas de trata en el marco de las alegaciones contenidas en el caso Epstein.<\/p>\n\n\n\n<p class=\"wp-block-paragraph\">Las expertas, nombrados por el&nbsp;Consejo de Derechos Humanos&nbsp;de las Naciones Unidas, tambi\u00e9n lanzaron una advertencia general sobre la \u00abviolencia persistente de los sistemas de poder patriarcales\u00bb revelada por los \u00abarchivos de Epstein\u00bb, que el Departamento de Justicia de Estados Unidos comenz\u00f3 a hacer p\u00fablicos a finales del a\u00f1o pasado.<\/p>\n\n\n\n<p class=\"wp-block-paragraph\">Esta vasta colecci\u00f3n de documentos, fotograf\u00edas, registros de vuelos y otros elementos relacionados con las investigaciones sobre las actividades de Jeffrey Epstein, financiero neoyorquino fallecido y acusado de haber creado una red de trata de mujeres y ni\u00f1as para su explotaci\u00f3n sexual, ha sido objeto de importantes debates jur\u00eddicos y pol\u00edticos en los \u00faltimos meses, en Washington y m\u00e1s all\u00e1.<\/p>\n\n\n\n<p class=\"wp-block-paragraph\"><strong>Llamamiento a una investigaci\u00f3n transparente<\/strong><\/p>\n\n\n\n<p class=\"wp-block-paragraph\">\u00abEstamos gravemente preocupados por las alegaciones cre\u00edbles contenidas en los &#8216;documentos de Epstein&#8217; sobre una trata sistem\u00e1tica de j\u00f3venes y ni\u00f1as con fines de explotaci\u00f3n sexual, y pedimos una investigaci\u00f3n completa y transparente\u00bb, declararon los expertas en un comunicado de prensa.<\/p>\n\n\n\n<p class=\"wp-block-paragraph\">Estas alegaciones implican a altos cargos pol\u00edticos, personalidades p\u00fablicas, diplom\u00e1ticos, l\u00edderes empresariales de primer nivel y destacados acad\u00e9micos. Describen una trata generalizada de ni\u00f1as y j\u00f3venes a trav\u00e9s de m\u00faltiples fronteras internacionales durante varias d\u00e9cadas.<\/p>\n\n\n\n<p class=\"wp-block-paragraph\">Esta situaci\u00f3n pone de relieve la discriminaci\u00f3n y la violencia profundamente arraigadas inherentes a los sistemas de poder patriarcales, as\u00ed como las deficiencias asociadas en materia de rendici\u00f3n de cuentas, subrayaron Siobh\u00e1n Mullally, relatora especial sobre la trata de personas (en particular mujeres y ni\u00f1as), y los cinco miembros del Grupo de Trabajo sobre la discriminaci\u00f3n contra las mujeres y las ni\u00f1as.<\/p>\n\n\n\n<p class=\"wp-block-paragraph\"><strong>Una cultura de impunidad<\/strong><\/p>\n\n\n\n<p class=\"wp-block-paragraph\">Las expertas recordaron que la trata de ni\u00f1os y j\u00f3venes constituye un delito penal grave, as\u00ed como una flagrante violaci\u00f3n de los derechos humanos. Asimismo, expresaron su&nbsp;profunda preocupaci\u00f3n por la respuesta \u00abtotalmente inadecuada\u00bb de los gobiernos nacionales y las fuerzas del orden.<\/p>\n\n\n\n<p class=\"wp-block-paragraph\">\u00abLa incapacidad para garantizar la rendici\u00f3n de cuentas perpet\u00faa una cultura de impunidad que perjudica de manera desproporcionada a las mujeres y las ni\u00f1as, y compromete la promesa de una protecci\u00f3n igualitaria garantizada por el derecho internacional de los derechos humanos\u00bb, se\u00f1ala el comunicado de las expertas independientes.<\/p>\n\n\n\n<p class=\"wp-block-paragraph\">Adem\u00e1s, la trata de ni\u00f1os con fines de explotaci\u00f3n sexual destruye la infancia y tiene consecuencias devastadoras a largo plazo para las v\u00edctimas.<\/p>\n\n\n\n<p class=\"wp-block-paragraph\">Las expertas recordaron a los gobiernos su obligaci\u00f3n de prevenir la trata, proteger a las v\u00edctimas y garantizar el acceso a la justicia, as\u00ed como la existencia de recursos efectivos, incluida la concesi\u00f3n de reparaciones.<\/p>\n\n\n\n<p class=\"wp-block-paragraph\"><strong>Apoyo a las v\u00edctimas<\/strong><\/p>\n\n\n\n<p class=\"wp-block-paragraph\">\u00abLas v\u00edctimas y las sobrevivientes deben estar en el centro de toda respuesta eficaz a la trata de seres humanos, una respuesta que sea a la vez sensible al trauma y respetuosa de la igualdad de g\u00e9nero\u00bb, precisa el comunicado. \u00abLos Estados deben garantizar asistencia m\u00e9dica \u2014incluidos servicios de salud sexual y reproductiva\u2014, apoyo psicosocial, as\u00ed como medidas de reinserci\u00f3n social y recuperaci\u00f3n a largo plazo\u00bb.<\/p>\n\n\n\n<p class=\"wp-block-paragraph\">Mientras la atenci\u00f3n mundial prestada a este caso comienza a desvanecerse, los expertas pidieron acciones concretas, el establecimiento de responsabilidades y la adopci\u00f3n de medidas urgentes para garantizar el acceso a la justicia, as\u00ed como la concesi\u00f3n de reparaciones, garant\u00edas de no repetici\u00f3n y transparencia.<\/p>\n\n\n\n<p class=\"wp-block-paragraph\">\u00abLos Estados tienen la obligaci\u00f3n de actuar, y esta obligaci\u00f3n no ha hecho m\u00e1s que retrasarse\u00bb, afirmaron.<\/p>\n\n\n\n<p class=\"wp-block-paragraph\">Todos los expertos nombrados de forma independiente obtienen su mandato del Consejo de Derechos Humanos de las Naciones Unidas, con sede en Ginebra. No forman parte del personal de la ONU y no perciben remuneraci\u00f3n alguna por su trabajo.<\/p>\n\n\n\n<p class=\"wp-block-paragraph\">SEM\/sj<\/p>\n","protected":false},"excerpt":{"rendered":"<p>SemM\u00e9xico, Nueva York, 17 de abril, 2026.- Expertas independientes en&nbsp;derechos humanos&nbsp;de la ONU pidieron justicia y rendici\u00f3n de cuentas para las j\u00f3venes y ni\u00f1as que han sido v\u00edctimas sistem\u00e1ticas de trata en el marco de las alegaciones contenidas en el caso Epstein. Las expertas, nombrados por el&nbsp;Consejo de Derechos Humanos&nbsp;de las Naciones Unidas, tambi\u00e9n lanzaron [&hellip;]<\/p>\n","protected":false},"author":3,"featured_media":104692,"comment_status":"open","ping_status":"open","sticky":false,"template":"","format":"standard","meta":{"_monsterinsights_skip_tracking":false,"footnotes":""},"categories":[53],"tags":[],"class_list":["post-104691","post","type-post","status-publish","format-standard","has-post-thumbnail","category-internacional"],"_links":{"self":[{"href":"https:\/\/redsemlac.com\/semmexico\/wp-json\/wp\/v2\/posts\/104691","targetHints":{"allow":["GET"]}}],"collection":[{"href":"https:\/\/redsemlac.com\/semmexico\/wp-json\/wp\/v2\/posts"}],"about":[{"href":"https:\/\/redsemlac.com\/semmexico\/wp-json\/wp\/v2\/types\/post"}],"author":[{"embeddable":true,"href":"https:\/\/redsemlac.com\/semmexico\/wp-json\/wp\/v2\/users\/3"}],"replies":[{"embeddable":true,"href":"https:\/\/redsemlac.com\/semmexico\/wp-json\/wp\/v2\/comments?post=104691"}],"version-history":[{"count":0,"href":"https:\/\/redsemlac.com\/semmexico\/wp-json\/wp\/v2\/posts\/104691\/revisions"}],"wp:featuredmedia":[{"embeddable":true,"href":"https:\/\/redsemlac.com\/semmexico\/wp-json\/wp\/v2\/media\/104692"}],"wp:attachment":[{"href":"https:\/\/redsemlac.com\/semmexico\/wp-json\/wp\/v2\/media?parent=104691"}],"wp:term":[{"taxonomy":"category","embeddable":true,"href":"https:\/\/redsemlac.com\/semmexico\/wp-json\/wp\/v2\/categories?post=104691"},{"taxonomy":"post_tag","embeddable":true,"href":"https:\/\/redsemlac.com\/semmexico\/wp-json\/wp\/v2\/tags?post=104691"}],"curies":[{"name":"wp","href":"https:\/\/api.w.org\/{rel}","templated":true}]}}