{"id":104610,"date":"2026-04-15T11:55:00","date_gmt":"2026-04-15T17:55:00","guid":{"rendered":"https:\/\/redsemlac.com\/semmexico\/?p=104610"},"modified":"2026-04-15T11:55:01","modified_gmt":"2026-04-15T17:55:01","slug":"bellas-y-airosas-cuando-tenga-64-anos","status":"publish","type":"post","link":"https:\/\/redsemlac.com\/semmexico\/bellas-y-airosas-cuando-tenga-64-anos\/","title":{"rendered":"Bellas y Airosas | Cuando tenga 64 a\u00f1os"},"content":{"rendered":"\n<p class=\"wp-block-paragraph\"><\/p>\n\n\n\n<p class=\"wp-block-paragraph\">Elvira Hern\u00e1ndez Carballido<\/p>\n\n\n\n<p class=\"wp-block-paragraph\">SemM\u00e9xico, Pachuca, Hidalgo, 15 de abril, 2026.- Este mi\u00e9rcoles 15 de abril cumplo 64 a\u00f1os y no puedo evitar que a cada rato llegue a mi mente aquella vieja canci\u00f3n de los Beatles donde la voz de Paul McCartney preguntaba a su amada si lo seguir\u00e1 amando al llegar a esa edad.&nbsp;<\/p>\n\n\n\n<p class=\"wp-block-paragraph\">Si bien, no cumplo para nada con el panorama dibujado en la letra de esa melod\u00eda ya que todav\u00eda tengo cabello, no tengo nietos, ni tampoco tejo junto a la chimenea, al igual que el cantante tambi\u00e9n elaboro preguntas que justo por esta edad, 64 a\u00f1os, respondo a mi conveniencia, esperanza y locura, por ejemplo, ahorita me veo al espejo y la primera interrogante que surge es:<\/p>\n\n\n\n<ul class=\"wp-block-list\">\n<li>\u00bfQu\u00e9 ha pasado con mis canas? Y respondo gozosa:\u00a0<\/li>\n<\/ul>\n\n\n\n<p class=\"wp-block-paragraph\">Me gustan, las luzco orgullosa imaginando que decenas de luci\u00e9rnagas quieren alumbrar mis ideas, cada historia que convierto en cuento o cada columna period\u00edstica donde me delato tal cual soy, bella y airosa. Aunque, otra veces, juego a colorear estos destellos de luna en mi pelo, lo he pintado de morado, rosa y ahorita de negro azulado. No es que intente ocultar mi edad, tal vez al pintarme el cabello dejo que la Elvira ni\u00f1a regrese a esos tiempos cuando coloreaba sus cuadernos con crayolas brillantes que delataban su ingenuidad. Posiblemente evoco esos l\u00e1pices de la marca Prismacolor que me permit\u00edan imaginar un mar tranquilo o un cielo prometedor mientras esperaba la hora de salida en la primaria. Regreso al taller de artes pl\u00e1sticas y creo escuchar las risas de mis cinco adoradas amigas de esa \u00e9poca de la secundaria mientras hac\u00edamos acuarelas.&nbsp;<\/p>\n\n\n\n<ul class=\"wp-block-list\">\n<li>\u00bfA\u00fan me gusta jugar?\u00a0<\/li>\n<\/ul>\n\n\n\n<p class=\"wp-block-paragraph\">Todav\u00eda juego con mis mu\u00f1ecas, visto a la moda a mi adorada Victorina -regalo de los reyes magos en 1965-, hoy ella luce hermosa con ese gorro que me compr\u00e9 en Nueva York. Emilia y Artemia, dos mu\u00f1ecas de trapo nacidas en Oaxaca, regalo de mi madre, reciben a cualquier visitante que llega a mi hogar pues est\u00e1n sentaditas en los sillones de la estancia recibi\u00e9ndome todos los d\u00edas con una sonrisa. Sigo comprando peluches, hace poco una vaca de orejitas canosas, m\u00e1s que jugar, son mi compa\u00f1\u00eda en las noches de insomnio.&nbsp;<\/p>\n\n\n\n<ul class=\"wp-block-list\">\n<li>\u00bfLa m\u00fasica sigue siendo mi mejor compa\u00f1\u00eda?\u00a0<\/li>\n<\/ul>\n\n\n\n<p class=\"wp-block-paragraph\">Delato a qu\u00e9 generaci\u00f3n pertenezco cuando me niego a suscribirme a Spotify, tolero un poco YouTube y me aferro a mi vieja grabadora para poner los cd con esas voces que se han convertido en el <em>soundtrack<\/em> de mi vida. Ang\u00e9lica Mar\u00eda y Roc\u00edo D\u00farcal recuperan mi voz infantil. Janis Joplin y Joan B\u00e1ez siguen alentando mi rebeld\u00eda. Yuri sacude mis pecados de amores que ya no se tocan o la Trevi elabora alg\u00fan recuento de los da\u00f1os que ya no me duelen. Nina Galindo me sigue ense\u00f1ando a regalar mi sombra mientras Tere Estrada insiste en que soy una sirena al ataque. Natalia Lofourcade me muestra c\u00f3mo sacar espinas de mi coraz\u00f3n y Mon Laferte sabe que a veces me aburre la vida, pero que siempre hay alguien que hace bellos mis d\u00edas.<\/p>\n\n\n\n<ul class=\"wp-block-list\">\n<li>\u00bfQu\u00e9 colecciono?\u00a0<\/li>\n<\/ul>\n\n\n\n<p class=\"wp-block-paragraph\">Chamanas personales que no dejan de hacinarse en la pared. Mil fridas reposan en sus cuadros prometi\u00e9ndome darme alas para volar y todas mis sirenas naufragan en los muros de mi casa jur\u00e1ndome que a\u00fan en la profundidad de mil mares seguir\u00e1n aconsej\u00e1ndome c\u00f3mo resistir. Rosario Castellanos sigue recitando poemas a mi o\u00eddo y Elena Garro me convence de que todo es culpa de los tlaxcaltecas. Sigo oscilando entre el p\u00e1nico o peligro como me ense\u00f1\u00f3 Mar\u00eda Luisa Puga y le rezo a nuestra se\u00f1ora de la soledad porque me contagi\u00f3 su fe Marcela Serrano.&nbsp;<\/p>\n\n\n\n<ul class=\"wp-block-list\">\n<li>\u00bfPor qu\u00e9 sigo escribiendo a los 64 a\u00f1os?\u00a0<\/li>\n<\/ul>\n\n\n\n<p class=\"wp-block-paragraph\">\u00bfY por qu\u00e9 no? Las palabras apapachan, caen como cascadas para nombrar todo lo que amo, se acurrucan para so\u00f1ar con las personas que quiero y sigo necesitando ahora que tengo 64 a\u00f1os.&nbsp;<\/p>\n","protected":false},"excerpt":{"rendered":"<p>Elvira Hern\u00e1ndez Carballido SemM\u00e9xico, Pachuca, Hidalgo, 15 de abril, 2026.- Este mi\u00e9rcoles 15 de abril cumplo 64 a\u00f1os y no puedo evitar que a cada rato llegue a mi mente aquella vieja canci\u00f3n de los Beatles donde la voz de Paul McCartney preguntaba a su amada si lo seguir\u00e1 amando al llegar a esa edad.&nbsp; [&hellip;]<\/p>\n","protected":false},"author":3,"featured_media":70197,"comment_status":"open","ping_status":"open","sticky":false,"template":"","format":"standard","meta":{"_monsterinsights_skip_tracking":false,"footnotes":""},"categories":[202,35],"tags":[],"class_list":["post-104610","post","type-post","status-publish","format-standard","has-post-thumbnail","category-elvira-hernandez-carballido","category-opinion"],"_links":{"self":[{"href":"https:\/\/redsemlac.com\/semmexico\/wp-json\/wp\/v2\/posts\/104610","targetHints":{"allow":["GET"]}}],"collection":[{"href":"https:\/\/redsemlac.com\/semmexico\/wp-json\/wp\/v2\/posts"}],"about":[{"href":"https:\/\/redsemlac.com\/semmexico\/wp-json\/wp\/v2\/types\/post"}],"author":[{"embeddable":true,"href":"https:\/\/redsemlac.com\/semmexico\/wp-json\/wp\/v2\/users\/3"}],"replies":[{"embeddable":true,"href":"https:\/\/redsemlac.com\/semmexico\/wp-json\/wp\/v2\/comments?post=104610"}],"version-history":[{"count":0,"href":"https:\/\/redsemlac.com\/semmexico\/wp-json\/wp\/v2\/posts\/104610\/revisions"}],"wp:featuredmedia":[{"embeddable":true,"href":"https:\/\/redsemlac.com\/semmexico\/wp-json\/wp\/v2\/media\/70197"}],"wp:attachment":[{"href":"https:\/\/redsemlac.com\/semmexico\/wp-json\/wp\/v2\/media?parent=104610"}],"wp:term":[{"taxonomy":"category","embeddable":true,"href":"https:\/\/redsemlac.com\/semmexico\/wp-json\/wp\/v2\/categories?post=104610"},{"taxonomy":"post_tag","embeddable":true,"href":"https:\/\/redsemlac.com\/semmexico\/wp-json\/wp\/v2\/tags?post=104610"}],"curies":[{"name":"wp","href":"https:\/\/api.w.org\/{rel}","templated":true}]}}