{"id":104606,"date":"2026-04-15T11:53:23","date_gmt":"2026-04-15T17:53:23","guid":{"rendered":"https:\/\/redsemlac.com\/semmexico\/?p=104606"},"modified":"2026-04-15T11:53:23","modified_gmt":"2026-04-15T17:53:23","slug":"revictimizan-a-mujeres-con-terminos-ambiguos-o-mal-enfocados","status":"publish","type":"post","link":"https:\/\/redsemlac.com\/semmexico\/revictimizan-a-mujeres-con-terminos-ambiguos-o-mal-enfocados\/","title":{"rendered":"Revictimizan a\u00a0 mujeres con t\u00e9rminos ambiguos o mal enfocados\u00a0"},"content":{"rendered":"\n<p class=\"wp-block-paragraph\">Karla Garc\u00eda<\/p>\n\n\n\n<p class=\"wp-block-paragraph\">SemM\u00e9xico\/ Diario de Chiapas, Tuxtla Guti\u00e9rrez, 15 de abril, 2026.- El uso del t\u00e9rmino \u201cdesaparici\u00f3n por voluntad propia\u201d en casos de mujeres no localizadas fomenta la revictimizaci\u00f3n y refuerza estereotipos de g\u00e9nero, advirti\u00f3 la diputada local del Partido del Trabajo (PT), Katy Aguiar.<\/p>\n\n\n\n<p class=\"wp-block-paragraph\">En entrevista, la legisladora lament\u00f3 que en redes sociales se haya generado un debate en el que incluso se pide sancionar a mujeres que son reportadas como desaparecidas cuando posteriormente se conoce que su ausencia fue voluntaria.<\/p>\n\n\n\n<p class=\"wp-block-paragraph\">\u201cEs muy lamentable leer comentarios donde las personas piden sanciones para una joven en espec\u00edfico o para quienes desaparecen. Creo que detr\u00e1s de cada desaparici\u00f3n hay contextos que muchas veces en nuestro entorno propio no logramos ni vamos a lograr entender\u201d, se\u00f1al\u00f3.<\/p>\n\n\n\n<p class=\"wp-block-paragraph\">Aguiar explic\u00f3 que muchas de estas discusiones se alimentan de prejuicios que terminan culpando a las mujeres por su propia desaparici\u00f3n. Comentarios que aluden a supuestas relaciones sentimentales o decisiones personales, dijo, reproducen estereotipos que hist\u00f3ricamente han afectado a las mujeres.<\/p>\n\n\n\n<p class=\"wp-block-paragraph\">\u201cRegresamos a estos discursos de que las mujeres desaparecen porque se van con el novio, porque est\u00e1n poniendo el cuerno o porque andan de fiesta. Son estereotipos que terminan revictimizando a las mujeres que desaparecen bajo contextos que desconocemos y que no nos corresponde juzgar\u201d, expres\u00f3.<\/p>\n\n\n\n<p class=\"wp-block-paragraph\">La diputada consider\u00f3 que revelar detalles sobre si una desaparici\u00f3n fue voluntaria o no tambi\u00e9n puede ser problem\u00e1tico, pues detr\u00e1s de esos casos pueden existir situaciones de violencia u otras circunstancias personales que no necesariamente son visibles para la sociedad.<\/p>\n\n\n\n<p class=\"wp-block-paragraph\">En ese sentido, reconoci\u00f3 la labor de las autoridades encargadas de las investigaciones, al se\u00f1alar que lo importante es que se atiendan las denuncias y se logre la localizaci\u00f3n de las personas.<\/p>\n\n\n\n<p class=\"wp-block-paragraph\">Asimismo, destac\u00f3 que durante los \u00faltimos d\u00edas se registraron varios reportes de desaparici\u00f3n en el estado, de los cuales muchas personas fueron localizadas con vida, lo que calific\u00f3 como un resultado positivo del trabajo de b\u00fasqueda.<\/p>\n\n\n\n<p class=\"wp-block-paragraph\">Finalmente, la legisladora hizo un llamado a la ciudadan\u00eda a actuar con responsabilidad y empat\u00eda ante estos casos.<\/p>\n\n\n\n<p class=\"wp-block-paragraph\">\u201cLo m\u00e1s importante es agradecer que las mujeres aparezcan vivas, sanas y salvas. Las explicaciones no se las deben a la sociedad; esos asuntos corresponden a la familia y, en su caso, a las autoridades\u201d, concluy\u00f3.<\/p>\n","protected":false},"excerpt":{"rendered":"<p>Karla Garc\u00eda SemM\u00e9xico\/ Diario de Chiapas, Tuxtla Guti\u00e9rrez, 15 de abril, 2026.- El uso del t\u00e9rmino \u201cdesaparici\u00f3n por voluntad propia\u201d en casos de mujeres no localizadas fomenta la revictimizaci\u00f3n y refuerza estereotipos de g\u00e9nero, advirti\u00f3 la diputada local del Partido del Trabajo (PT), Katy Aguiar. En entrevista, la legisladora lament\u00f3 que en redes sociales se [&hellip;]<\/p>\n","protected":false},"author":3,"featured_media":104607,"comment_status":"open","ping_status":"open","sticky":false,"template":"","format":"standard","meta":{"_monsterinsights_skip_tracking":false,"footnotes":""},"categories":[700],"tags":[],"class_list":["post-104606","post","type-post","status-publish","format-standard","has-post-thumbnail","category-estados"],"_links":{"self":[{"href":"https:\/\/redsemlac.com\/semmexico\/wp-json\/wp\/v2\/posts\/104606","targetHints":{"allow":["GET"]}}],"collection":[{"href":"https:\/\/redsemlac.com\/semmexico\/wp-json\/wp\/v2\/posts"}],"about":[{"href":"https:\/\/redsemlac.com\/semmexico\/wp-json\/wp\/v2\/types\/post"}],"author":[{"embeddable":true,"href":"https:\/\/redsemlac.com\/semmexico\/wp-json\/wp\/v2\/users\/3"}],"replies":[{"embeddable":true,"href":"https:\/\/redsemlac.com\/semmexico\/wp-json\/wp\/v2\/comments?post=104606"}],"version-history":[{"count":0,"href":"https:\/\/redsemlac.com\/semmexico\/wp-json\/wp\/v2\/posts\/104606\/revisions"}],"wp:featuredmedia":[{"embeddable":true,"href":"https:\/\/redsemlac.com\/semmexico\/wp-json\/wp\/v2\/media\/104607"}],"wp:attachment":[{"href":"https:\/\/redsemlac.com\/semmexico\/wp-json\/wp\/v2\/media?parent=104606"}],"wp:term":[{"taxonomy":"category","embeddable":true,"href":"https:\/\/redsemlac.com\/semmexico\/wp-json\/wp\/v2\/categories?post=104606"},{"taxonomy":"post_tag","embeddable":true,"href":"https:\/\/redsemlac.com\/semmexico\/wp-json\/wp\/v2\/tags?post=104606"}],"curies":[{"name":"wp","href":"https:\/\/api.w.org\/{rel}","templated":true}]}}