{"id":104601,"date":"2026-04-15T11:38:10","date_gmt":"2026-04-15T17:38:10","guid":{"rendered":"https:\/\/redsemlac.com\/semmexico\/?p=104601"},"modified":"2026-04-15T11:38:11","modified_gmt":"2026-04-15T17:38:11","slug":"tras-la-puerta-del-poder-verde-inicia-en-san-luis-su-desprendimiento-electoral-de-morena","status":"publish","type":"post","link":"https:\/\/redsemlac.com\/semmexico\/tras-la-puerta-del-poder-verde-inicia-en-san-luis-su-desprendimiento-electoral-de-morena\/","title":{"rendered":"Tras la puerta del poder | Verde inicia en San Luis su desprendimiento electoral de Morena"},"content":{"rendered":"\n<p class=\"wp-block-paragraph\">Roberto Vizca\u00edno&nbsp;<\/p>\n\n\n\n<p class=\"wp-block-paragraph\">SemM\u00e9xico, 15 de abril, 2026.-La ruptura y fin de la alianza oficialista Morena, PT y Verde -advertida desde el rechazo al Plan B-, ocurri\u00f3 formalmente ayer con el lanzamiento de la senadora&nbsp;<strong>Ruth Gonz\u00e1lez Silva<\/strong>, como candidata del PVEM al gobierno de San Luis Potos\u00ed.<\/p>\n\n\n\n<p class=\"wp-block-paragraph\">Con el destape electoral de la esposa del gobernador potosino&nbsp;<strong>Ricardo Gallardo<\/strong>&nbsp;los dirigentes del Verde dieron el banderazo para el arranque de aspirantes propios a gubernaturas en al menos Nayarit, Nuevo Le\u00f3n, Colima y Tamaulipas, donde sus precandidatos tienen fuerza para alcanzar triunfos.<\/p>\n\n\n\n<p class=\"wp-block-paragraph\">Al se\u00f1alar a la senadora&nbsp;<strong>Gonz\u00e1lez Silva<\/strong>&nbsp;como su propuesta \u00fanica a la gubernatura de San Luis Potos\u00ed, la dirigente<strong>&nbsp;Karen Castrej\u00f3n<\/strong>, dej\u00f3 en claro que su partido no ir\u00e1 en coalici\u00f3n con Morena en ese estado en los comicios electorales del 2027.<\/p>\n\n\n\n<p class=\"wp-block-paragraph\">Ese lanzamiento supone que el Verde ir\u00e1 igual con candidatos propios a alcald\u00edas, diputaciones locales y las federales en esa entidad.<\/p>\n\n\n\n<p class=\"wp-block-paragraph\">Y como lo hiciera hace un par de meses antes el senador&nbsp;<strong>Manuel Velasco<\/strong>, ahora&nbsp;<strong>Castrej\u00f3n<\/strong>&nbsp;reiter\u00f3 que la virtual postulaci\u00f3n de la senadora&nbsp;<strong>Gonz\u00e1lez Silva<\/strong>&nbsp;es apenas uno de los estados donde su partido ir\u00e1 solo \u201cya que eso es lo que les ha pedido la gente\u201d.<\/p>\n\n\n\n<p class=\"wp-block-paragraph\">En los hechos el lanzamiento de antier de&nbsp;<strong>Karen Castrej\u00f3n<\/strong>&nbsp;es la reiteraci\u00f3n de una postulaci\u00f3n que hab\u00eda hecho el senador del Verde&nbsp;<strong>Manuel Velasco<\/strong>&nbsp;al recibir hace unas semanas en el pleno del Senado a la senadora Gonz\u00e1lez Silva con el grito de \u201cmi gobernadora\u201d.<\/p>\n\n\n\n<p class=\"wp-block-paragraph\"><strong>A partir de entonces&nbsp;Velasco&nbsp;ha dicho:<\/strong><\/p>\n\n\n\n<p class=\"wp-block-paragraph\">\u201cTenemos mujeres, hombres preparados, con energ\u00eda, con trabajo y, sobre todo, con pasi\u00f3n, pero, sobre todo, listos para ir solos, y esto es lo m\u00e1s importante, para competir en el pr\u00f3ximo proceso electoral (en 2027), y para ganar, que es lo que nos ha pedido la gente.<\/p>\n\n\n\n<p class=\"wp-block-paragraph\">\u201cY que eso es lo que viene para el Partido Verde en el proceso electoral que se avecina y en las elecciones del pr\u00f3ximo 2027, que ganaremos sin duda muchas m\u00e1s de las presidencias municipales que hoy tenemos.<\/p>\n\n\n\n<p class=\"wp-block-paragraph\">\u00abTenemos proyectos donde el Verde puede competir y ser competitivo&#8230; Si podemos coincidir vamos a tener alianza, y si no hay coincidencia, pues habr\u00e1 que ir solos.<\/p>\n\n\n\n<p class=\"wp-block-paragraph\">\u201cQue vamos nuevamente por la gubernatura aqu\u00ed en San Luis Potos\u00ed. Que vamos por algunas otras gobernaturas en otras de las circunscripciones, por supuesto, y que daremos a la gente lo que nos ha pedido, un partido fuerte, un partido joven\u201d, dijo.<\/p>\n\n\n\n<p class=\"wp-block-paragraph\"><strong>Karen Castrej\u00f3n<\/strong>&nbsp;por su parte afirm\u00f3 que en el Verde cuidar\u00e1n a sus candidatos y lo har\u00e1n con paridad de g\u00e9nero.<\/p>\n\n\n\n<p class=\"wp-block-paragraph\">\u201cUn partido que tiene en sus filas a grandes mujeres represent\u00e1ndonos en los congresos, en las diligencias estatales, en el trabajo que hacemos todos los d\u00edas para dar resultados tambi\u00e9n hacia los temas de g\u00e9nero, y que lo seguiremos haciendo con temas de paridad y que es lo que cuidaremos a nuestras candidaturas, que lo haremos tambi\u00e9n con un trabajo muy importante y cercano siempre a la ciudadan\u00eda\u201d, afirm\u00f3.<\/p>\n\n\n\n<p class=\"wp-block-paragraph\">Es, pues, el avance de una desbandada electoral en la alianza oficialista, que apunta a un reposicionamiento en el reparto del Poder, y el fin del dominio absoluto de Morena y la 4T en el pa\u00eds.<\/p>\n\n\n\n<p class=\"wp-block-paragraph\">&nbsp;<strong>SIGUE EN PIE EL VIAJE DE SHEINBAUM A BARCELONA<\/strong><\/p>\n\n\n\n<p class=\"wp-block-paragraph\">El pleno del Senado conoci\u00f3 ayer formalmente el aviso del viaje de la presidenta&nbsp;<strong>Claudia Sheinbaum<\/strong>&nbsp;que por 4 d\u00edas realizar\u00e1 este fin de semana a Barcelona, Espa\u00f1a, para participar en la \u00abIV Cumbre en Defensa de la Democracia\u00bb junto a&nbsp;<strong>Pedro S\u00e1nchez<\/strong>&nbsp;-presidente de Espa\u00f1a-,&nbsp;<strong>Luiz In\u00e1zio Lula da Silva<\/strong>&nbsp;-de Brasil-,&nbsp;<strong>Gustavo Petro<\/strong>&nbsp;-presidente de Colombia- y con&nbsp;<strong>Yamand\u00fa Orsi<\/strong>&nbsp;-de Uruguay-.<\/p>\n\n\n\n<p class=\"wp-block-paragraph\">El denominador com\u00fan entre todos ellos es su&nbsp;<strong>desacuerdo con las acciones y pronunciamientos del presidente de los EU Donald<\/strong>&nbsp;Trump.<\/p>\n\n\n\n<p class=\"wp-block-paragraph\">Una vez de regreso, se indic\u00f3, la mandataria enviar\u00e1 un informe con los principales resultados y acuerdos alcanzados, en los t\u00e9rminos del propio art\u00edculo 88 de la Constituci\u00f3n,<\/p>\n\n\n\n<p class=\"wp-block-paragraph\">En el documento que comparti\u00f3 la senadora en sus redes sociales, se especifica que una vez concluido el viaje de la Presidenta de la Rep\u00fablica se enviar\u00e1 un informe de los resultados y acuerdos alcanzados, de conformidad con lo dispuesto en el propio art\u00edculo 88 constitucional.<\/p>\n\n\n\n<p class=\"wp-block-paragraph\"><strong>MC PROPONE ACUERDO DE ACERCAMIENTO CON LA ONU<\/strong><\/p>\n\n\n\n<p class=\"wp-block-paragraph\">El coordinador de los senadores de MC,&nbsp;<strong>Clemente Casta\u00f1eda<\/strong>, propuso ayer al pleno del Senado convocar un encuentro del Senado de M\u00e9xico con el Comit\u00e9 contra la Desaparici\u00f3n Forzada, perteneciente a la ONU, a fin de analizar juntos la situaci\u00f3n de desapariciones en M\u00e9xico.<\/p>\n\n\n\n<p class=\"wp-block-paragraph\">Se dar\u00eda as\u00ed paso a conocer a plenitud, y poder responder al informe emitido el 2 de abril de 2026 que considera de suma gravedad el fen\u00f3meno de desapariciones forzadas en M\u00e9xico.<\/p>\n\n\n\n<p class=\"wp-block-paragraph\"><strong>Casta\u00f1eda<\/strong>&nbsp;indic\u00f3 que el Senado no puede ser omiso ante un se\u00f1alamiento internacional de esta magnitud y debe propiciar un espacio de di\u00e1logo serio, t\u00e9cnico y constructivo que permita revisar los alcances del informe, as\u00ed como fortalecer la cooperaci\u00f3n internacional en la materia.<\/p>\n\n\n\n<p class=\"wp-block-paragraph\">\u201cEl objetivo no es confrontar, sino entender la dimensi\u00f3n del problema y construir soluciones. M\u00e9xico necesita abrirse al escrutinio internacional y, sobre todo, garantizar verdad, justicia y reparaci\u00f3n para las v\u00edctimas\u201d, se\u00f1al\u00f3.<\/p>\n\n\n\n<p class=\"wp-block-paragraph\">Twitter: @_Vizcaino \/ Facebook<\/p>\n\n\n\n<p class=\"wp-block-paragraph\">\/&nbsp;<a href=\"https:\/\/www.facebook.com\/rvizcainoa\">https:\/\/www.facebook.com\/rvizcainoa<\/a><\/p>\n","protected":false},"excerpt":{"rendered":"<p>Roberto Vizca\u00edno&nbsp; SemM\u00e9xico, 15 de abril, 2026.-La ruptura y fin de la alianza oficialista Morena, PT y Verde -advertida desde el rechazo al Plan B-, ocurri\u00f3 formalmente ayer con el lanzamiento de la senadora&nbsp;Ruth Gonz\u00e1lez Silva, como candidata del PVEM al gobierno de San Luis Potos\u00ed. Con el destape electoral de la esposa del gobernador [&hellip;]<\/p>\n","protected":false},"author":3,"featured_media":39589,"comment_status":"open","ping_status":"open","sticky":false,"template":"","format":"standard","meta":{"_monsterinsights_skip_tracking":false,"footnotes":""},"categories":[35,623],"tags":[],"class_list":["post-104601","post","type-post","status-publish","format-standard","has-post-thumbnail","category-opinion","category-roberto-vizcaino"],"_links":{"self":[{"href":"https:\/\/redsemlac.com\/semmexico\/wp-json\/wp\/v2\/posts\/104601","targetHints":{"allow":["GET"]}}],"collection":[{"href":"https:\/\/redsemlac.com\/semmexico\/wp-json\/wp\/v2\/posts"}],"about":[{"href":"https:\/\/redsemlac.com\/semmexico\/wp-json\/wp\/v2\/types\/post"}],"author":[{"embeddable":true,"href":"https:\/\/redsemlac.com\/semmexico\/wp-json\/wp\/v2\/users\/3"}],"replies":[{"embeddable":true,"href":"https:\/\/redsemlac.com\/semmexico\/wp-json\/wp\/v2\/comments?post=104601"}],"version-history":[{"count":0,"href":"https:\/\/redsemlac.com\/semmexico\/wp-json\/wp\/v2\/posts\/104601\/revisions"}],"wp:featuredmedia":[{"embeddable":true,"href":"https:\/\/redsemlac.com\/semmexico\/wp-json\/wp\/v2\/media\/39589"}],"wp:attachment":[{"href":"https:\/\/redsemlac.com\/semmexico\/wp-json\/wp\/v2\/media?parent=104601"}],"wp:term":[{"taxonomy":"category","embeddable":true,"href":"https:\/\/redsemlac.com\/semmexico\/wp-json\/wp\/v2\/categories?post=104601"},{"taxonomy":"post_tag","embeddable":true,"href":"https:\/\/redsemlac.com\/semmexico\/wp-json\/wp\/v2\/tags?post=104601"}],"curies":[{"name":"wp","href":"https:\/\/api.w.org\/{rel}","templated":true}]}}