{"id":104588,"date":"2026-04-15T11:27:11","date_gmt":"2026-04-15T17:27:11","guid":{"rendered":"https:\/\/redsemlac.com\/semmexico\/?p=104588"},"modified":"2026-04-15T11:27:12","modified_gmt":"2026-04-15T17:27:12","slug":"las-mujeres-en-los-medios-periodisticos-mexico-en-el-gmmp-2025","status":"publish","type":"post","link":"https:\/\/redsemlac.com\/semmexico\/las-mujeres-en-los-medios-periodisticos-mexico-en-el-gmmp-2025\/","title":{"rendered":"Las mujeres en los medios period\u00edsticos: M\u00e9xico en el GMMP 2025"},"content":{"rendered":"\n<p class=\"wp-block-paragraph\"><strong>El \u00fanico tema en el que las mujeres aparecen en m\u00e1s del 60% de las notas es la violencia de g\u00e9nero<\/strong><\/p>\n\n\n\n<p class=\"wp-block-paragraph\"><a href=\"https:\/\/www.binoticias.com\/opinador\/dorismilda-flores-marquez\"><strong>Dorismilda Flores-M\u00e1rquez<\/strong><\/a><\/p>\n\n\n\n<p class=\"wp-block-paragraph\">12 de abril de 2026<\/p>\n\n\n\n<p class=\"wp-block-paragraph\">Para cerrar la trilog\u00eda de comentarios sobre el Global Media Monitoring Project \/ Proyecto de Monitoreo Mundial de Medios 2025, hoy me enfocar\u00e9 en los resultados correspondientes a M\u00e9xico. Como les contaba en los dos domingos m\u00e1s recientes, lo que hacen es, cada cinco a\u00f1os, recuperar y comparar las noticias de un d\u00eda que, en este caso, fue el 6 de mayo de 2025. El proyecto global estuvo a cargo de WACC, la parte de Latinoam\u00e9rica estuvo a cargo de CIMAC, mientras la parte de M\u00e9xico fue co-coordinada por Etius, el Observatorio de Medios del ITESO, con el apoyo de ROM-CONEICC, la Red de Observatorios de Medios del Consejo Nacional para la Ense\u00f1anza y la Investigaci\u00f3n en Ciencias de la Comunicaci\u00f3n.<\/p>\n\n\n\n<p class=\"wp-block-paragraph\">Para el caso de M\u00e9xico, se analizaron 966 notas period\u00edsticas publicadas en 33 espacios informativos, entre peri\u00f3dicos, noticieros de radio y televisi\u00f3n, as\u00ed como portales de internet.<\/p>\n\n\n\n<p class=\"wp-block-paragraph\">En M\u00e9xico, el tema con mayor espacio medi\u00e1tico fue la violencia, con el 26% del total de las notas. Sin embargo, la violencia de g\u00e9nero apenas alcanza el 1% de las notas, pese a la gravedad del tema.<\/p>\n\n\n\n<p class=\"wp-block-paragraph\">Las mujeres aparecen en el 32% de las noticias, exactamente igual que en el informe de 2020. Sin embargo, m\u00e1s all\u00e1 de la cantidad, importa c\u00f3mo. El \u00fanico tema en el que las mujeres aparecen en m\u00e1s del 60% de las notas es la violencia de g\u00e9nero. El tema en el que menos aparecen es el deporte. En cuanto a participaci\u00f3n, las mujeres son consultadas como opini\u00f3n popular en el 52% de las notas, o como voceras en el 42%, pero como expertas en el 34% y como sujetas en el 28%. Como se\u00f1ala el informe:<\/p>\n\n\n\n<p class=\"wp-block-paragraph\">En temas pol\u00edticos las mujeres no aportan su experiencia personal ni son referidas como testigas de los hechos. En la fuente de econom\u00eda, ninguna mujer es consultada como experta. En los temas de salud y en la fuente deportiva, no figuran mujeres como fuentes de informaci\u00f3n. En los temas sociales, las mujeres no son voceras (p. 31).<\/p>\n\n\n\n<p class=\"wp-block-paragraph\">Por otro lado, en cuanto a la presencia de mujeres periodistas, se mantiene el 46% que se hab\u00eda alcanzado desde 2020. Su trabajo abona a la representaci\u00f3n de otras mujeres y grupos racializados, as\u00ed como a la incorporaci\u00f3n de temas clave, como la violencia de g\u00e9nero. Esto coincide con los resultados globales y latinoamericanos.<\/p>\n\n\n\n<p class=\"wp-block-paragraph\">Contando con los resultados en esos tres niveles, cuyos enlaces les comparto al final del texto, vale la pena reflexionar sobre por qu\u00e9 es importante que se equilibren las cosas en los medios. De entrada, no es un asunto s\u00f3lo de n\u00fameros, sino de representaci\u00f3n. Si las mujeres somos alrededor del 50% de la poblaci\u00f3n y la tendencia, sobre todo con medidas afirmativas, es que ocupemos m\u00e1s espacios en las legislaturas, los gobiernos, los \u00f3rganos judiciales, la empresa y m\u00e1s, lo l\u00f3gico ser\u00eda que en una proporci\u00f3n similar hubiera mujeres en los titulares, pero no ocurre as\u00ed, m\u00e1s bien se sigue dando prioridad a lo que digan y hagan los hombres. Es cultural.<\/p>\n\n\n\n<p class=\"wp-block-paragraph\">La cobertura de los temas, las acciones y la participaci\u00f3n de las mujeres es importante para reconocer las aportaciones en vez de mantener los estereotipos que nos silenciar e invisibilizan. Adem\u00e1s, se ha comprobado que la presencia de mujeres periodistas contribuye a un periodismo m\u00e1s plural.<\/p>\n\n\n\n<p class=\"wp-block-paragraph\">Finalmente, recordemos que esta iniciativa de monitoreo est\u00e1 ligada a la Declaraci\u00f3n y Plataforma de Acci\u00f3n de Beijing de la Organizaci\u00f3n de las Naciones Unidas, que busca promover los derechos de las mujeres y que una de sus premisas ha sido que se requiere de la participaci\u00f3n plena de las mujeres, en condiciones de igualdad, en todas las esferas de la sociedad, lo cual incluye los espacios de toma de decisiones.<\/p>\n\n\n\n<p class=\"wp-block-paragraph\">Global Media Monitoring Project 2025 \u2013 M\u00e9xico<\/p>\n\n\n\n<figure class=\"wp-block-embed is-type-wp-embed is-provider-cimac-org wp-block-embed-cimac-org\"><div class=\"wp-block-embed__wrapper\">\n<blockquote class=\"wp-embedded-content\" data-secret=\"Wk8KiKmqBH\"><a href=\"https:\/\/cimac.org.mx\/2026\/02\/05\/gmmp-2025-mexico\/\">GMMP 2025 M\u00e9xico<\/a><\/blockquote><iframe loading=\"lazy\" class=\"wp-embedded-content\" sandbox=\"allow-scripts\" security=\"restricted\" style=\"position: absolute; visibility: hidden;\" title=\"&#8220;GMMP 2025 M\u00e9xico&#8221; &#8212; CIMAC ORG\" src=\"https:\/\/cimac.org.mx\/2026\/02\/05\/gmmp-2025-mexico\/embed\/#?secret=h2fQZYK6gi#?secret=Wk8KiKmqBH\" data-secret=\"Wk8KiKmqBH\" width=\"600\" height=\"338\" frameborder=\"0\" marginwidth=\"0\" marginheight=\"0\" scrolling=\"no\"><\/iframe>\n<\/div><\/figure>\n\n\n\n<p class=\"wp-block-paragraph\">Global Media Monitoring Project 2025 \u2013 Am\u00e9rica Latina<\/p>\n\n\n\n<figure class=\"wp-block-embed is-type-wp-embed is-provider-cimac-org wp-block-embed-cimac-org\"><div class=\"wp-block-embed__wrapper\">\n<blockquote class=\"wp-embedded-content\" data-secret=\"UiM5YhAMZw\"><a href=\"https:\/\/cimac.org.mx\/2026\/02\/06\/gmmp-2025-america-latina\/\">GMMP 2025 Am\u00e9rica Latina<\/a><\/blockquote><iframe loading=\"lazy\" class=\"wp-embedded-content\" sandbox=\"allow-scripts\" security=\"restricted\" style=\"position: absolute; visibility: hidden;\" title=\"&#8220;GMMP 2025 Am\u00e9rica Latina&#8221; &#8212; CIMAC ORG\" src=\"https:\/\/cimac.org.mx\/2026\/02\/06\/gmmp-2025-america-latina\/embed\/#?secret=PVRsBbFmye#?secret=UiM5YhAMZw\" data-secret=\"UiM5YhAMZw\" width=\"600\" height=\"338\" frameborder=\"0\" marginwidth=\"0\" marginheight=\"0\" scrolling=\"no\"><\/iframe>\n<\/div><\/figure>\n\n\n\n<p class=\"wp-block-paragraph\">Global Media Monitoring Project 2025<\/p>\n\n\n\n<figure class=\"wp-block-embed is-type-wp-embed is-provider-who-makes-the-news wp-block-embed-who-makes-the-news\"><div class=\"wp-block-embed__wrapper\">\n<blockquote class=\"wp-embedded-content\" data-secret=\"FJvkcLiLKq\"><a href=\"https:\/\/whomakesthenews.org\/gmmp-2025-final-reports\/\">GMMP 2025 Final Reports<\/a><\/blockquote><iframe loading=\"lazy\" class=\"wp-embedded-content\" sandbox=\"allow-scripts\" security=\"restricted\" style=\"position: absolute; visibility: hidden;\" title=\"&#8220;GMMP 2025 Final Reports&#8221; &#8212; Who Makes the News\" src=\"https:\/\/whomakesthenews.org\/gmmp-2025-final-reports\/embed\/#?secret=GwMPRrOOmt#?secret=FJvkcLiLKq\" data-secret=\"FJvkcLiLKq\" width=\"600\" height=\"338\" frameborder=\"0\" marginwidth=\"0\" marginheight=\"0\" scrolling=\"no\"><\/iframe>\n<\/div><\/figure>\n\n\n\n<p class=\"wp-block-paragraph\">&#8211;<\/p>\n\n\n\n<p class=\"wp-block-paragraph\"><strong>Las ideas aqu\u00ed expresadas pertenecen solo a su autor, binoticias.com las incluye en apoyo a la libertad de expresi\u00f3n.<\/strong><\/p>\n\n\n\n<p class=\"wp-block-paragraph\"><strong>Temas<\/strong><\/p>\n","protected":false},"excerpt":{"rendered":"<p>El \u00fanico tema en el que las mujeres aparecen en m\u00e1s del 60% de las notas es la violencia de g\u00e9nero Dorismilda Flores-M\u00e1rquez 12 de abril de 2026 Para cerrar la trilog\u00eda de comentarios sobre el Global Media Monitoring Project \/ Proyecto de Monitoreo Mundial de Medios 2025, hoy me enfocar\u00e9 en los resultados correspondientes [&hellip;]<\/p>\n","protected":false},"author":3,"featured_media":104589,"comment_status":"open","ping_status":"open","sticky":false,"template":"","format":"standard","meta":{"_monsterinsights_skip_tracking":false,"footnotes":""},"categories":[748],"tags":[],"class_list":["post-104588","post","type-post","status-publish","format-standard","has-post-thumbnail","category-cultura-feminista"],"_links":{"self":[{"href":"https:\/\/redsemlac.com\/semmexico\/wp-json\/wp\/v2\/posts\/104588","targetHints":{"allow":["GET"]}}],"collection":[{"href":"https:\/\/redsemlac.com\/semmexico\/wp-json\/wp\/v2\/posts"}],"about":[{"href":"https:\/\/redsemlac.com\/semmexico\/wp-json\/wp\/v2\/types\/post"}],"author":[{"embeddable":true,"href":"https:\/\/redsemlac.com\/semmexico\/wp-json\/wp\/v2\/users\/3"}],"replies":[{"embeddable":true,"href":"https:\/\/redsemlac.com\/semmexico\/wp-json\/wp\/v2\/comments?post=104588"}],"version-history":[{"count":0,"href":"https:\/\/redsemlac.com\/semmexico\/wp-json\/wp\/v2\/posts\/104588\/revisions"}],"wp:featuredmedia":[{"embeddable":true,"href":"https:\/\/redsemlac.com\/semmexico\/wp-json\/wp\/v2\/media\/104589"}],"wp:attachment":[{"href":"https:\/\/redsemlac.com\/semmexico\/wp-json\/wp\/v2\/media?parent=104588"}],"wp:term":[{"taxonomy":"category","embeddable":true,"href":"https:\/\/redsemlac.com\/semmexico\/wp-json\/wp\/v2\/categories?post=104588"},{"taxonomy":"post_tag","embeddable":true,"href":"https:\/\/redsemlac.com\/semmexico\/wp-json\/wp\/v2\/tags?post=104588"}],"curies":[{"name":"wp","href":"https:\/\/api.w.org\/{rel}","templated":true}]}}