{"id":104492,"date":"2026-04-10T15:13:56","date_gmt":"2026-04-10T21:13:56","guid":{"rendered":"https:\/\/redsemlac.com\/semmexico\/?p=104492"},"modified":"2026-04-10T15:13:57","modified_gmt":"2026-04-10T21:13:57","slug":"lanzan-campana-proteger-la-dignidad-en-oaxaca","status":"publish","type":"post","link":"https:\/\/redsemlac.com\/semmexico\/lanzan-campana-proteger-la-dignidad-en-oaxaca\/","title":{"rendered":"Lanzan campa\u00f1a Proteger la Dignidad en Oaxaca"},"content":{"rendered":"\n<ul class=\"wp-block-list\">\n<li>Es la segunda entidad con mayor n\u00famero de personas defensoras y periodistas con medidas de protecci\u00f3n federal<\/li>\n<\/ul>\n\n\n\n<ul class=\"wp-block-list\">\n<li>#DefenderLaDignidad busca visibilizar la labor y retos en la protecci\u00f3n<\/li>\n<\/ul>\n\n\n\n<p class=\"wp-block-paragraph\">Lorena Vaniezcot<\/p>\n\n\n\n<p class=\"wp-block-paragraph\">SemM\u00e9xico, Oaxaca, 10 de abril, 2026.- Oaxaca es la segunda entidad del pa\u00eds \u2014despu\u00e9s de la Ciudad de M\u00e9xico\u2014 con mayor n\u00famero de personas defensoras y periodistas que cuentan con medidas de protecci\u00f3n a nivel federal, derivado de su situaci\u00f3n de riesgo y al mismo est\u00e1 en la congeladora la armonizaci\u00f3n legislativa, se\u00f1alaron defensores en la presentaci\u00f3n de la campa\u00f1a Proteger la Dignidad.<\/p>\n\n\n\n<p class=\"wp-block-paragraph\">La defensora Yesica S\u00e1nchez, co-directora de Consorcio Oaxaca, enfatiz\u00f3 la necesidad de avanzar en la armonizaci\u00f3n legislativa y el fortalecimiento de pol\u00edticas p\u00fablicas estatales para prevenir, atender y sancionar las agresiones.&nbsp;<\/p>\n\n\n\n<p class=\"wp-block-paragraph\">Record\u00f3 que, desde agosto de 2025, 40 organizaciones de la sociedad civil presentaron ante la LXV legislatura un paquete de reformas en favor del derecho a defender derechos humanos, el cual contin\u00faa \u201ccongelada\u201d o pendiente su aprobaci\u00f3n en el Congreso local.&nbsp;<\/p>\n\n\n\n<p class=\"wp-block-paragraph\">En la presentaci\u00f3n, Marcos Leyva de Educa, indic\u00f3 que en Oaxaca, durante el gobierno de Salom\u00f3n Jara Cruz han ocurrido 33 asesinatos de personas defensoras y enfatiz\u00f3 en los riesgos que enfrentan y que incluyen agresiones letales, criminalizaci\u00f3n, amenazas, hostigamiento y campa\u00f1as de desprestigio, muchas de ellas vinculadas a intereses pol\u00edticos y econ\u00f3micos sobre los territorios.&nbsp;<\/p>\n\n\n\n<figure class=\"wp-block-image size-large\"><a href=\"https:\/\/redsemlac.com\/semmexico\/wp-content\/uploads\/2026\/04\/proteger-la-dignidad-1.jpeg\"><img loading=\"lazy\" decoding=\"async\" width=\"1024\" height=\"682\" src=\"https:\/\/redsemlac.com\/semmexico\/wp-content\/uploads\/2026\/04\/proteger-la-dignidad-1-1024x682.jpeg\" alt=\"\" class=\"wp-image-104494\" srcset=\"https:\/\/redsemlac.com\/semmexico\/wp-content\/uploads\/2026\/04\/proteger-la-dignidad-1-1024x682.jpeg 1024w, https:\/\/redsemlac.com\/semmexico\/wp-content\/uploads\/2026\/04\/proteger-la-dignidad-1-300x200.jpeg 300w, https:\/\/redsemlac.com\/semmexico\/wp-content\/uploads\/2026\/04\/proteger-la-dignidad-1-768x512.jpeg 768w, https:\/\/redsemlac.com\/semmexico\/wp-content\/uploads\/2026\/04\/proteger-la-dignidad-1-150x100.jpeg 150w, https:\/\/redsemlac.com\/semmexico\/wp-content\/uploads\/2026\/04\/proteger-la-dignidad-1-696x464.jpeg 696w, https:\/\/redsemlac.com\/semmexico\/wp-content\/uploads\/2026\/04\/proteger-la-dignidad-1-1068x712.jpeg 1068w, https:\/\/redsemlac.com\/semmexico\/wp-content\/uploads\/2026\/04\/proteger-la-dignidad-1.jpeg 1280w\" sizes=\"auto, (max-width: 1024px) 100vw, 1024px\" \/><\/a><\/figure>\n\n\n\n<p class=\"wp-block-paragraph\">Dijo que en la entidad opera la deslegitimaci\u00f3n de las personas defensoras y periodistas y asegur\u00f3 que en Oaxaca hay una triada de la violencia formada por el Estado, el crimen organizado y las empresas.&nbsp;<\/p>\n\n\n\n<p class=\"wp-block-paragraph\">Desde la experiencia comunitaria, Eva Lucero, de la Uni\u00f3n C\u00edvica y Democr\u00e1tica de Barrios, Colonias y Comunidades (UCIDEBACC), comparti\u00f3 los riesgos y agresiones que han enfrentado en la defensa del territorio, as\u00ed como la importancia de fortalecer redes comunitarias de protecci\u00f3n. Subray\u00f3 el valor de la campa\u00f1a para visibilizar estas luchas.&nbsp;<\/p>\n\n\n\n<p class=\"wp-block-paragraph\">En la misma l\u00ednea, Juan Jos\u00e9 Consejo, del Foro Oaxaque\u00f1o del Agua, se\u00f1al\u00f3 los obst\u00e1culos persistentes a nivel local, nacional y global, as\u00ed como la insuficiente respuesta de las autoridades, haciendo un llamado a la sociedad a acuerpar la labor de defensa. \u201cEs un proceso donde la sociedad debe sacudirse y nos debemos conmover juntos\u201d.<\/p>\n\n\n\n<p class=\"wp-block-paragraph\">En el \u00e1mbito period\u00edstico, Soledad Jarqu\u00edn destac\u00f3 los riesgos diferenciados que enfrentan las mujeres periodistas, as\u00ed como los desaf\u00edos para garantizar una comunicaci\u00f3n libre, plural y sin censura. Se\u00f1al\u00f3 la persistencia de actos de hostigamiento, presiones de actores pol\u00edticos y empresariales, y la precarizaci\u00f3n de la labor period\u00edstica, haciendo un llamado enf\u00e1tico a respaldar el trabajo de quienes ejercen el periodismo.&nbsp;<\/p>\n\n\n\n<p class=\"wp-block-paragraph\">La presentaci\u00f3n fue organizada por Consorcio Oaxaca y el Espacio de Organizaciones de la Sociedad Civil para la Protecci\u00f3n de Personas Defensoras de Derechos Humanos y Periodistas (Espacio OSC), con el apoyo de la Embajada de Francia en M\u00e9xico, la agencia de cooperaci\u00f3n alemana Pan para el Mundo, y el Instituto de Artes Gr\u00e1ficas de Oaxaca, sede del encuentro.&nbsp;<\/p>\n\n\n\n<p class=\"wp-block-paragraph\">Mario Cardozo, en representaci\u00f3n del Espacio OSC, present\u00f3 el enfoque de la campa\u00f1a y sus principales herramientas, entre ellas p\u00f3sters, c\u00e1psulas de audio, recomendaciones y un mapa interactivo sobre marcos normativos de protecci\u00f3n.&nbsp;<\/p>\n\n\n\n<p class=\"wp-block-paragraph\">Se\u00f1al\u00f3 que la campa\u00f1a busca colocar en el centro a las personas defensoras y periodistas \u2014y no \u00fanicamente los riesgos que enfrentan\u2014, promoviendo una visi\u00f3n integral basada en el reconocimiento, el bienestar y el ejercicio pleno de derechos.&nbsp;<\/p>\n\n\n\n<figure class=\"wp-block-image size-large\"><a href=\"https:\/\/redsemlac.com\/semmexico\/wp-content\/uploads\/2026\/04\/proteger-la-dignidad-2.jpeg\"><img loading=\"lazy\" decoding=\"async\" width=\"1024\" height=\"682\" src=\"https:\/\/redsemlac.com\/semmexico\/wp-content\/uploads\/2026\/04\/proteger-la-dignidad-2-1024x682.jpeg\" alt=\"\" class=\"wp-image-104495\" srcset=\"https:\/\/redsemlac.com\/semmexico\/wp-content\/uploads\/2026\/04\/proteger-la-dignidad-2-1024x682.jpeg 1024w, https:\/\/redsemlac.com\/semmexico\/wp-content\/uploads\/2026\/04\/proteger-la-dignidad-2-300x200.jpeg 300w, https:\/\/redsemlac.com\/semmexico\/wp-content\/uploads\/2026\/04\/proteger-la-dignidad-2-768x512.jpeg 768w, https:\/\/redsemlac.com\/semmexico\/wp-content\/uploads\/2026\/04\/proteger-la-dignidad-2-150x100.jpeg 150w, https:\/\/redsemlac.com\/semmexico\/wp-content\/uploads\/2026\/04\/proteger-la-dignidad-2-696x464.jpeg 696w, https:\/\/redsemlac.com\/semmexico\/wp-content\/uploads\/2026\/04\/proteger-la-dignidad-2-1068x712.jpeg 1068w, https:\/\/redsemlac.com\/semmexico\/wp-content\/uploads\/2026\/04\/proteger-la-dignidad-2.jpeg 1280w\" sizes=\"auto, (max-width: 1024px) 100vw, 1024px\" \/><\/a><\/figure>\n\n\n\n<p class=\"wp-block-paragraph\">Asimismo, enfatiz\u00f3 que la protecci\u00f3n no puede limitarse a una respuesta reactiva ante agresiones, sino que debe orientarse a generar condiciones dignas y sostenibles para la defensa de los derechos humanos y el ejercicio period\u00edstico. \u201cProteger la dignidad en contextos como el de Oaxaca no es una idea abstracta, sino una necesidad urgente\u201d, se\u00f1al\u00f3.&nbsp;<\/p>\n\n\n\n<p class=\"wp-block-paragraph\">La campa\u00f1a Proteger la Dignidad acompa\u00f1ada est\u00e1 de un micrositio orientado a visibilizar la labor de las personas defensoras de derechos humanos y periodistas, as\u00ed como los principales retos que enfrentan en materia de protecci\u00f3n.&nbsp;<\/p>\n\n\n\n<p class=\"wp-block-paragraph\">Durante la inauguraci\u00f3n, Elizabeth Mosqueda, co-directora de Consorcio Oaxaca, destac\u00f3 la hist\u00f3rica articulaci\u00f3n de organizaciones y comunidades en defensa de la vida, el territorio y el medio ambiente. Subray\u00f3 adem\u00e1s que Oaxaca es la segunda entidad del pa\u00eds con mayor n\u00famero de personas incorporadas al Mecanismo Federal de Protecci\u00f3n para Personas Defensoras de Derechos Humanos y Periodistas, lo que evidencia el alto nivel de riesgo que enfrentan quienes defienden derechos en el estado.&nbsp;<\/p>\n\n\n\n<p class=\"wp-block-paragraph\">En tanto, Finja Henke, quien moder\u00f3 el evento, subray\u00f3 la importancia de impulsar iniciativas de prevenci\u00f3n, sensibilizaci\u00f3n e informaci\u00f3n como #ProtegerLaDignidad, particularmente frente al incremento de discursos de odio y campa\u00f1as de desprestigio. Asimismo, reiter\u00f3 la obligaci\u00f3n del Estado de garantizar medidas efectivas de prevenci\u00f3n, protecci\u00f3n, investigaci\u00f3n y sanci\u00f3n.&nbsp;<\/p>\n\n\n\n<p class=\"wp-block-paragraph\">La campa\u00f1a \u201cProteger la Dignidad\u201d impulsa el fortalecimiento de las pol\u00edticas de protecci\u00f3n mediante herramientas accesibles, informaci\u00f3n clave y recomendaciones enfocadas en la prevenci\u00f3n y el reconocimiento de la labor de personas defensoras y periodistas. En un contexto de alto riesgo como Oaxaca, hoy m\u00e1s que nunca es urgente #ProtegerLaDignidad.&nbsp;<\/p>\n\n\n\n<p class=\"wp-block-paragraph\">SEM\/lv\/sj<\/p>\n","protected":false},"excerpt":{"rendered":"<p>Lorena Vaniezcot SemM\u00e9xico, Oaxaca, 10 de abril, 2026.- Oaxaca es la segunda entidad del pa\u00eds \u2014despu\u00e9s de la Ciudad de M\u00e9xico\u2014 con mayor n\u00famero de personas defensoras y periodistas que cuentan con medidas de protecci\u00f3n a nivel federal, derivado de su situaci\u00f3n de riesgo y al mismo est\u00e1 en la congeladora la armonizaci\u00f3n legislativa, se\u00f1alaron [&hellip;]<\/p>\n","protected":false},"author":3,"featured_media":104493,"comment_status":"open","ping_status":"open","sticky":false,"template":"","format":"standard","meta":{"_monsterinsights_skip_tracking":false,"footnotes":""},"categories":[55],"tags":[],"class_list":["post-104492","post","type-post","status-publish","format-standard","has-post-thumbnail","category-periodistas"],"_links":{"self":[{"href":"https:\/\/redsemlac.com\/semmexico\/wp-json\/wp\/v2\/posts\/104492","targetHints":{"allow":["GET"]}}],"collection":[{"href":"https:\/\/redsemlac.com\/semmexico\/wp-json\/wp\/v2\/posts"}],"about":[{"href":"https:\/\/redsemlac.com\/semmexico\/wp-json\/wp\/v2\/types\/post"}],"author":[{"embeddable":true,"href":"https:\/\/redsemlac.com\/semmexico\/wp-json\/wp\/v2\/users\/3"}],"replies":[{"embeddable":true,"href":"https:\/\/redsemlac.com\/semmexico\/wp-json\/wp\/v2\/comments?post=104492"}],"version-history":[{"count":0,"href":"https:\/\/redsemlac.com\/semmexico\/wp-json\/wp\/v2\/posts\/104492\/revisions"}],"wp:featuredmedia":[{"embeddable":true,"href":"https:\/\/redsemlac.com\/semmexico\/wp-json\/wp\/v2\/media\/104493"}],"wp:attachment":[{"href":"https:\/\/redsemlac.com\/semmexico\/wp-json\/wp\/v2\/media?parent=104492"}],"wp:term":[{"taxonomy":"category","embeddable":true,"href":"https:\/\/redsemlac.com\/semmexico\/wp-json\/wp\/v2\/categories?post=104492"},{"taxonomy":"post_tag","embeddable":true,"href":"https:\/\/redsemlac.com\/semmexico\/wp-json\/wp\/v2\/tags?post=104492"}],"curies":[{"name":"wp","href":"https:\/\/api.w.org\/{rel}","templated":true}]}}