{"id":10447,"date":"2019-08-02T21:29:42","date_gmt":"2019-08-02T21:29:42","guid":{"rendered":"https:\/\/redsemlac.com\/semmexico\/?p=10447"},"modified":"2023-07-21T14:51:56","modified_gmt":"2023-07-21T19:51:56","slug":"por-la-cuarta-4","status":"publish","type":"post","link":"https:\/\/redsemlac.com\/semmexico\/por-la-cuarta-4\/","title":{"rendered":"Por la Cuarta"},"content":{"rendered":"\n<h2 class=\"wp-block-heading\">Jubilarte del trabajo, no de la vida<\/h2>\n\n\n\n<p class=\"wp-block-paragraph\"><strong>Enriqueta Burelo Melgar<\/strong><\/p>\n\n\n\n<p class=\"wp-block-paragraph\">SemM\u00e9xico. 2 de Agosto 2019.- Hace unos a\u00f1os platicaba con una amigo sobre la jubilaci\u00f3n, el sabiamente me aconsejaba que si no ten\u00eda un proyecto de vida no me jubilara. En mi caso ni siquiera esper\u00e9 la jubilaci\u00f3n, me pension\u00e9, ten\u00eda ganas de hacer nuevas cosas, sent\u00eda que 17 a\u00f1os en el \u00faltimo trabajo que me permiti\u00f3 la pensi\u00f3n eran suficientes, ten\u00eda que dar paso a nuevas experiencias, y dado que ingres\u00e9 a la universidad, a una edad joven, pero no tanto, mi jubilaci\u00f3n se dar\u00eda a los 67 a\u00f1os de edad y yo sent\u00eda que si me esperaba este periodo de tiempo, saldr\u00eda con muletas o en silla de ruedas.<\/p>\n\n\n\n<p class=\"wp-block-paragraph\">Me hab\u00eda tocado compartir experiencias de compa\u00f1eras que a los pocos meses de jubiladas hab\u00edan fallecido, el caso de otra que ya no alcanz\u00f3 a disfrutar de su jubilaci\u00f3n por un problema del ri\u00f1\u00f3n, y hubo quien m\u00e1s muri\u00f3 trabajando, debido a que el trabajo era su vida, que si renunciaban a este, renunciaban a vivir.<\/p>\n\n\n\n<p class=\"wp-block-paragraph\">En ocasiones no s\u00e9 si fue la mejor decisi\u00f3n, pero cuando el d\u00eda me ofrece la oportunidad de levantarme tarde, quedarme leyendo en la cama, ver una pel\u00edcula o una serie, contestar mis mensajes con calma,&nbsp; reunirme a desayunar con amigas sin la presi\u00f3n del horario laboral, siento que tom\u00e9 la mejor decisi\u00f3n.<\/p>\n\n\n\n<p class=\"wp-block-paragraph\">El trabajo es parte importante de nuestra vida, es una espacio que nos permite desarrollarnos profesional y personalmente, nos permite hacer amigos y amigas, en ocasiones lo consideramos como nuestra segunda casa, sin embargo, tal vez no todas las personas coincidan conmigo, el trabajo no lo es todo, como seres humanos tenemos el derecho al descanso, a disfrutar de los peque\u00f1os placeres que la vida nos ofrece cotidianamente, estar con la familia, aprender nuevas cosas, cada edad tiene su raz\u00f3n de ser, y el tiempo de la jubilaci\u00f3n es disfrutar de s\u00ed misma y dar gracias porque nuestro trabajo nos permite jubilarnos o pensionarnos, cuantas personas no tienen derecho a ello y los ves trabajando hasta el \u00faltimo d\u00eda de su vida.<\/p>\n\n\n\n<p class=\"wp-block-paragraph\">Recuerdo como si fuera ayer que el encargado de las jubilaciones de la Direcci\u00f3n de Personal, me coment\u00f3 si gusta ya la puedo pensionar ya cumple usted con los requisitos, le coment\u00e9 que me diera un a\u00f1o m\u00e1s de chance para prep\u00e1rame emocionalmente, cuando se cumpli\u00f3 el termino me ofrecieron otro trabajo, por lo que realmente sent\u00ed las consecuencias de la pensi\u00f3n, tres a\u00f1os m\u00e1s tarde.<\/p>\n\n\n\n<p class=\"wp-block-paragraph\">No niego que extra\u00f1o en ocasiones mi trabajo, sin embargo, mi coraz\u00f3n me dice que hice lo correcto, gano menos, pero disfruto de la vida, no s\u00e9 si dentro de siete a\u00f1os, hubiera estado en las mismas condiciones f\u00edsicas o an\u00edmicas para disfrutar de mi descanso, mi mama dir\u00eda a la vejez viruelas, pero he tenido hasta romances, con mis arrugas, mis michelines, que manera tan elegante de llamar a las lonjas, mis rodillas que de repente repelan por cargar este cuerpecito, pero ah\u00ed estoy disfrutando y recobrando mi sensualidad, erotismo y &nbsp;joie de vivre como dicen los franceses.<\/p>\n\n\n\n<p class=\"wp-block-paragraph\">Se dice que nuestra autoestima puede sufrir leves o graves ca\u00eddas, sin embargo, gracias al amor propio, al feminismo, al trabajo conmigo misma, salgo a la calle y me siento una torera que cort\u00f3 rabo y oreja, y que el respetable le lanza sombreros, flores y le pide vuelta al ruedo.<\/p>\n\n\n\n<p class=\"wp-block-paragraph\">Si quisiera eliminar la pancita, las llantas, desaparecer esos brazos de boxeador, y me gustar\u00eda encontrar a un genio de la l\u00e1mpara, que en estos d\u00edas se disfraza de cirujano o cirujana pl\u00e1stica y que por arte de magia los haga desaparecer, en el gimnasio el entrenador me aconseja que asista todos los d\u00edas, una hora y media para tonificar mis brazos, pienso, hora y media que finalmente son dos horas y pico por el traslado, me impide escribir, tengo que salir de casa, es tiempo que puedo dedicar a la lectura o sumirme en la biograf\u00eda de Sim\u00f3n Bol\u00edvar y sentirme Manuela S\u00e1enz, &nbsp;\u2018la libertadora del libertador\u2019.<\/p>\n\n\n\n<p class=\"wp-block-paragraph\">Si me cuido m\u00e1s la cara, he comprado nuevas cremas y sueros de calidad, mientas adquiero en las tiendas chinas que han proliferado en Tuxtla, m\u00e1scaras para hidratar o nutrir la piel de la cara y como siempre hago varias cosas a la vez me pongo mi mascarilla que guardo en el refrigerador y al mismo tiempo descargo de la app, la meditaci\u00f3n que me toca ese d\u00eda y diez minutos despu\u00e9s me siento relajad\u00edsima y pa que soy buena.<\/p>\n\n\n\n<p class=\"wp-block-paragraph\">El tarot, mi plano astral, el mindfulnees, las amigas, las conquistas amorosas, los libros eternos amigos, la m\u00fasica, mis&nbsp; redes sociales, las nuevas luchas por los derechos de las mujeres, me hacen sentir m\u00e1s plena y decidida para enfrentarme como don Quijote a los molinos de viento, como Rosa Parks a sentarme donde se me pega la gana, a escribir redondillas como Sor Juana, y adentrarme en El intenso calor de la luna&nbsp;de Gioconda Belli, donde una mujer entrada en la madurez encuentra fortuitamente una nueva pasi\u00f3n.<\/p>\n\n\n\n<p class=\"wp-block-paragraph\">Disfruten su jubilaci\u00f3n\u2026..y que suba la temperatura.<\/p>\n","protected":false},"excerpt":{"rendered":"<p>Jubilarte del trabajo, no de la vida<\/p>\n","protected":false},"author":3,"featured_media":10448,"comment_status":"open","ping_status":"open","sticky":false,"template":"","format":"standard","meta":{"_monsterinsights_skip_tracking":false,"footnotes":""},"categories":[690,118,117],"tags":[],"class_list":["post-10447","post","type-post","status-publish","format-standard","has-post-thumbnail","category-690","category-enriqueta-burelo-melgar","category-por-la-cuarta"],"_links":{"self":[{"href":"https:\/\/redsemlac.com\/semmexico\/wp-json\/wp\/v2\/posts\/10447","targetHints":{"allow":["GET"]}}],"collection":[{"href":"https:\/\/redsemlac.com\/semmexico\/wp-json\/wp\/v2\/posts"}],"about":[{"href":"https:\/\/redsemlac.com\/semmexico\/wp-json\/wp\/v2\/types\/post"}],"author":[{"embeddable":true,"href":"https:\/\/redsemlac.com\/semmexico\/wp-json\/wp\/v2\/users\/3"}],"replies":[{"embeddable":true,"href":"https:\/\/redsemlac.com\/semmexico\/wp-json\/wp\/v2\/comments?post=10447"}],"version-history":[{"count":0,"href":"https:\/\/redsemlac.com\/semmexico\/wp-json\/wp\/v2\/posts\/10447\/revisions"}],"wp:featuredmedia":[{"embeddable":true,"href":"https:\/\/redsemlac.com\/semmexico\/wp-json\/wp\/v2\/media\/10448"}],"wp:attachment":[{"href":"https:\/\/redsemlac.com\/semmexico\/wp-json\/wp\/v2\/media?parent=10447"}],"wp:term":[{"taxonomy":"category","embeddable":true,"href":"https:\/\/redsemlac.com\/semmexico\/wp-json\/wp\/v2\/categories?post=10447"},{"taxonomy":"post_tag","embeddable":true,"href":"https:\/\/redsemlac.com\/semmexico\/wp-json\/wp\/v2\/tags?post=10447"}],"curies":[{"name":"wp","href":"https:\/\/api.w.org\/{rel}","templated":true}]}}